{"id":131177,"date":"2019-06-21T11:26:34","date_gmt":"2019-06-21T09:26:34","guid":{"rendered":"https:\/\/smago.de\/?p=131177"},"modified":"2019-06-21T11:30:48","modified_gmt":"2019-06-21T09:30:48","slug":"smago-informiert-kunden-in-der-warteschlange-wiso-doku-im-zdf","status":"publish","type":"post","link":"https:\/\/smago.de\/ws2\/smago-informiert\/smago-informiert-kunden-in-der-warteschlange-wiso-doku-im-zdf\/","title":{"rendered":"smago! INFORMIERT <br>Kunden in der Warteschlange: &#8222;WISO&#8220;-Doku im ZDF!"},"content":{"rendered":"<p>Deutschland = Entwicklungsland, was schnelles Internet betrifft?<br \/>\n<!--more--><\/p>\n<p>&nbsp;<\/p>\n<p style=\"text-align: justify;\">Bis 2018 sollten alle Haushalte mit schnellem Internet ausgestattet sein. Was ist aus diesem Versprechen, das Teil der &#8222;Digitalen Agenda&#8220; der Bundesregierung von 2014 ist, geworden? Die &#8222;WISO&#8220;-Dokumentation &#8222;Kunden in der Warteschleife \u2013 Die langen Leitungen von Telekom, Vodafone &amp; Co.&#8220; zieht am <b>Montag, 24. Juni 2019, um 19.25 Uhr <\/b>im ZDF Bilanz. Der Film von Jessica Martin und Oliver Koytek war vorab unter dem Titel &#8222;Funkloch und Schneckennetz \u2013 \u00c4rger mit Telekom, Vodafone &amp; Co.&#8220; bereits in ZDFinfo zu sehen und ist in der ZDFmediathek verf\u00fcgbar.<\/p>\n<p style=\"text-align: justify;\">Auch 2019 scheint Deutschland noch ein digitales Entwicklungsland zu sein: Funkl\u00f6cher allerorten, kaum eine Spur vom Internet mit 50 Megabit pro Sekunde. Schnelle Verbindungen braucht Unternehmer Thorsten Mensching aus Niedersachsen f\u00fcr seinen Fuhrpark aus Baumaschinen und Erntefahrzeugen, wie er in der Dokumentation erl\u00e4utert: damit die Maschinenf\u00fchrer auf dem Feld ihre anstehenden Auftr\u00e4ge und Arbeitsanweisungen direkt aufs Tablet herunterladen k\u00f6nnen.<\/p>\n<p style=\"text-align: justify;\">So \u00e4rgerlich langsames Internet ist \u2013 immer noch besser als gar kein Internet, beispielsweise ausgel\u00f6st durch einen Anbieterwechsel. J\u00f6rg L\u00f6hning aus Rheinberg berichtet in der Dokumentation stellvertretend f\u00fcr viele von einem bizarr anmutenden Gerangel um Kunden und Anschl\u00fcsse, von permanenten Terminverschiebungen und endlosen Warteschleifen in der Telefon-Hotline. Ein ehemaliger Callcenter-Mitarbeiter best\u00e4tigt L\u00f6hnings Aussagen: Es gehe im Callcenter nur um das Abarbeiten von Fallzahlen, nicht um das L\u00f6sen von Problemen.<\/p>\n<p style=\"text-align: justify;\">Der Film schildert auch, wie manche Gemeinden den Netzausbau selbst in die Hand genommen haben. Sven Weigt, B\u00fcrgermeister von Karlsdorf-Neuthard in Baden-W\u00fcrttemberg, hatte sich bei der Telekom und anderen Netzanbietern nach einem schnellen Breitbandausbau f\u00fcr seine kleine Gemeinde erkundigt, bekam dazu aber keine planbare Perspektive aufgezeigt. Deswegen war Eigeninitiative gefragt: Doch kaum waren die ersten Tiefbauarbeiten f\u00fcr ein gemeindeeigenes Glasfaserkabelnetz abgeschlossen, riss die Telekom die Stra\u00dfe wieder auf und verlegte ihre eigenen Rohre. Der Netzausbau der Gemeinde musste daraufhin gestoppt werden, weil die Refinanzierung der \u00f6ffentlichen Gelder durch die unerwartete Konkurrenz nicht mehr gesichert war.<\/p>\n<p style=\"text-align: justify;\">Die s\u00e4chsische Gemeinde Amtsberg baut ein Glasfasernetz in Eigenregie auf. Bisher war die Versorgung mit Internet mitten im Erzgebirge \u00e4u\u00dferst schlecht. Weder der \u00f6rtliche Netzbetreiber Telekom noch andere Unternehmen erkl\u00e4rten sich bereit, f\u00fcr nur 4000 Haushalte das Netz auszubauen \u2013 zu wenig lukrativ. Mit F\u00f6rdergeldern baute die Gemeinde ein eigenes Glasfasernetz aus, das im Besitz der Kommune bleibt und an die Telekommunikationsanbieter verpachtet wird.<\/p>\n","protected":false},"excerpt":{"rendered":"<p>Deutschland = Entwicklungsland, was schnelles Internet betrifft?<\/p>\n","protected":false},"author":2,"featured_media":131178,"comment_status":"open","ping_status":"closed","sticky":false,"template":"","format":"standard","meta":{"_FSMCFIC_featured_image_caption":"","_FSMCFIC_featured_image_nocaption":"","_FSMCFIC_featured_image_hide":""},"categories":[33],"tags":[60],"acf":[],"_links":{"self":[{"href":"https:\/\/smago.de\/ws2\/wp-json\/wp\/v2\/posts\/131177"}],"collection":[{"href":"https:\/\/smago.de\/ws2\/wp-json\/wp\/v2\/posts"}],"about":[{"href":"https:\/\/smago.de\/ws2\/wp-json\/wp\/v2\/types\/post"}],"author":[{"embeddable":true,"href":"https:\/\/smago.de\/ws2\/wp-json\/wp\/v2\/users\/2"}],"replies":[{"embeddable":true,"href":"https:\/\/smago.de\/ws2\/wp-json\/wp\/v2\/comments?post=131177"}],"version-history":[{"count":2,"href":"https:\/\/smago.de\/ws2\/wp-json\/wp\/v2\/posts\/131177\/revisions"}],"predecessor-version":[{"id":131180,"href":"https:\/\/smago.de\/ws2\/wp-json\/wp\/v2\/posts\/131177\/revisions\/131180"}],"wp:featuredmedia":[{"embeddable":true,"href":"https:\/\/smago.de\/ws2\/wp-json\/wp\/v2\/media\/131178"}],"wp:attachment":[{"href":"https:\/\/smago.de\/ws2\/wp-json\/wp\/v2\/media?parent=131177"}],"wp:term":[{"taxonomy":"category","embeddable":true,"href":"https:\/\/smago.de\/ws2\/wp-json\/wp\/v2\/categories?post=131177"},{"taxonomy":"post_tag","embeddable":true,"href":"https:\/\/smago.de\/ws2\/wp-json\/wp\/v2\/tags?post=131177"}],"curies":[{"name":"wp","href":"https:\/\/api.w.org\/{rel}","templated":true}]}}