{"id":130887,"date":"2019-06-15T00:00:21","date_gmt":"2019-06-14T22:00:21","guid":{"rendered":"https:\/\/smago.de\/?p=130887"},"modified":"2019-06-14T14:31:06","modified_gmt":"2019-06-14T12:31:06","slug":"dagmar-koller-krause-kommt-zu-dagmar-koller","status":"publish","type":"post","link":"https:\/\/smago.de\/ws2\/schlager\/dagmar-koller-krause-kommt-zu-dagmar-koller\/","title":{"rendered":"DAGMAR KOLLER <br>\u201eKrause kommt!\u201c zu Dagmar Koller!"},"content":{"rendered":"<p><strong>Pierre M. Krause quartiert sich eine Nacht bei Promis ein: Station bei Schauspiel- und Operetten-Legende Dagmar Koller in Portugal!<br \/>\n<\/strong><!--more--><\/p>\n<p>&nbsp;<\/p>\n<p>&nbsp;<\/p>\n<p style=\"text-align: justify;\">Pierre M. Krause zieht vom Schwarzwald los in die Welt der Promis \u2013 hinter den Kulissen! Wie leben die Stars, wenn die Kameras aus sind und der Alltag auch bei ihnen einkehrt? Der quirlige Moderator findet es in der SWR Reihe \u201eKrause kommt!\u201c heraus. Ist ein Leben in und mit der \u00d6ffentlichkeit wirklich so spannend und glamour\u00f6s wie man es sich vorstellt? Aufgepasst, liebe Promis, denn \u201eKrause kommt!\u201c In dieser Folge besucht er die Schauspiel- und Operetten-Legende Dagmar Koller in Albufeira\/Portugal. Zu sehen am Freitag, 19. Juli 2019 um 23:30 Uhr im SWR Fernsehen.<\/p>\n<p style=\"text-align: justify;\"><strong>\u00a0\u00a0<\/strong><\/p>\n<p>&nbsp;<\/p>\n<p>&nbsp;<\/p>\n<p style=\"text-align: justify;\"><strong>Geschichten eines Lebens im Rampenlicht<\/strong><\/p>\n<p style=\"text-align: justify;\">Moderator Pierre M. Krause besucht die Grand Dame des Schauspiels und der Operette, Dagmar Koller, in ihrer Villa in Portugal. Koller verbringt seit Jahren regelm\u00e4\u00dfig viel Zeit auf ihrem wundersch\u00f6nen Anwesen im S\u00fcden Europas. Dagmar Koller gew\u00e4hrt Pierre zwei Tage lang einen Einblick in ihr Leben vor und hinter der Kamera, erz\u00e4hlt von ihrer bewegten Zeit im Rampenlicht, sowohl als S\u00e4ngerin und Schauspielerin als auch als First Lady an der Seite Helmut Zinks, des ehemaligen B\u00fcrgermeisters Wiens. Sie nimmt den Moderator in ihrer roten Ente mit auf Erkundungstour entlang der Algarve-K\u00fcste und verr\u00e4t, warum sie Gin so liebt. Au\u00dferdem wie sie einst mit Prince Charles unterm Tisch verschwand und wie das Briefbomben-Attentat 1993, bei dem ihr verstorbener Mann die linke Hand verlor, ihr Leben ver\u00e4nderte. Was der Moderator au\u00dferdem schnell merkt: Auch im Alter hat sich Dagmar Koller ihre Vorliebe f\u00fcr \u201efesche M\u00e4nner\u201c und das Flirten bewahrt.<\/p>\n<p style=\"text-align: justify;\">\n<p>&nbsp;<\/p>\n<p style=\"text-align: justify;\"><strong>Vielseitiger Moderator\u00a0<\/strong><\/p>\n<p style=\"text-align: justify;\">\nPierre M. Krause geh\u00f6rte mehrere Jahre zum Team der \u201eHarald Schmidt Show\u201c. Er f\u00fchrt regelm\u00e4\u00dfig durch das \u201eSWR3 New Pop Festival\u201c in Baden-Baden und ist u. a. im Rateteam der SWR Quizshow \u201eSag die Wahrheit\u201c zu sehen sowie in der Reihe \u201eKrause kommt!\u201c. Seit mehr als zehn Jahren moderiert er die Show \u201eSWR3 latenight\u201c, die seit 2016 \u201eDie Pierre M. Krause Show \u2013 SWR3 Latenight\u201c hei\u00dft und u. a. f\u00fcr den Deutschen Fernsehpreis nominiert war. F\u00fcr die Sendung \u201eTV-Helden\u201c wurde ihm der Deutsche Fernsehpreis bereits verliehen. Zudem hat er das Buch \u201eHier kann man gut sitzen \u2013 Geschichten aus dem Schwarzwald\u201c verfasst.<\/p>\n<p style=\"text-align: justify;\"><strong>\u00a0<\/strong><\/p>\n<p style=\"text-align: justify;\"><strong>\u201eKrause kommt! <\/strong><strong>Dagmar Koller<\/strong><strong>\u201c, <\/strong>Freitag, 19. Juli, 23:30 Uhr, SWR Fernsehen<\/p>\n<p>&nbsp;<\/p>\n<figure id=\"attachment_130889\" aria-describedby=\"caption-attachment-130889\" style=\"width: 660px\" class=\"wp-caption alignnone\"><img decoding=\"async\" loading=\"lazy\" class=\"size-large wp-image-130889\" src=\"https:\/\/online.smago.de\/ws2\/wp-content\/uploads\/2019\/06\/2_Krause_kommt_Dagmar_Koller_web-676x1024.jpeg\" alt=\"\" width=\"660\" height=\"1000\" srcset=\"https:\/\/smago.de\/ws2\/wp-content\/uploads\/2019\/06\/2_Krause_kommt_Dagmar_Koller_web-676x1024.jpeg 676w, https:\/\/smago.de\/ws2\/wp-content\/uploads\/2019\/06\/2_Krause_kommt_Dagmar_Koller_web-99x150.jpeg 99w, https:\/\/smago.de\/ws2\/wp-content\/uploads\/2019\/06\/2_Krause_kommt_Dagmar_Koller_web-198x300.jpeg 198w, https:\/\/smago.de\/ws2\/wp-content\/uploads\/2019\/06\/2_Krause_kommt_Dagmar_Koller_web-768x1164.jpeg 768w, https:\/\/smago.de\/ws2\/wp-content\/uploads\/2019\/06\/2_Krause_kommt_Dagmar_Koller_web-345x522.jpeg 345w, https:\/\/smago.de\/ws2\/wp-content\/uploads\/2019\/06\/2_Krause_kommt_Dagmar_Koller_web-125x190.jpeg 125w, https:\/\/smago.de\/ws2\/wp-content\/uploads\/2019\/06\/2_Krause_kommt_Dagmar_Koller_web-191x290.jpeg 191w, https:\/\/smago.de\/ws2\/wp-content\/uploads\/2019\/06\/2_Krause_kommt_Dagmar_Koller_web-294x445.jpeg 294w, https:\/\/smago.de\/ws2\/wp-content\/uploads\/2019\/06\/2_Krause_kommt_Dagmar_Koller_web.jpeg 792w\" sizes=\"(max-width: 660px) 100vw, 660px\" \/><figcaption id=\"caption-attachment-130889\" class=\"wp-caption-text\">SWR \/ Encanto<\/figcaption><\/figure>\n<p style=\"text-align: justify;\">\n","protected":false},"excerpt":{"rendered":"<p>Pierre M. Krause quartiert sich eine Nacht bei Promis ein: Station bei Schauspiel- und Operetten-Legende Dagmar Koller in Portugal!<\/p>\n","protected":false},"author":2,"featured_media":130888,"comment_status":"open","ping_status":"closed","sticky":false,"template":"","format":"standard","meta":{"_FSMCFIC_featured_image_caption":"","_FSMCFIC_featured_image_nocaption":"","_FSMCFIC_featured_image_hide":""},"categories":[29,39,128],"tags":[124],"acf":[],"_links":{"self":[{"href":"https:\/\/smago.de\/ws2\/wp-json\/wp\/v2\/posts\/130887"}],"collection":[{"href":"https:\/\/smago.de\/ws2\/wp-json\/wp\/v2\/posts"}],"about":[{"href":"https:\/\/smago.de\/ws2\/wp-json\/wp\/v2\/types\/post"}],"author":[{"embeddable":true,"href":"https:\/\/smago.de\/ws2\/wp-json\/wp\/v2\/users\/2"}],"replies":[{"embeddable":true,"href":"https:\/\/smago.de\/ws2\/wp-json\/wp\/v2\/comments?post=130887"}],"version-history":[{"count":1,"href":"https:\/\/smago.de\/ws2\/wp-json\/wp\/v2\/posts\/130887\/revisions"}],"predecessor-version":[{"id":130890,"href":"https:\/\/smago.de\/ws2\/wp-json\/wp\/v2\/posts\/130887\/revisions\/130890"}],"wp:featuredmedia":[{"embeddable":true,"href":"https:\/\/smago.de\/ws2\/wp-json\/wp\/v2\/media\/130888"}],"wp:attachment":[{"href":"https:\/\/smago.de\/ws2\/wp-json\/wp\/v2\/media?parent=130887"}],"wp:term":[{"taxonomy":"category","embeddable":true,"href":"https:\/\/smago.de\/ws2\/wp-json\/wp\/v2\/categories?post=130887"},{"taxonomy":"post_tag","embeddable":true,"href":"https:\/\/smago.de\/ws2\/wp-json\/wp\/v2\/tags?post=130887"}],"curies":[{"name":"wp","href":"https:\/\/api.w.org\/{rel}","templated":true}]}}