{"id":130729,"date":"2019-06-13T13:23:06","date_gmt":"2019-06-13T11:23:06","guid":{"rendered":"https:\/\/smago.de\/?p=130729"},"modified":"2019-06-13T13:23:06","modified_gmt":"2019-06-13T11:23:06","slug":"smago-informiert-ndr-trauert-um-wilhelm-wieben","status":"publish","type":"post","link":"https:\/\/smago.de\/ws2\/smago-informiert\/smago-informiert-ndr-trauert-um-wilhelm-wieben\/","title":{"rendered":"smago! INFORMIERT <br>NDR trauert um Wilhelm Wieben!"},"content":{"rendered":"<p>Wieben war insgesamt 32 Jahre lang Sprecher der Tagesschau, Deutschlands erfolgreichster Fernseh-Nachrichtensendung!<br \/>\n<!--more--><\/p>\n<p>&nbsp;<\/p>\n<p style=\"text-align: justify;\">\n<p style=\"text-align: justify;\">Wilhelm Wieben ist tot. Der ehemalige Sprecher der \u201eTagesschau\u201c starb am 13. Juni im Alter von 84 Jahren in Hamburg. <strong>NDR Intendant Lutz Marmor<\/strong>: \u201eWilhelm Wieben hat \u00fcber Jahrzehnte die Tagesschau gepr\u00e4gt. Stets seri\u00f6s, kompetent und hoch professionell. Als Sprecher hat er Generationen begleitet. Wilhelm Wieben geh\u00f6rte zu den pr\u00e4genden deutschen Fernsehpers\u00f6nlichkeiten, immer freundlich, zugewandt und nah bei den Zuschauerinnen und Zuschauern. Dar\u00fcber hinaus beeindruckte Wilhelm Wieben u. a. durch Lesungen, als Moderator und Schauspieler \u2013 und durch seinen pers\u00f6nlichen Einsatz f\u00fcr hilfsbed\u00fcrftige Menschen. Wir werden ihn vermissen.\u201c<\/p>\n<p style=\"text-align: justify;\">Wieben war insgesamt 32 Jahre lang Sprecher der Tagesschau, Deutschlands erfolgreichster Fernseh-Nachrichtensendung. 1966 begann seine Mitarbeit bei ARD-aktuell in Hamburg: zun\u00e4chst im \u201eOff\u201c, ab 1972 im \u201eOn\u201c, also im Bild sichtbar. 1974 folgte der \u201eRitterschlag\u201c bei der Tagesschau &#8211; seine erste 20-Uhr-Ausgabe. 1998 verlie\u00df Wieben die Sendung auf eigenen Wunsch.<\/p>\n<p style=\"text-align: justify;\">Wilhelm Wieben nahm nach einer Verwaltungslehre von 1957 bis 1960 Schauspielunterricht an der Max-Reinhardt-Schule in Berlin. Im Anschluss daran kam der geb\u00fcrtige Dithmarscher zum Rundfunk: Bei Radio Bremen wurde er Sprecher f\u00fcr alle Programmsparten. Nebenher moderierte Wieben in den 70er- und 80er-Jahren Radiosendungen auf NDR 2. 1976 begann er mit plattdeutschen Lesungen, aus denen sich mehrere Buchver\u00f6ffentlichungen ergaben. Sp\u00e4ter folgten hochdeutsche Lesungen. Mit Lesungen und Spendenaktionen unterst\u00fctzte Wieben auch die Hospizarbeit in Hamburg.<\/p>\n<p style=\"text-align: justify;\">Ab 1960 arbeitete Wieben am Bremer \u201eTheater am Goetheplatz\u201c mit. Von 1981 bis 1990 trat er insgesamt mehr als 60 Mal als Selim Bassa in Mozarts \u201eEntf\u00fchrung aus dem Serail\u201c an der Hamburgischen Staatsoper auf. Noch h\u00e4ufiger &#8211; mehr als 70 Mal &#8211; war er 1995\/96 als Kaiser Franz Joseph im \u201eWei\u00dfen R\u00f6ssl\u201c im Hamburger \u201eTivoli\u201c-Theater zu sehen.<\/p>\n<p style=\"text-align: justify;\">Von 1996 bis 2002 pr\u00e4sentierte Wilhelm Wieben im NDR Fernsehen die Reihe \u201eMelodie der Meere\u201c, auch in \u201eFreut euch des Nordens\u201c wirkte er als Moderator und Sprecher mit. In der Talksendung \u201eBeckmann\u201c sprach Wieben im Mai 2011 \u00fcber sein Engagement f\u00fcr die Aktion \u201eAugen auf!\u201c, die gegen die Vereinsamung \u00e4lterer Menschen und f\u00fcr das Altern in W\u00fcrde eintritt.<\/p>\n","protected":false},"excerpt":{"rendered":"<p>Wieben war insgesamt 32 Jahre lang Sprecher der Tagesschau, Deutschlands erfolgreichster Fernseh-Nachrichtensendung!<\/p>\n","protected":false},"author":2,"featured_media":130730,"comment_status":"open","ping_status":"closed","sticky":false,"template":"","format":"standard","meta":{"_FSMCFIC_featured_image_caption":"","_FSMCFIC_featured_image_nocaption":"","_FSMCFIC_featured_image_hide":""},"categories":[33],"tags":[60],"acf":[],"_links":{"self":[{"href":"https:\/\/smago.de\/ws2\/wp-json\/wp\/v2\/posts\/130729"}],"collection":[{"href":"https:\/\/smago.de\/ws2\/wp-json\/wp\/v2\/posts"}],"about":[{"href":"https:\/\/smago.de\/ws2\/wp-json\/wp\/v2\/types\/post"}],"author":[{"embeddable":true,"href":"https:\/\/smago.de\/ws2\/wp-json\/wp\/v2\/users\/2"}],"replies":[{"embeddable":true,"href":"https:\/\/smago.de\/ws2\/wp-json\/wp\/v2\/comments?post=130729"}],"version-history":[{"count":1,"href":"https:\/\/smago.de\/ws2\/wp-json\/wp\/v2\/posts\/130729\/revisions"}],"predecessor-version":[{"id":130731,"href":"https:\/\/smago.de\/ws2\/wp-json\/wp\/v2\/posts\/130729\/revisions\/130731"}],"wp:featuredmedia":[{"embeddable":true,"href":"https:\/\/smago.de\/ws2\/wp-json\/wp\/v2\/media\/130730"}],"wp:attachment":[{"href":"https:\/\/smago.de\/ws2\/wp-json\/wp\/v2\/media?parent=130729"}],"wp:term":[{"taxonomy":"category","embeddable":true,"href":"https:\/\/smago.de\/ws2\/wp-json\/wp\/v2\/categories?post=130729"},{"taxonomy":"post_tag","embeddable":true,"href":"https:\/\/smago.de\/ws2\/wp-json\/wp\/v2\/tags?post=130729"}],"curies":[{"name":"wp","href":"https:\/\/api.w.org\/{rel}","templated":true}]}}