{"id":130350,"date":"2019-06-02T00:00:55","date_gmt":"2019-06-01T22:00:55","guid":{"rendered":"https:\/\/smago.de\/?p=130350"},"modified":"2019-06-01T15:29:48","modified_gmt":"2019-06-01T13:29:48","slug":"die-grubertaler-die-grubertaler-laden-ein-zur-schlagerparty-in-kroatien","status":"publish","type":"post","link":"https:\/\/smago.de\/ws2\/party-schlager\/die-grubertaler-die-grubertaler-laden-ein-zur-schlagerparty-in-kroatien\/","title":{"rendered":"DIE GRUBERTALER <br>Die Grubertaler laden ein zur &#8222;Schlagerparty in Kroatien&#8220;!"},"content":{"rendered":"<p>Am 16.06.2019 um 20:15 Uhr exklusive TV-Premiere auf MELODIE TV und ab 210.6. als CD und DVD im Handel!<br \/>\n<!--more--><\/p>\n<p style=\"text-align: justify;\">Nach ihren grandiosen Erfolgen mit ihren \u201eSchlagerpartys\u201c auf Mallorca und Dubai bereisten die drei erfolgreichen Tiroler Musiker diesmal f\u00fcr ihr neuestes TV- und CD-Projekt das s\u00fcdliche Kroatien inkl. Badeferien in der 5-Sterne-Nobelherberge Falkensteiner Iadera in Punta Skala. Die an der Adriak\u00fcste gelegene kroatische Region Dalmatien, vor allem die Gegend um die Hafenstadt Zadar hat viele Sehensw\u00fcrdigkeiten zu bieten. Wer Erholung sucht, ist in Kroatien genau richtig. Es gibt viele vorgelagerte Inseln und versteckte Buchten, die zum Baden oder Tauchen einladen. Sie bietet au\u00dferdem wundersch\u00f6ne bilderbuchartige aber auch karge, mondartige Landschaften und z\u00e4hlt mittlerweile zu den ganz gro\u00dfen Touristenmagneten. Florian, Michael und Reinhard haben all diese Highlights in atemberaubenden Bildern eingefangen und pr\u00e4sentieren uns traumhafte Impressionen aus Kroatien.<\/p>\n<p style=\"text-align: justify;\">Das Ergebnis ist eine einzigartige TV-Show mit vielen brandneuen, mitrei\u00dfenden Grubertaler-Krachern wie \u201cDer sch\u00f6nste Tag auf Erden\u201c, \u201eSag mir\u201c, \u201eDer Himmel ich und du\u201c, \u201eArrivederci\u201c und vielen weiteren Gassenhauern, die die drei Musiker gemeinsam mit den derzeit angesagtesten Hitschreibern Oliver Lukas, Mihael Hercog, Sasa Lendero, Mark Bender und Manuel Stix komponierten und im Tiroler Melody Intersound Studio realisierten. Auf ihrer musikalischen Reise machen sich Flo, Much und Reini aber auch auf die Suche nach den Spuren Winnetous und besuchen neben den weltber\u00fchmten Plitvicer Seen den ebenso bekannten Zrmanja Canyon, wo einst Lex Parker und Pierre Brice Weltruhm erlangten.<\/p>\n<p style=\"text-align: justify;\">Auf einer kleinen Yacht stechen sie ins kristallklare adriatische Mittelmeer, zeigen uns aber auch die karstige Insel Pag, die Laguna Beach von Nin oder auch die Kulturstadt Zadar. Und nicht zu kurz kommen darf nat\u00fcrlich der Freizeitspass im besten Hotel Kroatiens \u2013 im Falkensteiner Iadera. Ein auf allen Ebenen mehr als gelungenes Produkt, sowohl als CD als auch auf DVD \u2013 aber was h\u00e4tte man von den Grubertalern auch sonst erwartet \u2013 Enjoy the difference!<\/p>\n<p style=\"text-align: justify;\">Das neue Grubertaler-TV-Show SCHLAGERPARTY IN KROATIEN feiert \u00fcbrigens am Sonntag, 16. Juni \u2013 ab 20.15 Uhr exklusiv auf MELODIE TV seine Premiere. Das gleichnamige Album als CD und DVD gibt es ab 21. Juni \u00fcberall im Handel!<\/p>\n<p>&nbsp;<\/p>\n<p><img decoding=\"async\" loading=\"lazy\" class=\"alignnone size-large wp-image-130353\" src=\"https:\/\/online.smago.de\/ws2\/wp-content\/uploads\/2019\/06\/grubis2019_1-1024x576.jpg\" alt=\"\" width=\"660\" height=\"371\" srcset=\"https:\/\/smago.de\/ws2\/wp-content\/uploads\/2019\/06\/grubis2019_1-1024x576.jpg 1024w, https:\/\/smago.de\/ws2\/wp-content\/uploads\/2019\/06\/grubis2019_1-267x150.jpg 267w, https:\/\/smago.de\/ws2\/wp-content\/uploads\/2019\/06\/grubis2019_1-300x169.jpg 300w, https:\/\/smago.de\/ws2\/wp-content\/uploads\/2019\/06\/grubis2019_1-768x432.jpg 768w, https:\/\/smago.de\/ws2\/wp-content\/uploads\/2019\/06\/grubis2019_1-870x489.jpg 870w, https:\/\/smago.de\/ws2\/wp-content\/uploads\/2019\/06\/grubis2019_1-292x164.jpg 292w, https:\/\/smago.de\/ws2\/wp-content\/uploads\/2019\/06\/grubis2019_1-435x245.jpg 435w, https:\/\/smago.de\/ws2\/wp-content\/uploads\/2019\/06\/grubis2019_1-895x503.jpg 895w, https:\/\/smago.de\/ws2\/wp-content\/uploads\/2019\/06\/grubis2019_1-791x445.jpg 791w, https:\/\/smago.de\/ws2\/wp-content\/uploads\/2019\/06\/grubis2019_1.jpg 1200w\" sizes=\"(max-width: 660px) 100vw, 660px\" \/><\/p>\n<p>&nbsp;<\/p>\n<p>&nbsp;<\/p>\n<p><img decoding=\"async\" loading=\"lazy\" class=\"alignnone size-large wp-image-130355\" src=\"https:\/\/online.smago.de\/ws2\/wp-content\/uploads\/2019\/06\/grubis2019_2-1024x576.jpg\" alt=\"\" width=\"660\" height=\"371\" srcset=\"https:\/\/smago.de\/ws2\/wp-content\/uploads\/2019\/06\/grubis2019_2-1024x576.jpg 1024w, https:\/\/smago.de\/ws2\/wp-content\/uploads\/2019\/06\/grubis2019_2-267x150.jpg 267w, https:\/\/smago.de\/ws2\/wp-content\/uploads\/2019\/06\/grubis2019_2-300x169.jpg 300w, https:\/\/smago.de\/ws2\/wp-content\/uploads\/2019\/06\/grubis2019_2-768x432.jpg 768w, https:\/\/smago.de\/ws2\/wp-content\/uploads\/2019\/06\/grubis2019_2-870x489.jpg 870w, https:\/\/smago.de\/ws2\/wp-content\/uploads\/2019\/06\/grubis2019_2-292x164.jpg 292w, https:\/\/smago.de\/ws2\/wp-content\/uploads\/2019\/06\/grubis2019_2-435x245.jpg 435w, https:\/\/smago.de\/ws2\/wp-content\/uploads\/2019\/06\/grubis2019_2-895x503.jpg 895w, https:\/\/smago.de\/ws2\/wp-content\/uploads\/2019\/06\/grubis2019_2-791x445.jpg 791w, https:\/\/smago.de\/ws2\/wp-content\/uploads\/2019\/06\/grubis2019_2.jpg 1200w\" sizes=\"(max-width: 660px) 100vw, 660px\" \/><\/p>\n<p>&nbsp;<\/p>\n<p>&nbsp;<\/p>\n<p><img decoding=\"async\" loading=\"lazy\" class=\"alignnone size-large wp-image-130356\" src=\"https:\/\/online.smago.de\/ws2\/wp-content\/uploads\/2019\/06\/grubis2019_5-1024x576.jpg\" alt=\"\" width=\"660\" height=\"371\" srcset=\"https:\/\/smago.de\/ws2\/wp-content\/uploads\/2019\/06\/grubis2019_5-1024x576.jpg 1024w, https:\/\/smago.de\/ws2\/wp-content\/uploads\/2019\/06\/grubis2019_5-267x150.jpg 267w, https:\/\/smago.de\/ws2\/wp-content\/uploads\/2019\/06\/grubis2019_5-300x169.jpg 300w, https:\/\/smago.de\/ws2\/wp-content\/uploads\/2019\/06\/grubis2019_5-768x432.jpg 768w, https:\/\/smago.de\/ws2\/wp-content\/uploads\/2019\/06\/grubis2019_5-870x489.jpg 870w, https:\/\/smago.de\/ws2\/wp-content\/uploads\/2019\/06\/grubis2019_5-292x164.jpg 292w, https:\/\/smago.de\/ws2\/wp-content\/uploads\/2019\/06\/grubis2019_5-435x245.jpg 435w, https:\/\/smago.de\/ws2\/wp-content\/uploads\/2019\/06\/grubis2019_5-895x503.jpg 895w, https:\/\/smago.de\/ws2\/wp-content\/uploads\/2019\/06\/grubis2019_5-791x445.jpg 791w, https:\/\/smago.de\/ws2\/wp-content\/uploads\/2019\/06\/grubis2019_5.jpg 1200w\" sizes=\"(max-width: 660px) 100vw, 660px\" \/><\/p>\n<p>&nbsp;<\/p>\n<p>&nbsp;<\/p>\n<p><img decoding=\"async\" loading=\"lazy\" class=\"alignnone size-large wp-image-130357\" src=\"https:\/\/online.smago.de\/ws2\/wp-content\/uploads\/2019\/06\/grubis_cd-1024x961.png\" alt=\"\" width=\"660\" height=\"619\" srcset=\"https:\/\/smago.de\/ws2\/wp-content\/uploads\/2019\/06\/grubis_cd-1024x961.png 1024w, https:\/\/smago.de\/ws2\/wp-content\/uploads\/2019\/06\/grubis_cd-160x150.png 160w, https:\/\/smago.de\/ws2\/wp-content\/uploads\/2019\/06\/grubis_cd-300x282.png 300w, https:\/\/smago.de\/ws2\/wp-content\/uploads\/2019\/06\/grubis_cd-768x721.png 768w, https:\/\/smago.de\/ws2\/wp-content\/uploads\/2019\/06\/grubis_cd-556x522.png 556w, https:\/\/smago.de\/ws2\/wp-content\/uploads\/2019\/06\/grubis_cd-202x190.png 202w, https:\/\/smago.de\/ws2\/wp-content\/uploads\/2019\/06\/grubis_cd-309x290.png 309w, https:\/\/smago.de\/ws2\/wp-content\/uploads\/2019\/06\/grubis_cd-474x445.png 474w, https:\/\/smago.de\/ws2\/wp-content\/uploads\/2019\/06\/grubis_cd.png 1200w\" sizes=\"(max-width: 660px) 100vw, 660px\" \/><\/p>\n","protected":false},"excerpt":{"rendered":"<p>Am 16.06.2019 um 20:15 Uhr exklusive TV-Premiere auf MELODIE TV und ab 210.6. als CD und DVD im Handel!<\/p>\n","protected":false},"author":2,"featured_media":130352,"comment_status":"open","ping_status":"closed","sticky":false,"template":"","format":"standard","meta":{"_FSMCFIC_featured_image_caption":"","_FSMCFIC_featured_image_nocaption":"","_FSMCFIC_featured_image_hide":""},"categories":[26],"tags":[274],"acf":[],"_links":{"self":[{"href":"https:\/\/smago.de\/ws2\/wp-json\/wp\/v2\/posts\/130350"}],"collection":[{"href":"https:\/\/smago.de\/ws2\/wp-json\/wp\/v2\/posts"}],"about":[{"href":"https:\/\/smago.de\/ws2\/wp-json\/wp\/v2\/types\/post"}],"author":[{"embeddable":true,"href":"https:\/\/smago.de\/ws2\/wp-json\/wp\/v2\/users\/2"}],"replies":[{"embeddable":true,"href":"https:\/\/smago.de\/ws2\/wp-json\/wp\/v2\/comments?post=130350"}],"version-history":[{"count":3,"href":"https:\/\/smago.de\/ws2\/wp-json\/wp\/v2\/posts\/130350\/revisions"}],"predecessor-version":[{"id":130358,"href":"https:\/\/smago.de\/ws2\/wp-json\/wp\/v2\/posts\/130350\/revisions\/130358"}],"wp:featuredmedia":[{"embeddable":true,"href":"https:\/\/smago.de\/ws2\/wp-json\/wp\/v2\/media\/130352"}],"wp:attachment":[{"href":"https:\/\/smago.de\/ws2\/wp-json\/wp\/v2\/media?parent=130350"}],"wp:term":[{"taxonomy":"category","embeddable":true,"href":"https:\/\/smago.de\/ws2\/wp-json\/wp\/v2\/categories?post=130350"},{"taxonomy":"post_tag","embeddable":true,"href":"https:\/\/smago.de\/ws2\/wp-json\/wp\/v2\/tags?post=130350"}],"curies":[{"name":"wp","href":"https:\/\/api.w.org\/{rel}","templated":true}]}}