{"id":130289,"date":"2019-05-31T00:00:28","date_gmt":"2019-05-30T22:00:28","guid":{"rendered":"https:\/\/smago.de\/?p=130289"},"modified":"2019-05-30T21:09:44","modified_gmt":"2019-05-30T19:09:44","slug":"sarah-connor-u-a-heute-31-05-2019-in-der-talk-show-3nach9-zu-gast","status":"publish","type":"post","link":"https:\/\/smago.de\/ws2\/pop\/sarah-connor-u-a-heute-31-05-2019-in-der-talk-show-3nach9-zu-gast\/","title":{"rendered":"SARAH CONNOR u.a. <br>Heute (31.05.2019) in der Talk-Show &#8222;3nach9&#8220; zu Gast!"},"content":{"rendered":"<p>&#8222;Unterhaltung zum Mitdenken.&#8220; \/\/ 22:00 Uhr &#8211; 00:00 Uhr! Moderation: Judith Rakers und Giovanni di Lorenzo!<br \/>\n<!--more--><\/p>\n<p>&nbsp;<\/p>\n<p style=\"text-align: justify;\">Am 31. Mai begr\u00fc\u00dfen Judith Rakers und Giovanni di Lorenzo folgende G\u00e4ste im Weserhaus von Radio Bremen: Musikerin Sarah Connor, Ex-Bundesfinanzminister Theo Waigel, Schauspieler Lars Eidinger, Tierpathologe Achim Gruber, Tatort-Kommissar Harald Krassnitzer, Jurist Ingo Len\u00dfen und Autorin Stefanie Stahl.<\/p>\n<h3 style=\"text-align: justify;\"><\/h3>\n<h3 style=\"text-align: justify;\"><\/h3>\n<h3 class=\"sub\" style=\"text-align: justify;\">Die G\u00e4ste am 31. Mai im \u00dcberblick:<\/h3>\n<p>&nbsp;<\/p>\n<p>&nbsp;<\/p>\n<h3 class=\"sub\" style=\"text-align: justify;\">Sarah Connor \u2013 Musikerin<\/h3>\n<div style=\"text-align: justify;\">\n<div class=\"desc-klein-links\"><\/div>\n<\/div>\n<p style=\"text-align: justify;\">Nach vier Jahren Pause ist Sarah Connor endlich wieder da. Ihr neues Album ist voller ber\u00fchrender, pers\u00f6nlicher und politischer Aussagen. Warum ihr Song &#8222;Vincent&#8220; mehr ist als ein Mutmacher f\u00fcr alle homosexuellen Jungs ist, wieso die geb\u00fcrtige Hamburgerin Delmenhorst so liebt und woraus sie als Mutter von mittlerweile vier Kindern privat ihre Kraft sch\u00f6pft, erz\u00e4hlt die Pop-Queen \u2013 inklusive musikalischer Kostprobe \u2013 bei 3nach9.<\/p>\n<div style=\"text-align: justify;\"><\/div>\n<div><\/div>\n<div><\/div>\n<div><\/div>\n<hr \/>\n<h3 class=\"sub\" style=\"text-align: justify;\">Theo Waigel \u2013 Ex-Bundesfinanzminister<\/h3>\n<div style=\"text-align: justify;\"><\/div>\n<p style=\"text-align: justify;\">Er sa\u00df 30 Jahre im Deutschen Bundestag, war Bundesfinanzminister in der Regierung Kohl und ma\u00dfgeblich f\u00fcr die Einf\u00fchrung des Euro verantwortlich: Theo Waigel. Der Jurist und CSU-Ehrenvorsitzende hat gerade seine Autobiografie ver\u00f6ffentlicht und erinnert darin an seinen im Krieg verstorbenen Bruder, richtet einen Appell an die junge Generation und erz\u00e4hlt \u00fcber seine enge Verbindung zu Franz Josef Strau\u00df.<\/p>\n<div style=\"text-align: justify;\"><\/div>\n<div><\/div>\n<div><\/div>\n<div><\/div>\n<hr \/>\n<h3 class=\"sub\" style=\"text-align: justify;\">Lars Eidinger \u2013 Schauspieler<\/h3>\n<div style=\"text-align: justify;\">\n<div class=\"desc-klein-links\"><\/div>\n<\/div>\n<p style=\"text-align: justify;\">Widerspr\u00fcchlich, ehrlich, menschlich, so beschreibt der Schauspieler Lars Eidinger sich selbst. Auf der B\u00fchne und vor der Kamera wird er umjubelt, auch Angela Merkel ist ein gro\u00dfer Fan von ihm. Warum er sich permanent in Situationen begibt, die ihn \u00dcberwindung kosten und wie er es erst k\u00fcrzlich in die Jugendzeitschrift &#8222;Bravo&#8220; geschafft hat, erz\u00e4hlt er Ende Mai bei 3nach9.<\/p>\n<div style=\"text-align: justify;\"><\/div>\n<div><\/div>\n<div><\/div>\n<div><\/div>\n<hr \/>\n<h3 class=\"sub\" style=\"text-align: justify;\">Achim Gruber \u2013 Tierpathologe<\/h3>\n<div style=\"text-align: justify;\">\n<div class=\"desc-klein-rechts\"><\/div>\n<\/div>\n<p style=\"text-align: justify;\">Immer mehr Menschen sind dazu bereit, immer mehr Geld f\u00fcr ihre Haustiere auszugeben. Doch nicht immer ist diese F\u00fcrsorge richtig. Die Folgen davon sieht der Tierpathologe Achim Gruber t\u00e4glich auf dem Seziertisch. Warum lebende Tiere nicht mit Kuscheltieren gleichzusetzen sind, Hunde nicht vegan ern\u00e4hrt werden sollten und er sich nach getaner Arbeit am besten vor einem Aquarium entspannen kann, berichtet der Veterin\u00e4rmediziner bei 3nach9.<\/p>\n<div style=\"text-align: justify;\"><\/div>\n<div><\/div>\n<div><\/div>\n<div><\/div>\n<hr \/>\n<h3 class=\"sub\" style=\"text-align: justify;\">Harald Krassnitzer \u2013 Tatort-Kommissar<\/h3>\n<div style=\"text-align: justify;\">\n<div class=\"desc-klein-links\"><\/div>\n<\/div>\n<p style=\"text-align: justify;\">Seit nunmehr 20 Jahren ist Harald Krassnitzer als \u00f6sterreichischer &#8222;Tatort&#8220;-Kommissar Moritz Eisner Verbrechern auf der Spur. Seine Kindheit verbrachte der sympathische Schauspieler und \u00fcberzeugte Sozialdemokrat im idyllischen Salzburger Land. Wie er nach seiner Ausbildung zum Speditionskaufmann zur Schauspielerei gefunden hat und warum eine Psychoanalyse mit das Wertvollste war, das er je im Leben gemacht hat, erz\u00e4hlt er bei 3nach9.<\/p>\n<div style=\"text-align: justify;\"><\/div>\n<div><\/div>\n<div><\/div>\n<div><\/div>\n<hr \/>\n<h3 class=\"sub\" style=\"text-align: justify;\">Ingo Len\u00dfen \u2013 Jurist<\/h3>\n<div style=\"text-align: justify;\">\n<div class=\"desc-klein-rechts\"><\/div>\n<\/div>\n<p style=\"text-align: justify;\">Jurist Ingo Len\u00dfen klagt an: Werden Ungerechtigkeit und Verbrechen in Deutschland gen\u00fcgend bestraft? Werden Urteile aus Zeitmangel leichtfertig gesprochen? Oder herrscht Nachsicht in deutschen Gerichtss\u00e4len? Der Strafverteidiger, der seit fast 30 Jahren praktiziert, berichtet \u00fcber Missst\u00e4nde der deutschen Justiz und Urteile, die gro\u00dfe \u00f6ffentliche Diskussionen ausgel\u00f6st haben.<\/p>\n<div style=\"text-align: justify;\"><\/div>\n<div><\/div>\n<div><\/div>\n<div><\/div>\n<hr \/>\n<h3 class=\"sub\" style=\"text-align: justify;\">Stefanie Stahl \u2013 Autorin<\/h3>\n<div style=\"text-align: justify;\">\n<div class=\"desc-klein-links\"><\/div>\n<\/div>\n<p style=\"text-align: justify;\">Mit dem Ratgeber &#8222;Das Kind in dir muss Heimat finden&#8220; hat Stefanie Stahl augenscheinlich einen Nerv getroffen: Seit Jahren steht sie damit ganz oben auf der Bestseller-Liste. Warum es wichtig ist, dass wir erst Freundschaft mit uns selbst schlie\u00dfen m\u00fcssen, bevor wir Bindungen eingehen und welche Parameter zwischen uns und unserem Partner \u00fcbereinstimmen sollten, damit eine Beziehung gl\u00fccklich ist, erz\u00e4hlt die Erfolgsautorin bei 3nach9.<\/p>\n","protected":false},"excerpt":{"rendered":"<p>&#8222;Unterhaltung zum Mitdenken.&#8220; \/\/ 22:00 Uhr &#8211; 00:00 Uhr! Moderation: Judith Rakers und Giovanni di Lorenzo!<\/p>\n","protected":false},"author":2,"featured_media":52746,"comment_status":"open","ping_status":"closed","sticky":false,"template":"","format":"standard","meta":{"_FSMCFIC_featured_image_caption":"","_FSMCFIC_featured_image_nocaption":"","_FSMCFIC_featured_image_hide":""},"categories":[27,128],"tags":[215],"acf":[],"_links":{"self":[{"href":"https:\/\/smago.de\/ws2\/wp-json\/wp\/v2\/posts\/130289"}],"collection":[{"href":"https:\/\/smago.de\/ws2\/wp-json\/wp\/v2\/posts"}],"about":[{"href":"https:\/\/smago.de\/ws2\/wp-json\/wp\/v2\/types\/post"}],"author":[{"embeddable":true,"href":"https:\/\/smago.de\/ws2\/wp-json\/wp\/v2\/users\/2"}],"replies":[{"embeddable":true,"href":"https:\/\/smago.de\/ws2\/wp-json\/wp\/v2\/comments?post=130289"}],"version-history":[{"count":2,"href":"https:\/\/smago.de\/ws2\/wp-json\/wp\/v2\/posts\/130289\/revisions"}],"predecessor-version":[{"id":130291,"href":"https:\/\/smago.de\/ws2\/wp-json\/wp\/v2\/posts\/130289\/revisions\/130291"}],"wp:featuredmedia":[{"embeddable":true,"href":"https:\/\/smago.de\/ws2\/wp-json\/wp\/v2\/media\/52746"}],"wp:attachment":[{"href":"https:\/\/smago.de\/ws2\/wp-json\/wp\/v2\/media?parent=130289"}],"wp:term":[{"taxonomy":"category","embeddable":true,"href":"https:\/\/smago.de\/ws2\/wp-json\/wp\/v2\/categories?post=130289"},{"taxonomy":"post_tag","embeddable":true,"href":"https:\/\/smago.de\/ws2\/wp-json\/wp\/v2\/tags?post=130289"}],"curies":[{"name":"wp","href":"https:\/\/api.w.org\/{rel}","templated":true}]}}