{"id":130266,"date":"2019-05-30T01:04:27","date_gmt":"2019-05-29T23:04:27","guid":{"rendered":"https:\/\/smago.de\/?p=130266"},"modified":"2019-05-30T01:04:27","modified_gmt":"2019-05-29T23:04:27","slug":"isabel-varell-u-a-krause-kommt-zu-isabel-varell","status":"publish","type":"post","link":"https:\/\/smago.de\/ws2\/schlager\/isabel-varell-u-a-krause-kommt-zu-isabel-varell\/","title":{"rendered":"ISABEL VARELL u.a. <br>\u201eKrause kommt!\u201c zu Isabel Varell!"},"content":{"rendered":"<p><strong>Sechs neue Folgen +++ Pierre M. Krause quartiert sich eine Nacht bei Promis ein +++ Erste Station bei Isabel Varell in K\u00f6ln +++ Fr., 5. Juli., 23:30 Uhr, SWR Fernsehen +++<br \/>\n<\/strong><!--more--><\/p>\n<p>&nbsp;<\/p>\n<p style=\"text-align: justify;\">\n<p style=\"text-align: justify;\">Wer w\u00fcrde nicht gern einmal bei einem prominenten Menschen \u00fcbernachten? Wie leben die Stars, wenn die Kameras aus sind und der Alltag auch bei ihnen einkehrt? Moderator Pierre M. Krause findet es in der SWR Reihe \u201eKrause kommt!\u201c heraus. In der ersten der sechs neuen Folgen, zu sehen ab 5. Juli 2018, jeweils am Freitagabend um 23:30 Uhr im SWR Fernsehen, besucht er die S\u00e4ngerin, Schauspielerin und rheinische Frohnatur Isabel Varell in K\u00f6ln. Am 12. Juli ist sein Besuch bei Schauspieler Fritz Wepper zu sehen; in den folgenden Ausgaben quartiert er sich zudem bei Dagmar Koller, Christine Urspruch, Gregor Meyle und Joey Kelly ein.<\/p>\n<p style=\"text-align: justify;\"><strong>\u00a0<\/strong><\/p>\n<p style=\"text-align: justify;\"><strong>\u00a0<\/strong><\/p>\n<p style=\"text-align: justify;\"><strong>\u00a0<\/strong><\/p>\n<p style=\"text-align: justify;\"><strong>\u00a0Jogging-Training, eine Geschichte einer kurzen Ehe, gutes Essen und viel zu Lachen<\/strong><\/p>\n<p style=\"text-align: justify;\">Pierre M. Krause macht sich auf nach K\u00f6ln. Mit Geschenken und vielen Fragen im Gep\u00e4ck quartiert er sich in den vier W\u00e4nden von Isabel Varell ein und bleibt bis zum n\u00e4chsten Tag. Dabei bekommt er eine ganz pers\u00f6nliche Stadtf\u00fchrung von der S\u00e4ngerin und Schauspielerin. Bei einem Glas Wein gew\u00e4hrt sie Pierre M. Krause einen Einblick in die pr\u00e4gende und harte Zeit ihrer kurzen Ehe mit Drafi Deutscher. Au\u00dferdem: \u201eDat jibet doch nit!\u201c \u2013 f\u00fcr Isabel \u00fcberwindet sich Sportmuffel Pierre sogar zu einer Joggingrunde. Ein fr\u00f6hliches Essen mit Ehemann Pit Weyrich kr\u00f6nt schlie\u00dflich den Besuch des Moderators. Krause erlebt Isabel Varell in diesen zwei Tagen sehr pers\u00f6nlich \u2013 erf\u00e4hrt, was ihr nahegeht und kann auch herzlich mit ihr lachen. Die rheinische Frohnatur eben.<\/p>\n<p style=\"text-align: justify;\">\n<p>&nbsp;<\/p>\n<p>&nbsp;<\/p>\n<p style=\"text-align: justify;\"><strong>Vielseitiger Moderator<\/strong><br \/>\nPierre M. Krause geh\u00f6rte mehrere Jahre zum Team der \u201eHarald Schmidt Show\u201c. Er f\u00fchrt regelm\u00e4\u00dfig durch das \u201eSWR3 New Pop Festival\u201c in Baden-Baden und ist u. a. im Rateteam der SWR Quizshow \u201eSag die Wahrheit\u201c zu sehen sowie in der Reihe \u201eKrause kommt!\u201c. Seit mehr als zehn Jahren moderiert er die Show \u201eSWR3 latenight\u201c, die seit 2016 \u201eDie Pierre M. Krause Show \u2013 SWR3 Latenight\u201c hei\u00dft und u. a. f\u00fcr den Deutschen Fernsehpreis nominiert war. F\u00fcr die Sendung \u201eTV-Helden\u201c wurde ihm der Deutsche Fernsehpreis bereits verliehen. Zudem hat er das Buch \u201eHier kann man gut sitzen \u2013 Geschichten aus dem Schwarzwald\u201c verfasst.<\/p>\n<p style=\"text-align: justify;\">\n<p style=\"text-align: justify;\"><strong>Sendungen:<\/strong><\/p>\n<p style=\"text-align: justify;\"><strong>\u201eKrause kommt! Isabel Varell\u201c, <\/strong>Freitag, 5. Juli, 23:30 Uhr, SWR Fernsehen<\/p>\n<p style=\"text-align: justify;\"><strong>\u201eKrause kommt! Fritz Wepper\u201c, <\/strong>Freitag, 12. Juli, 23:30 Uhr, SWR Fernsehen<\/p>\n<p style=\"text-align: justify;\"><strong>\u201eKrause kommt! <\/strong><strong>Dagmar Koller<\/strong><strong>\u201c, <\/strong>Freitag, 19. Juli, 23:30 Uhr, SWR Fernsehen<\/p>\n<p style=\"text-align: justify;\"><strong>\u201eKrause kommt!<\/strong><strong> Christine Urspruch<\/strong><strong>\u201c, <\/strong>Freitag, 26. Juli, 23:30 Uhr, SWR Fernsehen<\/p>\n<p style=\"text-align: justify;\"><strong>\u201eKrause kommt! <\/strong><strong>Gregor Meyle<\/strong><strong>\u201c, <\/strong>Freitag, 2. August, 23:30 Uhr, SWR Fernsehen<\/p>\n<p style=\"text-align: justify;\"><strong>\u201eKrause kommt! <\/strong><strong>Joey Kelly<\/strong><strong>\u201c, <\/strong>Freitag, 9. August, 23:30 Uhr, SWR Fernsehen<\/p>\n<p style=\"text-align: justify;\">\n<p style=\"text-align: justify;\">Die Sendungen stehen nach Ausstrahlung ein Jahr lang in der ARD Mediathek zur Verf\u00fcgung. Abrufbar unter: <a href=\"https:\/\/www.ardmediathek.de\/ard\/\">https:\/\/www.ardmediathek.de\/ard\/<\/a><\/p>\n<p>&nbsp;<\/p>\n<p>&nbsp;<\/p>\n<p><img decoding=\"async\" loading=\"lazy\" class=\"alignnone size-large wp-image-130268\" src=\"https:\/\/online.smago.de\/ws2\/wp-content\/uploads\/2019\/05\/varell_krause2-1024x737.jpg\" alt=\"\" width=\"660\" height=\"475\" srcset=\"https:\/\/smago.de\/ws2\/wp-content\/uploads\/2019\/05\/varell_krause2-1024x737.jpg 1024w, https:\/\/smago.de\/ws2\/wp-content\/uploads\/2019\/05\/varell_krause2-208x150.jpg 208w, https:\/\/smago.de\/ws2\/wp-content\/uploads\/2019\/05\/varell_krause2-300x216.jpg 300w, https:\/\/smago.de\/ws2\/wp-content\/uploads\/2019\/05\/varell_krause2-768x553.jpg 768w, https:\/\/smago.de\/ws2\/wp-content\/uploads\/2019\/05\/varell_krause2-725x522.jpg 725w, https:\/\/smago.de\/ws2\/wp-content\/uploads\/2019\/05\/varell_krause2-264x190.jpg 264w, https:\/\/smago.de\/ws2\/wp-content\/uploads\/2019\/05\/varell_krause2-403x290.jpg 403w, https:\/\/smago.de\/ws2\/wp-content\/uploads\/2019\/05\/varell_krause2-618x445.jpg 618w, https:\/\/smago.de\/ws2\/wp-content\/uploads\/2019\/05\/varell_krause2.jpg 1200w\" sizes=\"(max-width: 660px) 100vw, 660px\" \/><\/p>\n","protected":false},"excerpt":{"rendered":"<p>Sechs neue Folgen +++ Pierre M. Krause quartiert sich eine Nacht bei Promis ein +++ Erste Station bei Isabel Varell<\/p>\n","protected":false},"author":2,"featured_media":130267,"comment_status":"open","ping_status":"closed","sticky":false,"template":"","format":"standard","meta":{"_FSMCFIC_featured_image_caption":"","_FSMCFIC_featured_image_nocaption":"","_FSMCFIC_featured_image_hide":""},"categories":[29,39,128],"tags":[1007],"acf":[],"_links":{"self":[{"href":"https:\/\/smago.de\/ws2\/wp-json\/wp\/v2\/posts\/130266"}],"collection":[{"href":"https:\/\/smago.de\/ws2\/wp-json\/wp\/v2\/posts"}],"about":[{"href":"https:\/\/smago.de\/ws2\/wp-json\/wp\/v2\/types\/post"}],"author":[{"embeddable":true,"href":"https:\/\/smago.de\/ws2\/wp-json\/wp\/v2\/users\/2"}],"replies":[{"embeddable":true,"href":"https:\/\/smago.de\/ws2\/wp-json\/wp\/v2\/comments?post=130266"}],"version-history":[{"count":1,"href":"https:\/\/smago.de\/ws2\/wp-json\/wp\/v2\/posts\/130266\/revisions"}],"predecessor-version":[{"id":130269,"href":"https:\/\/smago.de\/ws2\/wp-json\/wp\/v2\/posts\/130266\/revisions\/130269"}],"wp:featuredmedia":[{"embeddable":true,"href":"https:\/\/smago.de\/ws2\/wp-json\/wp\/v2\/media\/130267"}],"wp:attachment":[{"href":"https:\/\/smago.de\/ws2\/wp-json\/wp\/v2\/media?parent=130266"}],"wp:term":[{"taxonomy":"category","embeddable":true,"href":"https:\/\/smago.de\/ws2\/wp-json\/wp\/v2\/categories?post=130266"},{"taxonomy":"post_tag","embeddable":true,"href":"https:\/\/smago.de\/ws2\/wp-json\/wp\/v2\/tags?post=130266"}],"curies":[{"name":"wp","href":"https:\/\/api.w.org\/{rel}","templated":true}]}}