{"id":130037,"date":"2019-05-23T00:00:27","date_gmt":"2019-05-22T22:00:27","guid":{"rendered":"https:\/\/smago.de\/?p=130037"},"modified":"2019-05-22T15:06:28","modified_gmt":"2019-05-22T13:06:28","slug":"gerda-gabriel-gerda-gabriel-praesentiert-ihren-neuen-titel-liebe-liebe-liebe","status":"publish","type":"post","link":"https:\/\/smago.de\/ws2\/uncategorized\/gerda-gabriel-gerda-gabriel-praesentiert-ihren-neuen-titel-liebe-liebe-liebe\/","title":{"rendered":"GERDA GABRIEL <br>Gerda Gabriel pr\u00e4sentiert ihren neuen Titel &#8222;Liebe, Liebe, Liebe&#8220;!"},"content":{"rendered":"<p>Gleichzeitig erscheint heute (22.05.2019) die Doppel-CD &#8222;Das Beste von Gerda Gabriel (Meine 40 sch\u00f6nsten Lieder)&#8220;!<br \/>\n<!--more--><\/p>\n<p>&nbsp;<\/p>\n<p style=\"text-align: justify;\">GERDA GABRIEL ist eine K\u00fcnstlerin mit vielen Auszeichnungen, musikalischem Erfolg und einem unglaublichen Talent!<\/p>\n<p style=\"text-align: justify;\">Liebe, Liebe, Liebe\u2026 F\u00fcr ihr neues Album hat Gerda ihre 40 sch\u00f6nsten Titel pers\u00f6nlich zusammengestellt. Liebe zu Menschen, Liebe zur Natur und Liebe zur Heimat &#8211; das teilt Gerda mit ihren Fans. Ihre Freundlichkeit, ihr Lachen und ihr nat\u00fcrlicher Charme erobern das Publikum im Sturm.<\/p>\n<p style=\"text-align: justify;\">Bereits seit ihrer Kindheit lebt Gerda f\u00fcr die Musik. Ihr Weg f\u00fchrte sie aus ihrem musikalischen Elternhaus schon im Alter von 15 Jahren zu verschiedenen Rockbands, wo sie ihre Musikkarriere startete. Eigentlich wollte sie auf ihre Eltern h\u00f6ren und Lehrerin f\u00fcr Mathe und Chemie werden.<\/p>\n<p style=\"text-align: justify;\">Doch nach zwei Semestern des Studiums der Verfahrenschemie sp\u00fcrte sie, dass ihr eigentlicher Weg, ihre Berufung, in der Musik liegt. W\u00e4hrend Gerda Tour-Erfahrungen in einer Big Band sammelte, begann sie 1977 parallel dazu ein Gesangsstudium an der Hochschule f\u00fcr Musik &#8222;Franz Liszt&#8220; in Weimar, welches sie mit einem sehr guten Staatsexamen abschloss.<\/p>\n<p style=\"text-align: justify;\">1979 sollte eine der schicksalhaftesten Begegnungen ihrer Karriere folgen. Der amerikanische Schauspieler und S\u00e4nger Dean Reed entdeckte ihr Talent und lud sie in seine TV-Show \u201eDer Mann aus Colorado\u201c ein. So begann eine Ausnahmekarriere, die bis heute anh\u00e4lt.<br \/>\nEs folgten Fernsehauftritte in beliebten Sendungen wie \u201eEin Kessel Buntes\u201c, \u201eSchlagerstudio\u201c, \u201eBerlin Original\u201c und vieles mehr. Gerda erhielt Auszeichnungen wie den \u201eSilbernen Bong\u201c oder den \u201eJournalistenpreis\u201c. Seit einem spektakul\u00e4ren Auftritt in Carmen Nebels MDR-Show \u201eMusik f\u00fcr Sie\u201c rangiert ihr Titel \u201eHeimweh nach Th\u00fcringen\u201c als heimliche Hymne Th\u00fcringens. Auch offiziell wurde sie f\u00fcr ihre Verdienste f\u00fcr ihr Land Botschafterin Th\u00fcringens und im Jahr 2012 zur Erfurt-Botschafterin ernannt.<\/p>\n<p style=\"text-align: justify;\">In ihrer Karriere feierte Gerda viele musikalische Hitparaden-Erfolge. Zum Beispiel w\u00e4hlte das Publikum sie 4 mal zur Musikantenk\u00f6nigin in \u201eAchims Hitparade\u201c. 1999 verlieh ihr der Th\u00fcringer Ministerpr\u00e4sident den Herbert-Roth-Preis. Bereits 2 mal wurde sie Siegerin der deutschen Schlagerhitparade bei Smago. Daneben erfand Gerda 1994 die neue Kinderfigur \u201eSusi Sause\u201c mit der sie bei ihrem \u201eSusi Sause Kinderfest\u201c zu allen Gelegenheiten f\u00fcr strahlende Augen bei Jung und Alt sorgt.<\/p>\n<p style=\"text-align: justify;\">Man k\u00f6nnte hier noch so viel mehr erw\u00e4hnen: sei es ihr Auftritt in der Benefizgala von Karlheinz B\u00f6hm im Jahr 2006, ihre vielen TV-Pr\u00e4sentationen wie z.B. in der \u201eMusikantenscheune\u201c (ARD), als singende Moderatorin des Tourneeprogramms \u201eDas gro\u00dfe Wunschkonzert der Volksmusik\u201c, Fernsehshows wie \u201eAlles Gute\u201c, \u201eWieder mal zu Haus\u201c oder \u201eHier ab vier\u201c und \u201eMusikantendampfer\u201c oder ihr Auftritt im Boxring beim Showkampf mit Arthur Abraham und Ulli Wegner. Sie tourte durch \u00d6sterreich, Polen und Kroatien\u2026 begeisterte mehrere Male in Chicago und anderen amerikanischen St\u00e4dten.<\/p>\n<p style=\"text-align: justify;\">Unvergessen ist auch ihr sehr beachteter Auftritt vor der Bundeskanzlerin Angela Merkel.<\/p>\n<p style=\"text-align: justify;\">Gerda Gabriel ist eine K\u00fcnstlerin, die auf vielen B\u00fchnen vieler Genres zu finden ist. Mit Charme, Fr\u00f6hlichkeit, Professionalit\u00e4t und guter Stimme geht sie viele verschiedene, musikalische Wege.<\/p>\n<p style=\"text-align: justify;\">Ob als Schlagers\u00e4ngerin, Stimmungss\u00e4ngerin, Moderatorin oder \u201eRockr\u00f6hre\u201c ist sie auch entsprechend ihres Lebensmottos \u201eTr\u00e4ume nicht dein Leben, sondern lebe deinen Traum\u201c als \u201eTh\u00fcringer Original\u201c in der RTL Fernsehsendung \u201eSchlager sucht Liebe\u201c mit dabei!<\/p>\n","protected":false},"excerpt":{"rendered":"<p>Gleichzeitig erscheint heute (22.05.2019) die Doppel-CD &#8222;Das Beste von Gerda Gabriel (Meine 40 sch\u00f6nsten Lieder)&#8220;!<\/p>\n","protected":false},"author":2,"featured_media":130038,"comment_status":"open","ping_status":"closed","sticky":false,"template":"","format":"standard","meta":{"_FSMCFIC_featured_image_caption":"","_FSMCFIC_featured_image_nocaption":"","_FSMCFIC_featured_image_hide":""},"categories":[1],"tags":[998],"acf":[],"_links":{"self":[{"href":"https:\/\/smago.de\/ws2\/wp-json\/wp\/v2\/posts\/130037"}],"collection":[{"href":"https:\/\/smago.de\/ws2\/wp-json\/wp\/v2\/posts"}],"about":[{"href":"https:\/\/smago.de\/ws2\/wp-json\/wp\/v2\/types\/post"}],"author":[{"embeddable":true,"href":"https:\/\/smago.de\/ws2\/wp-json\/wp\/v2\/users\/2"}],"replies":[{"embeddable":true,"href":"https:\/\/smago.de\/ws2\/wp-json\/wp\/v2\/comments?post=130037"}],"version-history":[{"count":4,"href":"https:\/\/smago.de\/ws2\/wp-json\/wp\/v2\/posts\/130037\/revisions"}],"predecessor-version":[{"id":130042,"href":"https:\/\/smago.de\/ws2\/wp-json\/wp\/v2\/posts\/130037\/revisions\/130042"}],"wp:featuredmedia":[{"embeddable":true,"href":"https:\/\/smago.de\/ws2\/wp-json\/wp\/v2\/media\/130038"}],"wp:attachment":[{"href":"https:\/\/smago.de\/ws2\/wp-json\/wp\/v2\/media?parent=130037"}],"wp:term":[{"taxonomy":"category","embeddable":true,"href":"https:\/\/smago.de\/ws2\/wp-json\/wp\/v2\/categories?post=130037"},{"taxonomy":"post_tag","embeddable":true,"href":"https:\/\/smago.de\/ws2\/wp-json\/wp\/v2\/tags?post=130037"}],"curies":[{"name":"wp","href":"https:\/\/api.w.org\/{rel}","templated":true}]}}