{"id":130006,"date":"2019-05-21T00:00:14","date_gmt":"2019-05-20T22:00:14","guid":{"rendered":"https:\/\/smago.de\/?p=130006"},"modified":"2019-05-20T22:52:26","modified_gmt":"2019-05-20T20:52:26","slug":"smago-informiert-zdf-laedt-ein-zum-produzententag-2019","status":"publish","type":"post","link":"https:\/\/smago.de\/ws2\/smago-informiert\/smago-informiert-zdf-laedt-ein-zum-produzententag-2019\/","title":{"rendered":"smago! INFORMIERT <br>ZDF l\u00e4dt ein zum Produzententag 2019!"},"content":{"rendered":"<p style=\"text-align: justify;\">Dieser &#8222;Aufruf&#8220; richtet sich jedoch ausschlie\u00dflich an Bewegtbildproduzentinnen und -produzenten aus ganz Deutschland &#8230;:<br \/>\n<!--more--><\/p>\n<p>&nbsp;<\/p>\n<p style=\"text-align: justify;\">Das ZDF l\u00e4dt Bewegtbildproduzentinnen und -produzenten aus ganz Deutschland zum diesj\u00e4hrigen Produzententag am <b>Mittwoch, 28. August 2019<\/b>, nach Berlin ein. Intendant Dr. Thomas Bellut, Programmdirektor Dr. Nobert Himmler, Chefredakteur Dr. Peter Frey und verantwortliche ZDF-Mitarbeiterinnen und -Mitarbeiter pr\u00e4sentieren die ZDF-Programmstrategien f\u00fcr das kommende Jahr und diskutieren mit den Teilnehmern die aktuellen Herausforderungen f\u00fcr die Branche.<\/p>\n<p style=\"text-align: justify;\">Verschiedene Workshops und ein abschlie\u00dfender Branchenabend bieten Gelegenheit f\u00fcr die Planung von Innovationen und die gemeinsame Weiterentwicklung des Programmangebots.<\/p>\n<p style=\"text-align: justify;\">Von Montag, 10. Juni, bis Freitag, 14. Juni 2019, k\u00f6nnen sich interessierte Produzentinnen und Produzenten \u00fcber das ZDF-Unternehmensportal (<a href=\"https:\/\/produzententag.zdf.de\/\" target=\"_blank\" rel=\"noopener noreferrer\">https:\/\/produzententag.zdf.de<\/a>) f\u00fcr die Veranstaltung anmelden. Die Teilnehmerzahl ist aus Kapazit\u00e4tsgr\u00fcnden auf eine Person je rechtlich selbstst\u00e4ndiger Produktionsgesellschaft begrenzt.<\/p>\n<p style=\"text-align: justify;\">Seit 2015 l\u00e4dt das ZDF, mit einem Volumen von \u00fcber 650 Millionen Euro im Jahr der gr\u00f6\u00dfte Einzelauftraggeber der Produktionswirtschaft in Deutschland, j\u00e4hrlich zum Produzententag. Grundlage bildet die Transparenzvereinbarung zwischen dem ZDF und der Allianz Deutscher Produzenten \u2013 Film &amp; Fernsehen (<a href=\"https:\/\/transparenz.zdf.de\/\" target=\"_blank\" rel=\"noopener noreferrer\">https:\/\/transparenz.zdf.de<\/a>).<\/p>\n","protected":false},"excerpt":{"rendered":"<p>Dieser &#8222;Aufruf&#8220; richtet sich jedoch ausschlie\u00dflich an Bewegtbildproduzentinnen und -produzenten aus ganz Deutschland &#8230;:<\/p>\n","protected":false},"author":2,"featured_media":52320,"comment_status":"open","ping_status":"closed","sticky":false,"template":"","format":"standard","meta":{"_FSMCFIC_featured_image_caption":"","_FSMCFIC_featured_image_nocaption":"","_FSMCFIC_featured_image_hide":""},"categories":[33],"tags":[60],"acf":[],"_links":{"self":[{"href":"https:\/\/smago.de\/ws2\/wp-json\/wp\/v2\/posts\/130006"}],"collection":[{"href":"https:\/\/smago.de\/ws2\/wp-json\/wp\/v2\/posts"}],"about":[{"href":"https:\/\/smago.de\/ws2\/wp-json\/wp\/v2\/types\/post"}],"author":[{"embeddable":true,"href":"https:\/\/smago.de\/ws2\/wp-json\/wp\/v2\/users\/2"}],"replies":[{"embeddable":true,"href":"https:\/\/smago.de\/ws2\/wp-json\/wp\/v2\/comments?post=130006"}],"version-history":[{"count":2,"href":"https:\/\/smago.de\/ws2\/wp-json\/wp\/v2\/posts\/130006\/revisions"}],"predecessor-version":[{"id":130008,"href":"https:\/\/smago.de\/ws2\/wp-json\/wp\/v2\/posts\/130006\/revisions\/130008"}],"wp:featuredmedia":[{"embeddable":true,"href":"https:\/\/smago.de\/ws2\/wp-json\/wp\/v2\/media\/52320"}],"wp:attachment":[{"href":"https:\/\/smago.de\/ws2\/wp-json\/wp\/v2\/media?parent=130006"}],"wp:term":[{"taxonomy":"category","embeddable":true,"href":"https:\/\/smago.de\/ws2\/wp-json\/wp\/v2\/categories?post=130006"},{"taxonomy":"post_tag","embeddable":true,"href":"https:\/\/smago.de\/ws2\/wp-json\/wp\/v2\/tags?post=130006"}],"curies":[{"name":"wp","href":"https:\/\/api.w.org\/{rel}","templated":true}]}}