{"id":129987,"date":"2019-05-20T00:00:31","date_gmt":"2019-05-19T22:00:31","guid":{"rendered":"https:\/\/smago.de\/?p=129987"},"modified":"2019-05-19T23:19:32","modified_gmt":"2019-05-19T21:19:32","slug":"marc-marshall-marc-marshall-nimmt-madonna-in-schutz","status":"publish","type":"post","link":"https:\/\/smago.de\/ws2\/schlager\/marc-marshall-marc-marshall-nimmt-madonna-in-schutz\/","title":{"rendered":"MARC MARSHALL <br>Marc Marshall nimmt Madonna in Schutz!"},"content":{"rendered":"<p>Die &#8222;Queen Of Pop&#8220; hatte als Stargast beim &#8222;Eurovision Song Contest&#8220; 2019 gesanglich nicht vollumf\u00e4nglich \u00fcberzeugt &#8230;:<br \/>\n<!--more--><\/p>\n<p>&nbsp;<\/p>\n<p>&nbsp;<\/p>\n<p>Der S\u00e4nger und Entertainer MARC MARSHALL springt f\u00fcr die &#8222;Queen Of Pop&#8220; in die Bresche: Madonna hatte ihren Stargast-Auftritt beim &#8222;Eurovision Song Contest 2019&#8220; h\u00f6rbar vergeigt.<\/p>\n<p>Auf seiner Facebook-Seite schreibt er:<\/p>\n<p style=\"text-align: justify;\"><em>&#8222;Meine G\u00fcte! Lasst doch Madonna in Frieden. Es darf doch nicht wahr sein, dass sich nun so viele auf diese Frau st\u00fcrzen. Sie ist und bleibt ein Megastar! Sie hat den Auftritt verkackt, ok, aber warum f\u00fchlen sich so viele berechtigt, den Stab \u00fcber sie zu brechen. H\u00e4me und Spott! Ich finde es einfach sch\u00e4big, so respektlos \u00fcber einen Menschen zu richten, der seit Jahrzehnten! Millionen Menschen begeistert. Mensch, Du armes Wesen&#8230;was passiert eigentlich, wenn es niemanden mehr gibt, auf den Du mit dem Finger zeigen kannst? Ich war nie ein Madonna Fan, aber ich habe Respekt vor dieser mutigen, innovativen, flei\u00dfigen Frau. Meine Anerkennung wird durch diesen Auftritt beim ESC 2019 nicht geringer!&#8220;<\/em><\/p>\n<p>&nbsp;<\/p>\n<p>&nbsp;<\/p>\n<p><strong><a href=\"https:\/\/www.facebook.com\/marcmarshallofficial\/?tn-str=k*F\">ZUR FACEBOOK-SEITE VON MARC MARSHALL &#8230;:<\/a><\/strong><\/p>\n","protected":false},"excerpt":{"rendered":"<p>Die &#8222;Queen Of Pop&#8220; hatte als Stargast beim &#8222;Eurovision Song Contest&#8220; 2019 gesanglich nicht vollumf\u00e4nglich \u00fcberzeugt &#8230;:<\/p>\n","protected":false},"author":2,"featured_media":129988,"comment_status":"open","ping_status":"closed","sticky":false,"template":"","format":"standard","meta":{"_FSMCFIC_featured_image_caption":"","_FSMCFIC_featured_image_nocaption":"","_FSMCFIC_featured_image_hide":""},"categories":[29],"tags":[997],"acf":[],"_links":{"self":[{"href":"https:\/\/smago.de\/ws2\/wp-json\/wp\/v2\/posts\/129987"}],"collection":[{"href":"https:\/\/smago.de\/ws2\/wp-json\/wp\/v2\/posts"}],"about":[{"href":"https:\/\/smago.de\/ws2\/wp-json\/wp\/v2\/types\/post"}],"author":[{"embeddable":true,"href":"https:\/\/smago.de\/ws2\/wp-json\/wp\/v2\/users\/2"}],"replies":[{"embeddable":true,"href":"https:\/\/smago.de\/ws2\/wp-json\/wp\/v2\/comments?post=129987"}],"version-history":[{"count":2,"href":"https:\/\/smago.de\/ws2\/wp-json\/wp\/v2\/posts\/129987\/revisions"}],"predecessor-version":[{"id":129990,"href":"https:\/\/smago.de\/ws2\/wp-json\/wp\/v2\/posts\/129987\/revisions\/129990"}],"wp:featuredmedia":[{"embeddable":true,"href":"https:\/\/smago.de\/ws2\/wp-json\/wp\/v2\/media\/129988"}],"wp:attachment":[{"href":"https:\/\/smago.de\/ws2\/wp-json\/wp\/v2\/media?parent=129987"}],"wp:term":[{"taxonomy":"category","embeddable":true,"href":"https:\/\/smago.de\/ws2\/wp-json\/wp\/v2\/categories?post=129987"},{"taxonomy":"post_tag","embeddable":true,"href":"https:\/\/smago.de\/ws2\/wp-json\/wp\/v2\/tags?post=129987"}],"curies":[{"name":"wp","href":"https:\/\/api.w.org\/{rel}","templated":true}]}}