{"id":129888,"date":"2019-05-17T00:00:35","date_gmt":"2019-05-16T22:00:35","guid":{"rendered":"https:\/\/smago.de\/?p=129888"},"modified":"2019-05-16T23:24:04","modified_gmt":"2019-05-16T21:24:04","slug":"eav-rechts-2-3","status":"publish","type":"post","link":"https:\/\/smago.de\/ws2\/nonsens\/eav-rechts-2-3\/","title":{"rendered":"EAV <br>&#8222;Rechts, 2\/3&#8220;:"},"content":{"rendered":"<p>Die aktuelle Single aus dem (mutma\u00dflich) letzten Studioalbum \u201eAlles ist erlaubt\u201c!<br \/>\n<!--more--><\/p>\n<p>&nbsp;<\/p>\n<div style=\"text-align: justify;\">\n<p><em>\u201eAus Angst wird Wut,\u00a0aus Wut wird Hass,\u00a0die Dummheit ist die Lunte\u00a0zum Pulverfass!\u201c<\/em><\/p>\n<\/div>\n<div style=\"text-align: justify;\">\n<p>Neue Satire aus \u00d6sterreich: Die EAV wettert in ihrem Polit-Rocksong \u201eRechts 2\/3\u201c gegen Anti-EU-Populisten.<\/p>\n<\/div>\n<div style=\"text-align: justify;\">\n<p>\u201cEs geht darum jene Parteien zu st\u00e4rken, die die EU reformieren wollen \u2013 weil eine Reform braucht sie nat\u00fcrlich \u2013 und es geh\u00f6ren ein paar Sachen abgeschafft, erneuert, verk\u00fcrzt, verkleinert und verbessert. Auf keinen Fall sollte man aber jene Parteien und jene B\u00fcndnisse st\u00fctzen, die Europa zerschlagen und abschaffen wollen. Bitte geht&#8217;s w\u00e4hlen!\u201d,\u00a0meint Klaus Eberhartinger, S\u00e4nger der EAV, im Hinblick auf die bald stattfindende EU-Wahl, die viele Politiker zum Anlass genommen haben, um mit spalterischen Wirtshaus-Spr\u00fcchen auf W\u00e4hlerfang zu gehen.<\/p>\n<\/div>\n<div style=\"text-align: justify;\">\n<p>Genaue jenes Geb\u00e4rden, welches fern jeder Sachpolitik stattfindet, nimmt die neue Single \u201eRechts 2\/3\u201c gewitzt aufs satirische Korn. Von PEGIDA \u00fcber AfD und FP\u00d6, von Orb\u00e1n bis Le Pen: Ihre (Wahl-)Kampf-Parolen versch\u00e4rfen sich und verhindern mehr und mehr einen neutralen, l\u00f6sungsorientierten Austausch \u00fcber l\u00e4ngst notwendig gewordene Integrationsma\u00dfnahmen und \u00fcber eine humane (und gleichzeitig unsere gesellschaftlichen Werte sch\u00fctzende) Asylpolitik.<\/p>\n<\/div>\n<div style=\"text-align: justify;\">\n<p>Die zahlreichen Politiker-Karikaturen im Video stammen aus der Feder von Texter und Komponist Thomas Spitzer. Der Song selbst ist eine Auskopplung des letzten EAV-Albums \u201eAlles ist erlaubt\u201c (V\u00f6: 28.09.2018). Auf dem bunten Album finden sich weitere politische und religions-kritische Songs, aber ebenfalls gewohnt humoristisches Liedgut. Die limitierte Buch-Edition ist aufgrund der gro\u00dfen Nachfrage bereits ausverkauft. Dieses finale Werk der Verunsicherung ist nur noch als CD und 2LP-Vinyl bestellbar.<\/p>\n<\/div>\n<div style=\"text-align: justify;\">Derzeit befindet sich die Erste Allgemeine Verunsicherung nach 41j\u00e4hriger Band-Geschichte auf gro\u00dfer Abschiedstournee. Auf 95 &#8211; ebenfalls gr\u00f6\u00dftenteils ausverkauften &#8211; Konzerten verabschiedet sie sich pers\u00f6nlich bei ihren Fans in Deutschland, \u00d6sterreich, Italien und der Schweiz.<\/div>\n<div style=\"text-align: justify;\">\n<p>Der endg\u00fcltige Abschied findet am 14.09.2019 mit zahlreichen musikalischen G\u00e4sten in der Wiener Stadthalle statt. Die Aufzeichnung des Konzerts (\u201e1.000 Jahre EAV Live \u2013 Der Abschied\u201c wird als 3-CD-Live-Best-Of, als ungek\u00fcrzte Blu-Ray und als 60-seitige, exklusive Buch-Edition am 29.11.2019 erscheinen und ist bereits vorbestellbar.<\/p>\n<p>Fernab von jeder Spekulation auf kommerziellen Erfolg, genie\u00dft die EAV die Freiheit, ihre von feiner Ironie durchzogenen gesellschaftskritischen Lieder unter die interessierten H\u00f6rer zu bringen. Denn am 28. September 2018 wird mit \u201eAlles ist erlaubt\u201c das letzte Studio-Album der Verunsicherung erscheinen und die 40-j\u00e4hrige Band-Geschichte 2019 mit einer gro\u00dfen Abschiedstournee durch 36 St\u00e4dte in Deutschland, \u00d6sterreich und der Schweiz beendet.<\/p>\n<\/div>\n<div style=\"text-align: justify;\">\n<p>Die Erfolge der bekannten \u00f6sterreichischen Band sprechen f\u00fcr sich. Sie k\u00f6nnen auf eine Karriere mit weit \u00fcber 1500 Konzert-Auftritten in Deutschland, \u00d6sterreich, Schweiz, Italien, Liechtenstein und Tschechien, auf \u00fcber 10 Mio. verkaufte Gro\u00dftontr\u00e4ger, 20 Top 10 Alben in \u00d6sterreich\/Deutschland\/Schweiz und auf unz\u00e4hlige weitere Auszeichnungen zur\u00fcckblicken.<\/p>\n<\/div>\n<div style=\"text-align: justify;\">\n<p>Mit ihren Single-Hits wie \u201cK\u00fcss die Hand, sch\u00f6ne Frau\u201d, \u201cBa-Ba-Bank\u00fcberfall\u201d, \u201cDing Dong\u201d, \u201cSamurai\u201d und \u201cAn der Copacabana\u201d mischten sie in den 80er und 90er Jahren die deutschsprachige Musikszene auf und feierten fulminante Erfolge. Oft \u00fcberh\u00f6rt wurden die weitaus weniger lustigen, nachdenklichen und sozialkritischen Lieder wie \u201cBurli\u201d, \u201cs\u2018Muaterl\u201d oder \u201cEierkopf-Rudi\u201d, die teils von Radiosendern boykottiert worden sind oder der Gruppe Anzeigen f\u00fchrender politischer Pers\u00f6nlichkeiten \u00d6sterreich einhandelten.<\/p>\n<p>&nbsp;<\/p>\n<\/div>\n<p><iframe loading=\"lazy\" title=\"EAV - Rechts 2\/3 (Offizielles Musikvideo)\" width=\"800\" height=\"450\" src=\"https:\/\/www.youtube.com\/embed\/5-JvMTxUus8?feature=oembed\" frameborder=\"0\" allow=\"accelerometer; autoplay; encrypted-media; gyroscope; picture-in-picture\" allowfullscreen><\/iframe><\/p>\n","protected":false},"excerpt":{"rendered":"<p>Die aktuelle Single aus dem (mutma\u00dflich) letzten Studioalbum \u201eAlles ist erlaubt\u201c!<\/p>\n","protected":false},"author":2,"featured_media":129889,"comment_status":"open","ping_status":"closed","sticky":false,"template":"","format":"standard","meta":{"_FSMCFIC_featured_image_caption":"","_FSMCFIC_featured_image_nocaption":"","_FSMCFIC_featured_image_hide":""},"categories":[23,39],"tags":[210],"acf":[],"_links":{"self":[{"href":"https:\/\/smago.de\/ws2\/wp-json\/wp\/v2\/posts\/129888"}],"collection":[{"href":"https:\/\/smago.de\/ws2\/wp-json\/wp\/v2\/posts"}],"about":[{"href":"https:\/\/smago.de\/ws2\/wp-json\/wp\/v2\/types\/post"}],"author":[{"embeddable":true,"href":"https:\/\/smago.de\/ws2\/wp-json\/wp\/v2\/users\/2"}],"replies":[{"embeddable":true,"href":"https:\/\/smago.de\/ws2\/wp-json\/wp\/v2\/comments?post=129888"}],"version-history":[{"count":2,"href":"https:\/\/smago.de\/ws2\/wp-json\/wp\/v2\/posts\/129888\/revisions"}],"predecessor-version":[{"id":129891,"href":"https:\/\/smago.de\/ws2\/wp-json\/wp\/v2\/posts\/129888\/revisions\/129891"}],"wp:featuredmedia":[{"embeddable":true,"href":"https:\/\/smago.de\/ws2\/wp-json\/wp\/v2\/media\/129889"}],"wp:attachment":[{"href":"https:\/\/smago.de\/ws2\/wp-json\/wp\/v2\/media?parent=129888"}],"wp:term":[{"taxonomy":"category","embeddable":true,"href":"https:\/\/smago.de\/ws2\/wp-json\/wp\/v2\/categories?post=129888"},{"taxonomy":"post_tag","embeddable":true,"href":"https:\/\/smago.de\/ws2\/wp-json\/wp\/v2\/tags?post=129888"}],"curies":[{"name":"wp","href":"https:\/\/api.w.org\/{rel}","templated":true}]}}