{"id":129787,"date":"2019-05-16T00:01:01","date_gmt":"2019-05-15T22:01:01","guid":{"rendered":"https:\/\/smago.de\/?p=129787"},"modified":"2019-05-16T07:19:41","modified_gmt":"2019-05-16T05:19:41","slug":"jay-khan-smago-exklusiv-interview-king-khan-ab-sofort-bei-electrola-unter-vertrag","status":"publish","type":"post","link":"https:\/\/smago.de\/ws2\/pop-schlager\/jay-khan-smago-exklusiv-interview-king-khan-ab-sofort-bei-electrola-unter-vertrag\/","title":{"rendered":"JAY KHAN <br>smago! Exklusiv-Interview: &#8222;King Khan&#8220; ab sofort bei Electrola unter Vertrag!"},"content":{"rendered":"<p>Den entscheidenden Tipp habe er von Schlager- und Unterhaltungspapst Michael J\u00fcrgens bekommen &#8230;:<br \/>\n<!--more--><\/p>\n<p>&nbsp;<\/p>\n<p style=\"text-align: justify;\"><strong>Lieber Jay, ist es zutreffend das \u201eKing Khan\u201c jetzt in der absoluten K\u00f6nigsklasse der Plattenfirmen mitspielt und jetzt bei Universal unter Vertrag ist?<\/strong><\/p>\n<p style=\"text-align: justify;\">Das stimmt, ich darf mit sehr gro\u00dfer Freude verk\u00fcnden, dass ich bei der ELECTROLA UNIVERSAL meinen Plattenvertrag unterschrieben habe. Ich habe die letzten Jahre so sehr davon getr\u00e4umt und hart daran gearbeitet, um das Interesse eines Labels zu gewinnen &#8211; dass es die gr\u00f6\u00dfte Firma im Lande sein w\u00fcrde, h\u00e4tte ich mir nie ertr\u00e4umen lassen k\u00f6nnen. Ich bin voller Demut und unfassbar dankbar f\u00fcr diese Chance und das Vertrauen, welches mir entgegengebracht wird.Ich sehe es absolut nicht als selbstverst\u00e4ndlich. Michael J\u00fcrgens gab mir vor 2,5 Jahren den wertvollen Ratschlag, ich m\u00fcsse mich erstmal beweisen und den Leuten zeigen, dass ich den Schlager liebe und lebe , und das nur so ein Plattenvertrag in Aussicht stehen k\u00f6nne. Ich nahm mir das sehr zu Herzen &#8211; er hatte recht.<\/p>\n<p style=\"text-align: justify;\"><strong>Wir zerm\u00fcrbend war es f\u00fcr dich, dass viele in der Branche sich eher &#8211; milde ausgedr\u00fcckt &#8211; \u201eabwartend\u201c verhalten haben, was deine Person betrifft?<\/strong><\/p>\n<p style=\"text-align: justify;\">\u00dcberhaupt nicht, damit habe ich fest gerechnet. Es erscheint mir, als w\u00fcrde man mir schon immer wenig zugetraut haben. Als ich Anfang der 2000\u2018 er als Barkeeper Leuten erz\u00e4hlte, ich schreibe Songs , wurde ich bel\u00e4chelt, 1 Jahr sp\u00e4ter co komponierte ich meine erste Nummer 1 in den Charts. Als ich dann erz\u00e4hlte, ich wolle in einer Boyband singen, hat man mich ausgelacht &#8211; 2 Jahre sp\u00e4ter stand ich in den top 10 der amerikanischen Billboard Charts. Ich denke dass viele da drau\u00dfen mich immernoch mit Boyband, Top Models und Reality Tv in Verbindung bringen, obwohl das fast 10 Jahre her ist. Hier bei uns ist es leider so, dass wenn man einmal ein Bild oder eine Meinung von einer Person hat, man sich nur schwer davon abbringen l\u00e4sst. Mir wird immer nachgesagt und erz\u00e4hlt, ich w\u00fcrde polarisieren. Mittlerweile habe ich aufgeh\u00f6rt mir dar\u00fcber den Kopf zu zerbrechen.<\/p>\n<p style=\"text-align: justify;\"><strong>Anschlussfrage: Freust du dich schon darauf, den vielen \u201eVerhinderern\u201c des Jay Khan ins Gesicht zu l\u00e4cheln?<\/strong><\/p>\n<p style=\"text-align: justify;\">Fr\u00fcher h\u00e4tte ich das sicherlich gerne einigen Zynikern und Zweiflern auf\u2018s Brot geschmiert. Aber auch ich habe dazu gelernt und viel an mir und meinem Verhalten und Umgang mit Situationen gearbeitet und mich immer wieder selbst reflektiert. Mittlerweile konzentriere ich mich rein allein auf meine Arbeit und Musik. Alles andere saugt nur unn\u00f6tige Energie und bringt einen kein St\u00fcck voran. Das Verhalten sogenannter \u201eVerhinderer\u201c, die teilweise noch nie ein Wort mit einem gewechselt haben, zeugt in der Regel nur von eigener Unzufriedenheit. Ich bin jetzt 37 und habe keine Zeit, mich mit sowas zu besch\u00e4ftigen. Ich g\u00f6nne jedem sein Gl\u00fcck, denn nur so kann einem das eigene verg\u00f6nnt werden.<\/p>\n<p style=\"text-align: justify;\"><strong>Hast du Verst\u00e4ndnisse f\u00fcr Schlagerstars der Stunde &#8222;Null&#8220;, die sagen: Jetzt kommen die ganzen Pop-Acts, machen auf einmal Schlager und nehmen uns die ohnehin viel zu wenigen Pl\u00e4tze in den TV-Shows weg?<\/strong><\/p>\n<p style=\"text-align: justify;\">Das ist doch albern. Maite Kelly und Ross Antony sind u. a. seit Jahren dabei und haben auch fr\u00fcher englischsprachigen Pop gesungen. Und ganz im Gegenteil, es ist noch viel schwieriger f\u00fcr jemanden mit einer Vergangenheit im Pop-Bereich sich neu im Schlager zu bew\u00e4hren und Akzeptanz zu bekommen. Der Grund warum so viele K\u00fcnstler aus dem Pop dazukommen ist schlichtweg, weil \u201eSchlager\u201c sich stetig ver\u00e4ndert, moderner wird und die einst undurchdringlichen Barrieren zwischen Pop und Schlager immer mehr verschwinden. In den 60ern 70ern hat es keinen gest\u00f6rt, wenn internationale Interpreten deutsch sangen &#8211; heute ist es auf einmal ein heikles Thema. Bin ich jetzt weniger glaubw\u00fcrdig, weil ich fr\u00fcher in einer internationalen Band war? Ich singe seit acht Jahren auf Deutsch &#8211; doppelt so lang wie auf Englisch. Noch Fragen?<\/p>\n<p style=\"text-align: justify;\"><strong>Wie sieht der konkrete \u201eSchlachtplan\u201c mit Universal aus?<\/strong><\/p>\n<p style=\"text-align: justify;\">Der Schlachtplan ist einfach : Musik entstehen zu lassen, die Menschen ber\u00fchrt und nicht dabei so klingen zu m\u00fcssen wie jeder andere. Das Genre \u201eSchlager\u201c ist mittlerweile so breit und umfangreich und l\u00e4sst gen\u00fcgend Raum f\u00fcr neue Impulse. Glasperlenspiel ist f\u00fcr mich genauso Schlager wie Vanessa Mai &#8211; wo ist da der Unterschied? Pietro Lombardi tritt auch in der NINA auf. Das eine nennt sich Pop, das andere Schlager. Selbst hartgesottene Dj\u2018s wie Stereo Act oder DJ Herzbeat \u00f6ffnen sich mittlerweile auch dem Schlager &#8211; und das ist gut so.<\/p>\n<p style=\"text-align: justify;\"><strong>Gibt es eine Wunsch-Duettpartnerin oder einen Wunsch-Duettpartner f\u00fcr Jay Khan?<\/strong><\/p>\n<p style=\"text-align: justify;\">Ich liebe Andrea Berg und Helene Fischer aber Sarah Lombardi finde ich auch sehr spannend. Ich hoffe, sie hat im Schlager ihr neues zu Hause gefunden, denn es steht ihr sehr gut!<\/p>\n<p style=\"text-align: justify;\"><strong>Welches \u201eReality TV\u201c Format k\u00f6nntest du dir f\u00fcr dich vorstellen? Oder hast du genug von solchen Formaten?<\/strong><\/p>\n<p style=\"text-align: justify;\">Davon habe ich genug. Diesen Fehler begehe ich nicht nochmal. Wenn man jung und orientierungslos ist , ist es einfach sich verleiten zu lassen. Ich bin nicht ungl\u00fccklich diese Erfahrung mal gemacht zu haben, denn ich habe daraus gelernt und bin daran gewachsen.<\/p>\n<p style=\"text-align: justify;\"><strong>Beatrice Egli pr\u00e4sentiert demn\u00e4chst bei RTL die Dating Show \u201eSchlager sucht Liebe\u201c. W\u00e4re das eine Option f\u00fcr dich?<\/strong><\/p>\n<p style=\"text-align: justify;\">Definitiv NEIN. Mein Privatleben ist mir mittlerweile sehr wichtig<\/p>\n<p style=\"text-align: justify;\"><strong>Und: Wie w\u00e4re es um \u201eLet\u2019s Dance\u201c bestellt?<\/strong><\/p>\n<p style=\"text-align: justify;\">Das w\u00fcrde ich sehr gerne machen , da ich von bereits vergangenen Teilnehmern wei\u00df, was f\u00fcr eine k\u00f6rperliche Herausforderung das ist , und ich noch nie Erfahrungen mit Paar- Standard Tanz hatte. Ich mag es, neue Dinge zu probieren und Grenzen zu erweitern.<\/p>\n<p>&nbsp;<\/p>\n<p>&nbsp;<\/p>\n<p><img decoding=\"async\" loading=\"lazy\" class=\"alignnone size-full wp-image-129806\" src=\"https:\/\/online.smago.de\/ws2\/wp-content\/uploads\/2019\/05\/3KJHqXDBRx5cdNqlcMI_.jpeg\" alt=\"\" width=\"450\" height=\"600\" srcset=\"https:\/\/smago.de\/ws2\/wp-content\/uploads\/2019\/05\/3KJHqXDBRx5cdNqlcMI_.jpeg 450w, https:\/\/smago.de\/ws2\/wp-content\/uploads\/2019\/05\/3KJHqXDBRx5cdNqlcMI_-113x150.jpeg 113w, https:\/\/smago.de\/ws2\/wp-content\/uploads\/2019\/05\/3KJHqXDBRx5cdNqlcMI_-225x300.jpeg 225w, https:\/\/smago.de\/ws2\/wp-content\/uploads\/2019\/05\/3KJHqXDBRx5cdNqlcMI_-392x522.jpeg 392w, https:\/\/smago.de\/ws2\/wp-content\/uploads\/2019\/05\/3KJHqXDBRx5cdNqlcMI_-143x190.jpeg 143w, https:\/\/smago.de\/ws2\/wp-content\/uploads\/2019\/05\/3KJHqXDBRx5cdNqlcMI_-218x290.jpeg 218w, https:\/\/smago.de\/ws2\/wp-content\/uploads\/2019\/05\/3KJHqXDBRx5cdNqlcMI_-334x445.jpeg 334w\" sizes=\"(max-width: 450px) 100vw, 450px\" \/><\/p>\n<p>&nbsp;<\/p>\n<p>&nbsp;<\/p>\n<p><img decoding=\"async\" loading=\"lazy\" class=\"alignnone size-large wp-image-129829\" src=\"https:\/\/online.smago.de\/ws2\/wp-content\/uploads\/2019\/05\/khan_hellwig-1024x964.jpg\" alt=\"\" width=\"660\" height=\"621\" srcset=\"https:\/\/smago.de\/ws2\/wp-content\/uploads\/2019\/05\/khan_hellwig-1024x964.jpg 1024w, https:\/\/smago.de\/ws2\/wp-content\/uploads\/2019\/05\/khan_hellwig-159x150.jpg 159w, https:\/\/smago.de\/ws2\/wp-content\/uploads\/2019\/05\/khan_hellwig-300x282.jpg 300w, https:\/\/smago.de\/ws2\/wp-content\/uploads\/2019\/05\/khan_hellwig-768x723.jpg 768w, https:\/\/smago.de\/ws2\/wp-content\/uploads\/2019\/05\/khan_hellwig-555x522.jpg 555w, https:\/\/smago.de\/ws2\/wp-content\/uploads\/2019\/05\/khan_hellwig-202x190.jpg 202w, https:\/\/smago.de\/ws2\/wp-content\/uploads\/2019\/05\/khan_hellwig-308x290.jpg 308w, https:\/\/smago.de\/ws2\/wp-content\/uploads\/2019\/05\/khan_hellwig-473x445.jpg 473w, https:\/\/smago.de\/ws2\/wp-content\/uploads\/2019\/05\/khan_hellwig.jpg 1125w\" sizes=\"(max-width: 660px) 100vw, 660px\" \/><\/p>\n","protected":false},"excerpt":{"rendered":"<p>Den entscheidenden Tipp habe er von Schlager- und Unterhaltungspapst Michael J\u00fcrgens bekommen &#8230;:<\/p>\n","protected":false},"author":2,"featured_media":129803,"comment_status":"open","ping_status":"closed","sticky":false,"template":"","format":"standard","meta":{"_FSMCFIC_featured_image_caption":"","_FSMCFIC_featured_image_nocaption":"","_FSMCFIC_featured_image_hide":""},"categories":[28,39],"tags":[165],"acf":[],"_links":{"self":[{"href":"https:\/\/smago.de\/ws2\/wp-json\/wp\/v2\/posts\/129787"}],"collection":[{"href":"https:\/\/smago.de\/ws2\/wp-json\/wp\/v2\/posts"}],"about":[{"href":"https:\/\/smago.de\/ws2\/wp-json\/wp\/v2\/types\/post"}],"author":[{"embeddable":true,"href":"https:\/\/smago.de\/ws2\/wp-json\/wp\/v2\/users\/2"}],"replies":[{"embeddable":true,"href":"https:\/\/smago.de\/ws2\/wp-json\/wp\/v2\/comments?post=129787"}],"version-history":[{"count":6,"href":"https:\/\/smago.de\/ws2\/wp-json\/wp\/v2\/posts\/129787\/revisions"}],"predecessor-version":[{"id":129830,"href":"https:\/\/smago.de\/ws2\/wp-json\/wp\/v2\/posts\/129787\/revisions\/129830"}],"wp:featuredmedia":[{"embeddable":true,"href":"https:\/\/smago.de\/ws2\/wp-json\/wp\/v2\/media\/129803"}],"wp:attachment":[{"href":"https:\/\/smago.de\/ws2\/wp-json\/wp\/v2\/media?parent=129787"}],"wp:term":[{"taxonomy":"category","embeddable":true,"href":"https:\/\/smago.de\/ws2\/wp-json\/wp\/v2\/categories?post=129787"},{"taxonomy":"post_tag","embeddable":true,"href":"https:\/\/smago.de\/ws2\/wp-json\/wp\/v2\/tags?post=129787"}],"curies":[{"name":"wp","href":"https:\/\/api.w.org\/{rel}","templated":true}]}}