{"id":129278,"date":"2019-05-02T00:00:40","date_gmt":"2019-05-01T22:00:40","guid":{"rendered":"https:\/\/smago.de\/?p=129278"},"modified":"2019-05-01T22:00:39","modified_gmt":"2019-05-01T20:00:39","slug":"harry-wijnvoord-erste-titelseite-seit-1991","status":"publish","type":"post","link":"https:\/\/smago.de\/ws2\/schlager\/harry-wijnvoord-erste-titelseite-seit-1991\/","title":{"rendered":"HARRY WIJNVOORD <br>Erste Titelseite seit 1991!"},"content":{"rendered":"<p>Das &#8222;TVMagazin&#8220; von sonnenklar.TV macht&#8217;s m\u00f6glich &#8230;:<br \/>\n<!--more--><\/p>\n<p>&nbsp;<\/p>\n<p style=\"text-align: justify;\">\n<p style=\"text-align: justify;\">Heute (02.05.2019) kommt unser neues Magazin in den Handel. Und das hat es in sich. Das Besondere ist aber nicht \u201ein\u201c, sondern \u201eau\u00dfen\u201c: Auf dem Cover lacht uns nicht wie so<span class=\"text_exposed_show\">nst eine h\u00fcbsche Dame entgegen \u2013 sondern ein Mann. HARRY WIJNVOORD ist der Titelstar unseres neuen Magazins.<\/span><\/p>\n<div class=\"text_exposed_show\" style=\"text-align: justify;\">\n<p>Aber nicht \u00fcberbieten! Mit dieser Aufforderung in der RTL-Spielshow \u201eDer Preis ist hei\u00df\u201c avancierte Harry Wijnvoord in den 90er-Jahren zum Kultmoderator. Fast 1.900 Folgen lang lie\u00df er seine Kandidaten die korrekten Preise von Konsumprodukten erraten. Den Job nahm er sp\u00e4ter selbstironisch immer wieder auf die\u00a0Schippe. Dank seiner unvergesslichen Art hat er sich aber auch abseits dieser TV-Erinnerung etabliert: Der leidenschaftliche Koch setzt sich f\u00fcr einige Charity-Einrichtungen ein und ist ein h\u00e4ufig gebuchter Moderator f\u00fcr Events und Fernsehsendungen. So ist er beispielsweise \u201eReisebotschafter\u201c f\u00fcr sonnenklar.TV, wo er f\u00fcr den Sender die sch\u00f6nsten Orte der ganzen Welt entdeckt und Reisebegeisterten die besten Insider-Tipps gibt.<\/p>\n<p>Und wenn das noch kein Grund ist, es auf unsere Titelseite zu schaffen, dann haben wir noch einen: Am 12. Mai feiert Harry seinen 70. Geburtstag!<\/p>\n<p>Also: Ab ans Kiosk morgen &#8211; und holt Euch Harry nach Hause!<\/p>\n<\/div>\n<p style=\"text-align: justify;\">\n<p>&nbsp;<\/p>\n<p>Seit 1991 meine erste Titelseite.<\/p>\n","protected":false},"excerpt":{"rendered":"<p>Das &#8222;TVMagazin&#8220; von sonnenklar.TV macht&#8217;s m\u00f6glich &#8230;:<\/p>\n","protected":false},"author":2,"featured_media":129279,"comment_status":"open","ping_status":"closed","sticky":false,"template":"","format":"standard","meta":{"_FSMCFIC_featured_image_caption":"","_FSMCFIC_featured_image_nocaption":"","_FSMCFIC_featured_image_hide":""},"categories":[29],"tags":[978],"acf":[],"_links":{"self":[{"href":"https:\/\/smago.de\/ws2\/wp-json\/wp\/v2\/posts\/129278"}],"collection":[{"href":"https:\/\/smago.de\/ws2\/wp-json\/wp\/v2\/posts"}],"about":[{"href":"https:\/\/smago.de\/ws2\/wp-json\/wp\/v2\/types\/post"}],"author":[{"embeddable":true,"href":"https:\/\/smago.de\/ws2\/wp-json\/wp\/v2\/users\/2"}],"replies":[{"embeddable":true,"href":"https:\/\/smago.de\/ws2\/wp-json\/wp\/v2\/comments?post=129278"}],"version-history":[{"count":1,"href":"https:\/\/smago.de\/ws2\/wp-json\/wp\/v2\/posts\/129278\/revisions"}],"predecessor-version":[{"id":129280,"href":"https:\/\/smago.de\/ws2\/wp-json\/wp\/v2\/posts\/129278\/revisions\/129280"}],"wp:featuredmedia":[{"embeddable":true,"href":"https:\/\/smago.de\/ws2\/wp-json\/wp\/v2\/media\/129279"}],"wp:attachment":[{"href":"https:\/\/smago.de\/ws2\/wp-json\/wp\/v2\/media?parent=129278"}],"wp:term":[{"taxonomy":"category","embeddable":true,"href":"https:\/\/smago.de\/ws2\/wp-json\/wp\/v2\/categories?post=129278"},{"taxonomy":"post_tag","embeddable":true,"href":"https:\/\/smago.de\/ws2\/wp-json\/wp\/v2\/tags?post=129278"}],"curies":[{"name":"wp","href":"https:\/\/api.w.org\/{rel}","templated":true}]}}