{"id":128658,"date":"2019-04-20T00:00:39","date_gmt":"2019-04-19T22:00:39","guid":{"rendered":"https:\/\/smago.de\/?p=128658"},"modified":"2019-04-19T20:32:02","modified_gmt":"2019-04-19T18:32:02","slug":"sarah-connor-sarah-connor-veroeffentlicht-lyric-video-zu-ihrer-neuen-single-vincent","status":"publish","type":"post","link":"https:\/\/smago.de\/ws2\/pop\/sarah-connor-sarah-connor-veroeffentlicht-lyric-video-zu-ihrer-neuen-single-vincent\/","title":{"rendered":"SARAH CONNOR <br>Sarah Connor ver\u00f6ffentlicht Lyric-Video zu ihrer neuen Single &#8222;Vincent&#8220;!"},"content":{"rendered":"<p>Im Herbst geht Sarah Connor zur Freude ihrer Fans endlich wieder auf gro\u00dfe Live-Tournee!<br \/>\n<!--more--><\/p>\n<p>&nbsp;<\/p>\n<p>&nbsp;<\/p>\n<p style=\"text-align: justify;\">Mit ihrer neuen Single &#8222;Vincent&#8220; meldete sich SARAH CONNOR zur\u00fcck und begeistert Fans und Kritiker gleicherma\u00dfen. Die Powerfrau legt nun das Lyric-Video zu &#8222;Vincent&#8220; vor und verk\u00fcrzt die Wartezeit auf ihr neues Album &#8222;Herz Kraft Werke&#8220;, das am 31. Mai ver\u00f6ffentlicht wird.<\/p>\n<p>Entstanden ist das neue Album &#8222;Herz Kraft Werke&#8220; u.a. in Nashville und London. Neben Peter Plate und Ulf Sommer, die mit Sarah Connor an &#8222;Vincent&#8220; arbeiteten, haben u.a. auch die Cellistin Rosie Danvers (Adele, Kanye West), Nico Rebscher (Alice Merton), Simon Triebel und Ali Zuckowski und Produzent Djorkaeff (Konstantin Scherer) an dem Album mitgewirkt.<\/p>\n<p style=\"text-align: justify;\">Im Herbst geht Sarah Connor zur Freude ihrer Fans auf gro\u00dfe Live-Tournee und wird am 12.11.2019 auch in der Wiener Stadthalle auftreten.<\/p>\n<p>&nbsp;<\/p>\n<p><iframe loading=\"lazy\" title=\"Sarah Connor - Vincent (Lyric Video)\" width=\"800\" height=\"450\" src=\"https:\/\/www.youtube.com\/embed\/_rrK-AwCzEI?feature=oembed\" frameborder=\"0\" allow=\"accelerometer; autoplay; encrypted-media; gyroscope; picture-in-picture\" allowfullscreen><\/iframe><\/p>\n<p>&nbsp;<\/p>\n","protected":false},"excerpt":{"rendered":"<p>Im Herbst geht Sarah Connor zur Freude ihrer Fans endlich wieder auf gro\u00dfe Live-Tournee!<\/p>\n","protected":false},"author":2,"featured_media":122141,"comment_status":"open","ping_status":"closed","sticky":false,"template":"","format":"standard","meta":{"_FSMCFIC_featured_image_caption":"","_FSMCFIC_featured_image_nocaption":"","_FSMCFIC_featured_image_hide":""},"categories":[27],"tags":[675],"acf":[],"_links":{"self":[{"href":"https:\/\/smago.de\/ws2\/wp-json\/wp\/v2\/posts\/128658"}],"collection":[{"href":"https:\/\/smago.de\/ws2\/wp-json\/wp\/v2\/posts"}],"about":[{"href":"https:\/\/smago.de\/ws2\/wp-json\/wp\/v2\/types\/post"}],"author":[{"embeddable":true,"href":"https:\/\/smago.de\/ws2\/wp-json\/wp\/v2\/users\/2"}],"replies":[{"embeddable":true,"href":"https:\/\/smago.de\/ws2\/wp-json\/wp\/v2\/comments?post=128658"}],"version-history":[{"count":1,"href":"https:\/\/smago.de\/ws2\/wp-json\/wp\/v2\/posts\/128658\/revisions"}],"predecessor-version":[{"id":128660,"href":"https:\/\/smago.de\/ws2\/wp-json\/wp\/v2\/posts\/128658\/revisions\/128660"}],"wp:featuredmedia":[{"embeddable":true,"href":"https:\/\/smago.de\/ws2\/wp-json\/wp\/v2\/media\/122141"}],"wp:attachment":[{"href":"https:\/\/smago.de\/ws2\/wp-json\/wp\/v2\/media?parent=128658"}],"wp:term":[{"taxonomy":"category","embeddable":true,"href":"https:\/\/smago.de\/ws2\/wp-json\/wp\/v2\/categories?post=128658"},{"taxonomy":"post_tag","embeddable":true,"href":"https:\/\/smago.de\/ws2\/wp-json\/wp\/v2\/tags?post=128658"}],"curies":[{"name":"wp","href":"https:\/\/api.w.org\/{rel}","templated":true}]}}