{"id":128437,"date":"2019-04-12T00:00:49","date_gmt":"2019-04-11T22:00:49","guid":{"rendered":"https:\/\/smago.de\/?p=128437"},"modified":"2019-04-11T19:49:46","modified_gmt":"2019-04-11T17:49:46","slug":"lena-meyer-landrut-u-a-heute-12-04-2019-in-der-840-ausgabe-der-ndr-talk-show-zu-gast","status":"publish","type":"post","link":"https:\/\/smago.de\/ws2\/pop\/lena-meyer-landrut-u-a-heute-12-04-2019-in-der-840-ausgabe-der-ndr-talk-show-zu-gast\/","title":{"rendered":"LENA MEYER-LANDRUT u.a. <br>Heute (12.04.2019) in der 840. Ausgabe der &#8222;NDR Talk Show&#8220; zu Gast!"},"content":{"rendered":"<p>NDR fernsehen, hr fernsehen + rbb FERNSEHEN, 22:00 Uhr &#8211; 00:15 Uhr! Moderation: Barbara Sch\u00f6neberger und Hubertus Meyer-Burckhardt!<br \/>\n<!--more--><\/p>\n<p style=\"text-align: justify;\">\n<p>&nbsp;<\/p>\n<h3 style=\"text-align: justify;\">J\u00f6rg Pilawa, Moderator<\/h3>\n<p>&nbsp;<\/p>\n<div class=\"contentimage w50\" style=\"text-align: justify;\">\n<div class=\"image-container landscape\"><\/div>\n<\/div>\n<p style=\"text-align: justify;\">Herzlichen Gl\u00fcckwunsch! Vor 25 Jahren hat er seine Fernsehkarriere begonnen und ist seitdem aus der Fernsehlandschaft nicht mehr wegzudenken: J\u00f6rg Pilawa ist einer der erfolgreichsten und beliebtesten Quiz-, Talk- und Showmoderatoren im \u00f6ffentlich-rechtlichen Fernsehen. Am Mikrofon und im Rampenlicht f\u00fchlte er sich schon fr\u00fch zu Hause: Bevor er beim TV anfing, war der aus Hamburg-Poppenb\u00fcttel stammende Familienvater als Radiomoderator t\u00e4tig. Am 20. April 2019 moderiert J\u00f6rg Pilawa eine weitere Folge der brandneuen Eurovisions-Quizshow &#8222;Ich wei\u00df alles&#8220; in der ARD. Im Mittelpunkt des internationalen Quiz stehen Kandidatinnen und Kandidaten, die die Zuschauerinnen und Zuschauer in Deutschland, \u00d6sterreich und der Schweiz mit ihrem unglaublichen und vielseitigen Wissen zum Staunen bringen werden.<\/p>\n<p style=\"text-align: justify;\">\n<p style=\"text-align: justify;\">\n<p>&nbsp;<\/p>\n<h3 style=\"text-align: justify;\">Elyas M&#8217;Barek, Schauspieler<\/h3>\n<div class=\"contentimage w50\" style=\"text-align: justify;\">\n<div class=\"image-container landscape\"><\/div>\n<\/div>\n<p style=\"text-align: justify;\">2006 gelang ihm in der ARD-Serie &#8222;T\u00fcrkisch f\u00fcr Anf\u00e4nger&#8220; der Durchbruch. Seine Rolle als ehemaliger Kleinkrimineller und M\u00f6chtergern-Lehrer Zeki M\u00fcller in &#8222;Fack ju G\u00f6hte&#8220; machte ihn 2013 endg\u00fcltig zum Star. F\u00fcr seine neue Rolle recherchierte Elyas M&#8217;Barek nicht in der Schule, sondern im Gerichtssaal: Was treibt einen v\u00f6llig unbescholtenen Mann zu einem Mord? Und was hat Recht mit Gerechtigkeit zu tun? Mit diesen Fragen sieht sich Elyas M&#8217;Barek als Pflichtverteidiger Caspar Leinen in &#8222;Der Fall Collini&#8220; konfrontiert, der Verfilmung des Bestsellers von Ferdinand von Schirach. Welche Prozesse er sich im Gerichtssaal zur Vorbereitung auf seine Rolle angesehen hat und wie sich sein Blick auf die Justiz ver\u00e4nderte, das erz\u00e4hlt der 36-J\u00e4hrige in der NDR Talk Show.<\/p>\n<p>&nbsp;<\/p>\n<p>&nbsp;<\/p>\n<p>&nbsp;<\/p>\n<h3 style=\"text-align: justify;\">Lena Meyer-Landrut, S\u00e4ngerin<\/h3>\n<div class=\"contentimage w50\" style=\"text-align: justify;\">\n<div class=\"image-container landscape\"><\/div>\n<\/div>\n<p style=\"text-align: justify;\">Lena Meyer-Landrat ist S\u00e4ngerin, Werbegesicht, Castingshow Jurorin und Social Media Star. Im Herbst 2009 bewarb sich die geb\u00fcrtige Hannoveranerin f\u00fcr die Castingshow &#8222;Unser Star f\u00fcr Oslo&#8220;, den deutschen Vorentscheid zum Eurovision Song Contest 2010. Im Jahr darauf schrieb sie ein St\u00fcck Deutsche Musikgeschichte: Lena ersang sich den Sieg in Norwegen\u00a0und wurde \u00fcber Nacht zum Star. Heute, fast zehn Jahre sp\u00e4ter, erscheint das langersehnte f\u00fcnfte Album. Eigentlich sollte es schon im letzten Jahr ver\u00f6ffentlicht werden, aber die S\u00e4ngerin nahm sich eine kreative Pause und singt auf der neue CD jetzt sehr pers\u00f6nlich \u00fcber ihr Verh\u00e4ltnis zur Presse und &#8211; wie der Titel &#8222;Only Love, L.&#8220; schon verr\u00e4t &#8211; \u00fcber die Liebe. In der NDR Talk spricht Lena dar\u00fcber wie sie mit den st\u00e4ndigen Schlagzeilen und Ger\u00fcchten um ihre Person umgeht und singt in einer exklusiven NDR Talk Show Version ihre aktuelle Single.<\/p>\n<p style=\"text-align: justify;\">\n<p style=\"text-align: justify;\">\n<h3 style=\"text-align: justify;\">Bettina &#8222;Betty&#8220; Schliephake-Burchardt, Konditorin<\/h3>\n<p style=\"text-align: justify;\">\n<p style=\"text-align: justify;\">Die Konditormeisterin Bettina Schliephake-Burchardt gr\u00fcndete vor 25 Jahren das Unternehmen &#8222;Betty&#8217;s Sugar Dreams&#8220;. Die Hamburgerin gilt als Pionierin auf dem Gebiet der Tortendekoration im angels\u00e4chsischen Stil. Zwei Jahrzehnte hat sie Hochzeits- und Motivtorten verkauft, bevor sie sich ganz der Fortbildung und Beratung verschrieben hat. Heute ist sie nicht nur als Bloggerin und YouTuberin erfolgreich, auch im Fernsehen sorgt sie f\u00fcr Traumquoten: Seit 2015 geh\u00f6rt sie zum Jurorenteam der Fernsehsendung &#8222;Das gro\u00dfe Backen&#8220; in Sat1. In der NDR Talkshow wird sie eine Kostprobe ihrer vielfach preisgekr\u00f6nten Tortenkunst pr\u00e4sentieren und wichtige Tipps f\u00fcr das anstehende Osterfest bieten.<\/p>\n<p style=\"text-align: justify;\">\n<p style=\"text-align: justify;\">\n<h3 style=\"text-align: justify;\">Prof. Stefan K\u00f6lsch, Neurowissenschaftler und Musikpsychologe<\/h3>\n<p>&nbsp;<\/p>\n<div class=\"contentimage w50\" style=\"text-align: justify;\"><\/div>\n<p style=\"text-align: justify;\">Der weltweit anerkannte Musikpsychologe Prof. Dr. Stefan K\u00f6lsch ist sich sicher: Kl\u00e4nge und T\u00f6ne helfen unserem K\u00f6rper besser als Medikamente. Die heilenden Kr\u00e4fte von Musik k\u00f6nnen Parkinsonkranke wieder zum Gehen bringen, Stumme k\u00f6nnen wieder sprechen und Autisten Gef\u00fchle zeigen. Forscher k\u00f6nnen es l\u00e4ngst wissenschaftlich belegen: Musik h\u00e4lt tats\u00e4chlich fit und macht gesund. Musik kann Schlaganfallpatienten genauso helfen, wie chronisch erkrankten Menschen und Demenzkranken. Stefan K\u00f6lsch gilt als Koryph\u00e4e in der Neurowissenschaft, eigentlich wollte er professionell Geige in einem Orchester spielen &#8211; bis er seine Leidenschaft f\u00fcr die Musikpsychologie entdeckte. Koelsch hat in Harvard und Boston geforscht, am Max-Planck-Institut in Leipzig sowie an der Freien Universit\u00e4t Berlin. Heute arbeitet er an der Universit\u00e4t Bergen in Norwegen. In der NDR Talk Show verr\u00e4t Stefan K\u00f6lsch zahlreiche Tipps, wie jeder mit Musik im Alltag sein Wohlbefinden unterst\u00fctzen und f\u00f6rdern kann.<\/p>\n<p>&nbsp;<\/p>\n<p>&nbsp;<\/p>\n<p>&nbsp;<\/p>\n<h3 style=\"text-align: justify;\">Britta Stender, Pastorin und Chefin der Feuerwehr in Elmshorn<\/h3>\n<p>&nbsp;<\/p>\n<div class=\"contentimage w50\" style=\"text-align: justify;\"><\/div>\n<p style=\"text-align: justify;\">Wenn es brennt, hilft Pastorin Britta Stender in doppelter Funktion: mit seelsorgerischem Rat und mit dem Feuerwehrschlauch. Die Pastorin, die in Kiel geboren wurde, f\u00fchrt die evangelische Friedenskirchengemeinde in Elmshorn. Und seit M\u00e4rz dieses Jahres ist sie ehrenamtlich Leiterin der Freiwilligen Feuerwehr Elmshorn, die zu den gr\u00f6\u00dften Wehren im Kreis Pinneberg z\u00e4hlt. Die 53-J\u00e4hrige ist damit die erste Chefin einer gro\u00dfen Feuerwehr. Was ihr als Pastorin am Herzen liegt und wie oft sie bisher zu Feuerwehreins\u00e4tzen gerufen wurde, erz\u00e4hlt Britta Stender in der NDR Talk Show.<\/p>\n<p>&nbsp;<\/p>\n<p>&nbsp;<\/p>\n<h3 style=\"text-align: justify;\">Rainer Sass, Koch<\/h3>\n<div class=\"contentimage w50\" style=\"text-align: justify;\"><\/div>\n<p style=\"text-align: justify;\">Seit 30 Jahren bekocht Rainer Sass die Zuschauer des NDR Fernsehens. &#8222;Kochen muss Spa\u00df bringen und gutes Essen bringt gute Laune&#8220;, so lautet sein Credo. Der Publikumsliebling aus Stade steht f\u00fcr bodenst\u00e4ndige und ehrliche K\u00fcche &#8211; oft garniert mit einem flapsigen Spruch. Zum Auftakt der Spargelsaison verr\u00e4t der Fernsehkoch seine Lieblingsrezepte f\u00fcr das edle Gem\u00fcse und erkl\u00e4rt, woran man die Frische erkennt, wie man Spargel am besten sch\u00e4lt und ob er dicke oder d\u00fcnne Spargel bevorzugt.<\/p>\n<p>&nbsp;<\/p>\n<p>&nbsp;<\/p>\n<p>&nbsp;<\/p>\n<h3 style=\"text-align: justify;\">Anna Schudt, Schauspielerin<\/h3>\n<p>&nbsp;<\/p>\n<div class=\"contentimage w50\" style=\"text-align: justify;\">\n<div class=\"image-container landscape\"><\/div>\n<\/div>\n<p style=\"text-align: justify;\">&#8222;Gaby, wir haben es endlich nach New York geschafft! Ich liebe dich so sehr.&#8220; &#8211; rief Anna Schudt in die Kameras als sie 2017 f\u00fcr ihre Rolle als &#8222;Gaby K\u00f6ster&#8220; im Film &#8222;Ein Schnupfen h\u00e4tte auch gereicht&#8220; mit dem amerikanischen Fernsehpreis &#8222;Emmy&#8220; ausgezeichnet wurde. Ein Riesen Erfolg! Den Zuschauern ist Anna Schudt aber vor allem auch als Dortmunder &#8222;Tatort&#8220;-Kommissarin Martina B\u00f6nisch vertraut, die sie seit 2012 spielt. Privat lebt die sympathische Schauspielerin und zweifache Mutter mit ihrem Mann und den gemeinsamen Kindern in D\u00fcsseldorf.<\/p>\n<p style=\"text-align: justify;\">\n<p>&nbsp;<\/p>\n<p>&nbsp;<\/p>\n","protected":false},"excerpt":{"rendered":"<p>NDR fernsehen, hr fernsehen + rbb FERNSEHEN, 22:00 Uhr &#8211; 00:15 Uhr! Moderation: Barbara Sch\u00f6neberger und Hubertus Meyer-Burckhardt!<\/p>\n","protected":false},"author":2,"featured_media":128438,"comment_status":"open","ping_status":"closed","sticky":false,"template":"","format":"standard","meta":{"_FSMCFIC_featured_image_caption":"","_FSMCFIC_featured_image_nocaption":"","_FSMCFIC_featured_image_hide":""},"categories":[27,128],"tags":[254],"acf":[],"_links":{"self":[{"href":"https:\/\/smago.de\/ws2\/wp-json\/wp\/v2\/posts\/128437"}],"collection":[{"href":"https:\/\/smago.de\/ws2\/wp-json\/wp\/v2\/posts"}],"about":[{"href":"https:\/\/smago.de\/ws2\/wp-json\/wp\/v2\/types\/post"}],"author":[{"embeddable":true,"href":"https:\/\/smago.de\/ws2\/wp-json\/wp\/v2\/users\/2"}],"replies":[{"embeddable":true,"href":"https:\/\/smago.de\/ws2\/wp-json\/wp\/v2\/comments?post=128437"}],"version-history":[{"count":1,"href":"https:\/\/smago.de\/ws2\/wp-json\/wp\/v2\/posts\/128437\/revisions"}],"predecessor-version":[{"id":128439,"href":"https:\/\/smago.de\/ws2\/wp-json\/wp\/v2\/posts\/128437\/revisions\/128439"}],"wp:featuredmedia":[{"embeddable":true,"href":"https:\/\/smago.de\/ws2\/wp-json\/wp\/v2\/media\/128438"}],"wp:attachment":[{"href":"https:\/\/smago.de\/ws2\/wp-json\/wp\/v2\/media?parent=128437"}],"wp:term":[{"taxonomy":"category","embeddable":true,"href":"https:\/\/smago.de\/ws2\/wp-json\/wp\/v2\/categories?post=128437"},{"taxonomy":"post_tag","embeddable":true,"href":"https:\/\/smago.de\/ws2\/wp-json\/wp\/v2\/tags?post=128437"}],"curies":[{"name":"wp","href":"https:\/\/api.w.org\/{rel}","templated":true}]}}