{"id":128332,"date":"2019-04-05T20:37:42","date_gmt":"2019-04-05T18:37:42","guid":{"rendered":"https:\/\/smago.de\/?p=128332"},"modified":"2019-04-05T20:47:38","modified_gmt":"2019-04-05T18:47:38","slug":"wolfgang-trepper-u-a-heute-06-04-2019-in-der-talk-show-3nach9-zu-gast","status":"publish","type":"post","link":"https:\/\/smago.de\/ws2\/nonsens\/wolfgang-trepper-u-a-heute-06-04-2019-in-der-talk-show-3nach9-zu-gast\/","title":{"rendered":"WOLFGANG TREPPER u.a. <br>Heute (05.04.2019) in der Talk-Show &#8222;3nach9&#8220; zu Gast!"},"content":{"rendered":"<p style=\"text-align: justify;\">NDR fernsehen + hr fernsehen, 22:00 Uhr &#8211; 00:00 Uhr!<br \/>\n<!--more--><\/p>\n<p>&nbsp;<\/p>\n<p>&nbsp;<\/p>\n<p style=\"text-align: justify;\">Am 5. April begr\u00fc\u00dfen Judith Rakers und Giovanni di Lorenzo folgende G\u00e4ste im Weserhaus von Radio Bremen: Politiker Robert Habeck, K\u00f6chin Sarah Wiener, Autor Ferdinand von Schirach, Frauen\u00e4rztin Sheila de Liz, Kneipenwirt Daniel Schmidt sowie die ehemaligen Fu\u00dfball-Profis Erwin und Helmut Kremers.<\/p>\n<p>&nbsp;<\/p>\n<p>&nbsp;<\/p>\n<p>&nbsp;<\/p>\n<h3 class=\"sub\" style=\"text-align: justify;\">Die G\u00e4ste am 5. April im \u00dcberblick:<\/h3>\n<h3><\/h3>\n<h3 class=\"sub\" style=\"text-align: justify;\">Robert Hobeck<\/h3>\n<p>&nbsp;<\/p>\n<h3 class=\"sub\" style=\"text-align: justify;\"><\/h3>\n<div style=\"text-align: justify;\">\n<div class=\"desc-klein-links\"><\/div>\n<\/div>\n<p style=\"text-align: justify;\">&#8222;Sprache schafft die Welt&#8220;, schreibt Robert Habeck in seinem aktuellen Bestseller. Man h\u00f6rt dem Bundesvorsitzenden der Gr\u00fcnen gern zu, im vergangenen Jahr verhalfen auch seine Worte der Partei zu einem H\u00f6henflug. Warum er sich \u00fcberwiegend aus den sozialen Netzwerken verabschiedet hat und warum er manchmal in Hotelkellern Hemden b\u00fcgelt, erz\u00e4hlt Robert Habeck bei 3nach9.<\/p>\n<div style=\"text-align: justify;\"><\/div>\n<hr \/>\n<h3 class=\"sub\" style=\"text-align: justify;\">Sarah Wiener \u2013 K\u00f6chin<\/h3>\n<div style=\"text-align: justify;\"><\/div>\n<p style=\"text-align: justify;\">Biob\u00e4uerin und setzt sich daf\u00fcr ein, nachhaltig mit unseren Ressourcen umzugehen: Sarah Wiener. Jetzt will die Parteilose sogar in die Politik gehen und bei der Europawahl im Mai f\u00fcr \u00d6sterreichs Gr\u00fcne kandidieren. Warum Bienenv\u00f6lker komplexe Pers\u00f6nlichkeiten mit spezifischen Eigenschaften und Charakteren sind, berichtet sie im April bei 3nach9.<\/p>\n<div style=\"text-align: justify;\"><\/div>\n<hr \/>\n<h3 class=\"sub\" style=\"text-align: justify;\">Ferdinand von Schirach \u2013 Autor<\/h3>\n<div style=\"text-align: justify;\">\n<div class=\"desc-klein-links\"><\/div>\n<\/div>\n<p style=\"text-align: justify;\">Wie gelingt es, einen Bestseller nach dem n\u00e4chsten zu schreiben? Ferdinand von Schirach besch\u00e4ftigt sich in seinen Werken mit Verbrechen, Schuld und Strafe. Nun folgt &#8222;Kaffee und Zigaretten&#8220;. Ob ihm eben diese Genussmittel beim Entstehungsprozess seines pers\u00f6nlichsten Buches geholfen haben und welche Erinnerungen er an seine Zeit im Jesuiteninternat im Schwarzwald hat, erz\u00e4hlt der ehemalige Strafverteidiger bei 3nach9.<\/p>\n<div style=\"text-align: justify;\"><\/div>\n<hr \/>\n<h3 class=\"sub\" style=\"text-align: justify;\">Sheila de Liz \u2013 Frauen\u00e4rztin<\/h3>\n<div class=\"desc-klein-rechts\" style=\"text-align: justify;\"><\/div>\n<div style=\"text-align: justify;\"><\/div>\n<p style=\"text-align: justify;\">Autos k\u00f6nnen bald fliegen, wir wissen alles \u00fcber die Inhaltsstoffe unserer Lebensmittel, aber wie sieht es eigentlich mit dem Wissen \u00fcber den K\u00f6rper der Frau aus? Aus Unwissenheit und Scham trauen wir uns manchmal nicht die Fragen zu stellen, die das Leben vereinfachen, manchmal sogar lebensrettend sein k\u00f6nnen. Die Frauen\u00e4rztin Sheila de Liz leitet eine Praxis f\u00fcr Gyn\u00e4kologie und Geburtshilfe in Wiesbaden und kl\u00e4rt \u00fcber den weiblichen K\u00f6rper auf.<\/p>\n<div style=\"text-align: justify;\"><\/div>\n<hr \/>\n<h3 class=\"sub\" style=\"text-align: justify;\">Daniel Schmidt \u2013 Kneipenwirt<\/h3>\n<div class=\"desc-klein-links\" style=\"text-align: justify;\"><\/div>\n<div style=\"text-align: justify;\"><\/div>\n<p style=\"text-align: justify;\">Seit seinem 18. Lebensjahr steht er hinter dem Tresen von einer der h\u00e4rtesten Kneipen Deutschlands, dem &#8222;Elbschlosskeller&#8220; in Hamburg St. Pauli. Die Kneipe ist rund um die Uhr ge\u00f6ffnet, Obdachlose treffen dort auf Million\u00e4re, es ist eine Institution f\u00fcr verlorene Seelen. Daniel Schmidt f\u00fchrt die Kneipe in zweiter Generation. Bei 3nach9 erz\u00e4hlt er, warum man als Kneipenwirt auch Psychologe, T\u00fcrsteher, Sozialarbeiter und Animateur sein muss.<\/p>\n<div style=\"text-align: justify;\"><\/div>\n<hr \/>\n<h3 class=\"sub\" style=\"text-align: justify;\">Erwin und Helmut Kremers \u2013 ehemalige Fu\u00dfball-Profis<\/h3>\n<div class=\"desc-klein-rechts\" style=\"text-align: justify;\"><\/div>\n<p style=\"text-align: justify;\">Sie waren die ersten Popstars der Bundesliga: Die Zwillingsbr\u00fcder Erwin und Helmut Kremers. Erfolgreich auf dem Platz, feierten sie auch abseits der Fu\u00dfballstadien gro\u00dfe Erfolge. Mit der Single &#8222;Das M\u00e4dchen meiner Tr\u00e4ume&#8220; landeten sie vor Elvis Presley und Udo J\u00fcrgens in den Charts. \u00dcber das legend\u00e4re Trainingslager von Malente, Schiedsrichterbeschimpfungen und wie sie ihren 70. Geburtstag gefeiert haben, berichten die Zwillinge bei 3nach9.<\/p>\n<div style=\"text-align: justify;\"><\/div>\n<hr \/>\n<h3 class=\"sub\" style=\"text-align: justify;\">Wolfgang Trepper \u2013 Kabarettist<\/h3>\n<div class=\"desc-klein-links\" style=\"text-align: justify;\"><\/div>\n<div style=\"text-align: justify;\"><\/div>\n<p style=\"text-align: justify;\">Er poltert und regt sich gern auf, analysiert Politiker, Fernsehmoderatoren und Fu\u00dfballdramen &#8211; und nat\u00fcrlich Schlagertexte: Kabarettist und Berufsn\u00f6rgler Wolfgang Trepper. Bei 3nach9 erz\u00e4hlt er, wie er sich die politische Macht\u00fcbergabe von Angela Merkel an Annegret Kramp-Karrenbauer vorstellt und warum er noch nie in Deutschlands dienst\u00e4ltester Talkshow zu Gast war.<\/p>\n<p>&nbsp;<\/p>\n<p>&nbsp;<\/p>\n<figure id=\"attachment_52746\" aria-describedby=\"caption-attachment-52746\" style=\"width: 512px\" class=\"wp-caption alignnone\"><img decoding=\"async\" loading=\"lazy\" class=\"size-full wp-image-52746\" src=\"https:\/\/online.smago.de\/ws2\/wp-content\/uploads\/2018\/06\/3nach9_logo.jpg\" alt=\"\" width=\"512\" height=\"288\" srcset=\"https:\/\/smago.de\/ws2\/wp-content\/uploads\/2018\/06\/3nach9_logo.jpg 512w, https:\/\/smago.de\/ws2\/wp-content\/uploads\/2018\/06\/3nach9_logo-267x150.jpg 267w, https:\/\/smago.de\/ws2\/wp-content\/uploads\/2018\/06\/3nach9_logo-435x245.jpg 435w, https:\/\/smago.de\/ws2\/wp-content\/uploads\/2018\/06\/3nach9_logo-300x169.jpg 300w, https:\/\/smago.de\/ws2\/wp-content\/uploads\/2018\/06\/3nach9_logo-292x164.jpg 292w, https:\/\/smago.de\/ws2\/wp-content\/uploads\/2018\/06\/3nach9_logo-510x288.jpg 510w\" sizes=\"(max-width: 512px) 100vw, 512px\" \/><figcaption id=\"caption-attachment-52746\" class=\"wp-caption-text\">Radio Bremen<\/figcaption><\/figure>\n","protected":false},"excerpt":{"rendered":"<p>NDR fernsehen + hr fernsehen, 22:00 Uhr &#8211; 00:00 Uhr!<\/p>\n","protected":false},"author":2,"featured_media":128333,"comment_status":"open","ping_status":"closed","sticky":false,"template":"","format":"standard","meta":{"_FSMCFIC_featured_image_caption":"","_FSMCFIC_featured_image_nocaption":"","_FSMCFIC_featured_image_hide":""},"categories":[23,39,128],"tags":[215],"acf":[],"_links":{"self":[{"href":"https:\/\/smago.de\/ws2\/wp-json\/wp\/v2\/posts\/128332"}],"collection":[{"href":"https:\/\/smago.de\/ws2\/wp-json\/wp\/v2\/posts"}],"about":[{"href":"https:\/\/smago.de\/ws2\/wp-json\/wp\/v2\/types\/post"}],"author":[{"embeddable":true,"href":"https:\/\/smago.de\/ws2\/wp-json\/wp\/v2\/users\/2"}],"replies":[{"embeddable":true,"href":"https:\/\/smago.de\/ws2\/wp-json\/wp\/v2\/comments?post=128332"}],"version-history":[{"count":3,"href":"https:\/\/smago.de\/ws2\/wp-json\/wp\/v2\/posts\/128332\/revisions"}],"predecessor-version":[{"id":128341,"href":"https:\/\/smago.de\/ws2\/wp-json\/wp\/v2\/posts\/128332\/revisions\/128341"}],"wp:featuredmedia":[{"embeddable":true,"href":"https:\/\/smago.de\/ws2\/wp-json\/wp\/v2\/media\/128333"}],"wp:attachment":[{"href":"https:\/\/smago.de\/ws2\/wp-json\/wp\/v2\/media?parent=128332"}],"wp:term":[{"taxonomy":"category","embeddable":true,"href":"https:\/\/smago.de\/ws2\/wp-json\/wp\/v2\/categories?post=128332"},{"taxonomy":"post_tag","embeddable":true,"href":"https:\/\/smago.de\/ws2\/wp-json\/wp\/v2\/tags?post=128332"}],"curies":[{"name":"wp","href":"https:\/\/api.w.org\/{rel}","templated":true}]}}