{"id":128328,"date":"2019-04-06T00:00:50","date_gmt":"2019-04-05T22:00:50","guid":{"rendered":"https:\/\/smago.de\/?p=128328"},"modified":"2019-04-05T20:32:58","modified_gmt":"2019-04-05T18:32:58","slug":"klaus-eberhartinger-eav-u-a-heute-06-04-2019-in-der-sendung-verstehen-sie-spass-zu-gast","status":"publish","type":"post","link":"https:\/\/smago.de\/ws2\/nonsens\/klaus-eberhartinger-eav-u-a-heute-06-04-2019-in-der-sendung-verstehen-sie-spass-zu-gast\/","title":{"rendered":"KLAUS EBERHARTINGER ((EAV)) u.a. <br>Heute (06.04.2019) in der Sendung &#8222;Verstehen Sie Spa\u00df?&#8220; zu Gast!"},"content":{"rendered":"<p>Das Erste \/ ARD, 20:15 Uhr &#8211; 23:30 Uhr! Moderation: Guido Cantz! Sehen Sie HIER den Vorschau-Trailer &#8230;:<br \/>\n<!--more--><\/p>\n<p>&nbsp;<\/p>\n<p>&nbsp;<\/p>\n<p style=\"text-align: justify;\">Live aus den Bavaria Studios in M\u00fcnchen pr\u00e4sentiert Guido Cantz die erste &#8222;Verstehen\u00a0Sie Spa\u00df?&#8220;-Ausgabe des Jahres live im Ersten. Auf dem Programm stehen jede Menge Spa\u00dffilme mit der versteckten Kamera, bei denen auch Prominente \u00fcberrascht werden oder f\u00fcr \u00dcberraschungen sorgen.<\/p>\n<p style=\"text-align: justify;\">Popstar Lena Meyer-Landrut wird als Lockvogel in Aktion sein. Ebenfalls als Lockvogel im Einsatz war SWR-Moderator Pierre M. Krause.<\/p>\n<p style=\"text-align: justify;\">Beim Training reingelegt wurde Ex-Handballweltmeister Michael Kraus, der mit seinem Kollegen Jogi Bitter zu Gast sein wird.<\/p>\n<p style=\"text-align: justify;\">Eine besondere \u00dcberraschung erlebt &#8222;Dancing Stars&#8220;-Moderatorin Mirjam Weichselbraun: Bei einem Promo-Dreh des ORF wird sie mit Unterst\u00fctzung ihres Kollegen Klaus Eberhartinger kr\u00e4ftig aufs Glatteis gef\u00fchrt.<\/p>\n<p style=\"text-align: justify;\">Comedian Sascha Grammel pr\u00e4sentiert Neues aus seinem aktuellen B\u00fchnenprogramm.<\/p>\n<p>&nbsp;<\/p>\n<p>Sehen Sie <strong><a href=\"https:\/\/www.daserste.de\/unterhaltung\/show\/verstehen-sie-spass\/videos\/vorschau-verstehen-sie-spass-video-112.html\">HIER<\/a><\/strong> den Vorschau-Trailer!<\/p>\n<p>&nbsp;<\/p>\n<figure id=\"attachment_128330\" aria-describedby=\"caption-attachment-128330\" style=\"width: 660px\" class=\"wp-caption alignnone\"><img decoding=\"async\" loading=\"lazy\" class=\"size-large wp-image-128330\" src=\"https:\/\/online.smago.de\/ws2\/wp-content\/uploads\/2019\/04\/eberhart_EAV-1024x676.jpg\" alt=\"\" width=\"660\" height=\"436\" srcset=\"https:\/\/smago.de\/ws2\/wp-content\/uploads\/2019\/04\/eberhart_EAV-1024x676.jpg 1024w, https:\/\/smago.de\/ws2\/wp-content\/uploads\/2019\/04\/eberhart_EAV-227x150.jpg 227w, https:\/\/smago.de\/ws2\/wp-content\/uploads\/2019\/04\/eberhart_EAV-300x198.jpg 300w, https:\/\/smago.de\/ws2\/wp-content\/uploads\/2019\/04\/eberhart_EAV-768x507.jpg 768w, https:\/\/smago.de\/ws2\/wp-content\/uploads\/2019\/04\/eberhart_EAV-791x522.jpg 791w, https:\/\/smago.de\/ws2\/wp-content\/uploads\/2019\/04\/eberhart_EAV-288x190.jpg 288w, https:\/\/smago.de\/ws2\/wp-content\/uploads\/2019\/04\/eberhart_EAV-435x287.jpg 435w, https:\/\/smago.de\/ws2\/wp-content\/uploads\/2019\/04\/eberhart_EAV-150x100.jpg 150w, https:\/\/smago.de\/ws2\/wp-content\/uploads\/2019\/04\/eberhart_EAV-674x445.jpg 674w, https:\/\/smago.de\/ws2\/wp-content\/uploads\/2019\/04\/eberhart_EAV.jpg 1200w\" sizes=\"(max-width: 660px) 100vw, 660px\" \/><figcaption id=\"caption-attachment-128330\" class=\"wp-caption-text\">SWR \/ Dominik Beckmann<\/figcaption><\/figure>\n","protected":false},"excerpt":{"rendered":"<p>Das Erste \/ ARD, 20:15 Uhr &#8211; 23:30 Uhr! Moderation: Guido Cantz! Sehen Sie HIER den Vorschau-Trailer &#8230;:<\/p>\n","protected":false},"author":2,"featured_media":128329,"comment_status":"open","ping_status":"closed","sticky":false,"template":"","format":"standard","meta":{"_FSMCFIC_featured_image_caption":"","_FSMCFIC_featured_image_nocaption":"","_FSMCFIC_featured_image_hide":""},"categories":[23,39,128],"tags":[263],"acf":[],"_links":{"self":[{"href":"https:\/\/smago.de\/ws2\/wp-json\/wp\/v2\/posts\/128328"}],"collection":[{"href":"https:\/\/smago.de\/ws2\/wp-json\/wp\/v2\/posts"}],"about":[{"href":"https:\/\/smago.de\/ws2\/wp-json\/wp\/v2\/types\/post"}],"author":[{"embeddable":true,"href":"https:\/\/smago.de\/ws2\/wp-json\/wp\/v2\/users\/2"}],"replies":[{"embeddable":true,"href":"https:\/\/smago.de\/ws2\/wp-json\/wp\/v2\/comments?post=128328"}],"version-history":[{"count":1,"href":"https:\/\/smago.de\/ws2\/wp-json\/wp\/v2\/posts\/128328\/revisions"}],"predecessor-version":[{"id":128331,"href":"https:\/\/smago.de\/ws2\/wp-json\/wp\/v2\/posts\/128328\/revisions\/128331"}],"wp:featuredmedia":[{"embeddable":true,"href":"https:\/\/smago.de\/ws2\/wp-json\/wp\/v2\/media\/128329"}],"wp:attachment":[{"href":"https:\/\/smago.de\/ws2\/wp-json\/wp\/v2\/media?parent=128328"}],"wp:term":[{"taxonomy":"category","embeddable":true,"href":"https:\/\/smago.de\/ws2\/wp-json\/wp\/v2\/categories?post=128328"},{"taxonomy":"post_tag","embeddable":true,"href":"https:\/\/smago.de\/ws2\/wp-json\/wp\/v2\/tags?post=128328"}],"curies":[{"name":"wp","href":"https:\/\/api.w.org\/{rel}","templated":true}]}}