{"id":128263,"date":"2019-04-03T13:44:35","date_gmt":"2019-04-03T11:44:35","guid":{"rendered":"https:\/\/smago.de\/?p=128263"},"modified":"2019-04-03T13:44:35","modified_gmt":"2019-04-03T11:44:35","slug":"smago-informiert-telamo-uebernimmt-das-label-mania-music-von-stefan-poessnicker","status":"publish","type":"post","link":"https:\/\/smago.de\/ws2\/pop-schlager\/smago-informiert-telamo-uebernimmt-das-label-mania-music-von-stefan-poessnicker\/","title":{"rendered":"smago! INFORMIERT <br>TELAMO \u00fcbernimmt das Label Mania Music von Stefan P\u00f6ssnicker!"},"content":{"rendered":"<p>In konkreter Planung sind bereits Ver\u00f6ffentlichungen der K\u00fcnstler Sunrise, Vamos, Hansi S\u00fcssenbach sowie der \u00f6sterreichische Newcomer Riko!<br \/>\n<!--more--><\/p>\n<p>&nbsp;<\/p>\n<p style=\"text-align: justify;\">\n<p style=\"text-align: justify;\">Der Erfolgsproduzent Stefan P\u00f6ssnicker (u.a. Andrea Berg, Fantasy, Die Schlagerpiloten, Sonia Liebing) und das M\u00fcnchener Schlagerlabel TELAMO arbeiten zuk\u00fcnftig eng zusammen. TELAMO hat zum einen das Label Mania Music von Stefan P\u00f6ssnicker \u00fcbernommen und wird zuk\u00fcnftig die neuen Projekte von P\u00f6ssnicker ver\u00f6ffentlichen. In konkreter Planung sind bereits Ver\u00f6ffentlichungen der K\u00fcnstler Sunrise, Vamos, Hansi S\u00fcssenbach sowie der \u00f6sterreichische Newcomer Riko.<\/p>\n<p>&#8222;Wir freuen uns sehr auf die Zusammenarbeit mit Stefan und das Vertrauen, das er uns schenkt. Stefan hat in der Vergangenheit mehrfach bewiesen, dass er eine Hitnase und ein gutes H\u00e4ndchen f\u00fcr neue Talente hat. Sein Sound hat den Popschlager in den letzten zehn Jahren stark beeinflusst&#8220;, meint Ken Otremba, gesch\u00e4ftsf\u00fchrender Gesellschafter von TELAMO.<\/p>\n<p style=\"text-align: justify;\">Stefan P\u00f6ssnicker: &#8222;Auch ich freue mich sehr, mit TELAMO einen starken Partner mit einem kompetenten Team an der Seite zu haben. Alleine die Zusammenarbeit mit den Schlagerpiloten zeigt, was zusammen m\u00f6glich ist. Unsere K\u00fcnstler d\u00fcrfen sich freuen!&#8220;<\/p>\n","protected":false},"excerpt":{"rendered":"<p>In konkreter Planung sind bereits Ver\u00f6ffentlichungen der K\u00fcnstler Sunrise, Vamos, Hansi S\u00fcssenbach sowie der \u00f6sterreichische Newcomer Riko!<\/p>\n","protected":false},"author":2,"featured_media":123631,"comment_status":"open","ping_status":"closed","sticky":false,"template":"","format":"standard","meta":{"_FSMCFIC_featured_image_caption":"","_FSMCFIC_featured_image_nocaption":"","_FSMCFIC_featured_image_hide":""},"categories":[28,29,33],"tags":[762],"acf":[],"_links":{"self":[{"href":"https:\/\/smago.de\/ws2\/wp-json\/wp\/v2\/posts\/128263"}],"collection":[{"href":"https:\/\/smago.de\/ws2\/wp-json\/wp\/v2\/posts"}],"about":[{"href":"https:\/\/smago.de\/ws2\/wp-json\/wp\/v2\/types\/post"}],"author":[{"embeddable":true,"href":"https:\/\/smago.de\/ws2\/wp-json\/wp\/v2\/users\/2"}],"replies":[{"embeddable":true,"href":"https:\/\/smago.de\/ws2\/wp-json\/wp\/v2\/comments?post=128263"}],"version-history":[{"count":1,"href":"https:\/\/smago.de\/ws2\/wp-json\/wp\/v2\/posts\/128263\/revisions"}],"predecessor-version":[{"id":128264,"href":"https:\/\/smago.de\/ws2\/wp-json\/wp\/v2\/posts\/128263\/revisions\/128264"}],"wp:featuredmedia":[{"embeddable":true,"href":"https:\/\/smago.de\/ws2\/wp-json\/wp\/v2\/media\/123631"}],"wp:attachment":[{"href":"https:\/\/smago.de\/ws2\/wp-json\/wp\/v2\/media?parent=128263"}],"wp:term":[{"taxonomy":"category","embeddable":true,"href":"https:\/\/smago.de\/ws2\/wp-json\/wp\/v2\/categories?post=128263"},{"taxonomy":"post_tag","embeddable":true,"href":"https:\/\/smago.de\/ws2\/wp-json\/wp\/v2\/tags?post=128263"}],"curies":[{"name":"wp","href":"https:\/\/api.w.org\/{rel}","templated":true}]}}