{"id":127950,"date":"2019-03-21T10:56:57","date_gmt":"2019-03-21T09:56:57","guid":{"rendered":"https:\/\/smago.de\/?p=127950"},"modified":"2019-03-21T10:58:30","modified_gmt":"2019-03-21T09:58:30","slug":"dorfrocker-die-dorfrocker-besingen-bolzplatzhelden","status":"publish","type":"post","link":"https:\/\/smago.de\/ws2\/party-schlager\/dorfrocker-die-dorfrocker-besingen-bolzplatzhelden\/","title":{"rendered":"DORFROCKER <br>Die Dorfrocker besingen &#8222;Bolzplatzhelden&#8220;!"},"content":{"rendered":"<p>Die drei gar lustigen Br\u00fcder aus dem Frankenland schwelgen darin in Erinnerungen an ihre Kindheit und Jugend auf dem Bolzplatz!<br \/>\n<!--more--><\/p>\n<p>&nbsp;<\/p>\n<p>&nbsp;<\/p>\n<p style=\"text-align: justify;\">Die DORFROCKER hauen mit ihrer neuen Single ein sch\u00f6nes Brett raus. In \u201eBolzplatzhelden\u201c schwelgen die drei Br\u00fcder in Erinnerungen an ihre Kindheit und Jugend auf dem Bolzplatz. Was waren das f\u00fcr pr\u00e4gende Erlebnisse? Man war jung, unbek\u00fcmmert und kam vielleicht so manches Mal mit einem aufgeschlagenen Knie nach Hause, oder sp\u00e4tabends wenn es dunkel war. Hat legend\u00e4re Spiele ausgefochten. Gek\u00e4mpft, gesiegt, verloren. So wie \u201edie Gro\u00dfen\u201c \u2013 oder fast wie im wahren Leben.<\/p>\n<p style=\"text-align: justify;\">\u201eWir sind raus bei Regen und Dreck. Es war so sch\u00f6n, es war einfach perfekt\u201c hei\u00dft es im Songtext zu \u201eBolzplatzhelden\u201c. Passenderweise zeigen sich die Dorfrocker musikalisch gesehen \u2013 und auch im dazugeh\u00f6rigen Videoclip \u2013 von ihrer rockigen Seite. Das Akkordeon lassen sie diesmal im Schrank.<\/p>\n<p style=\"text-align: justify;\">\u201eWo sind die Bolzplatzhelden?\u201c lautet die Frage dann gegen Ende des Songs. Vermutlich wird es nicht wenige Gleichgesinnte geben, die durch \u00e4hnliche Erinnerungen an ihre Kindheit gepr\u00e4gt sind, und mit der neuen Single der Dorfrocker diese Zeit wieder aufleben lassen und feiern k\u00f6nnen \u2013 die Zeit als \u201eBolzplatzhelden\u201c.<\/p>\n","protected":false},"excerpt":{"rendered":"<p>Die drei gar lustigen Br\u00fcder aus dem Frankenland schwelgen darin in Erinnerungen an ihre Kindheit und Jugend auf dem Bolzplatz!<\/p>\n","protected":false},"author":2,"featured_media":127952,"comment_status":"open","ping_status":"closed","sticky":false,"template":"","format":"standard","meta":{"_FSMCFIC_featured_image_caption":"","_FSMCFIC_featured_image_nocaption":"","_FSMCFIC_featured_image_hide":""},"categories":[26],"tags":[395],"acf":[],"_links":{"self":[{"href":"https:\/\/smago.de\/ws2\/wp-json\/wp\/v2\/posts\/127950"}],"collection":[{"href":"https:\/\/smago.de\/ws2\/wp-json\/wp\/v2\/posts"}],"about":[{"href":"https:\/\/smago.de\/ws2\/wp-json\/wp\/v2\/types\/post"}],"author":[{"embeddable":true,"href":"https:\/\/smago.de\/ws2\/wp-json\/wp\/v2\/users\/2"}],"replies":[{"embeddable":true,"href":"https:\/\/smago.de\/ws2\/wp-json\/wp\/v2\/comments?post=127950"}],"version-history":[{"count":1,"href":"https:\/\/smago.de\/ws2\/wp-json\/wp\/v2\/posts\/127950\/revisions"}],"predecessor-version":[{"id":127951,"href":"https:\/\/smago.de\/ws2\/wp-json\/wp\/v2\/posts\/127950\/revisions\/127951"}],"wp:featuredmedia":[{"embeddable":true,"href":"https:\/\/smago.de\/ws2\/wp-json\/wp\/v2\/media\/127952"}],"wp:attachment":[{"href":"https:\/\/smago.de\/ws2\/wp-json\/wp\/v2\/media?parent=127950"}],"wp:term":[{"taxonomy":"category","embeddable":true,"href":"https:\/\/smago.de\/ws2\/wp-json\/wp\/v2\/categories?post=127950"},{"taxonomy":"post_tag","embeddable":true,"href":"https:\/\/smago.de\/ws2\/wp-json\/wp\/v2\/tags?post=127950"}],"curies":[{"name":"wp","href":"https:\/\/api.w.org\/{rel}","templated":true}]}}