{"id":127798,"date":"2019-03-17T00:00:28","date_gmt":"2019-03-16T23:00:28","guid":{"rendered":"https:\/\/smago.de\/?p=127798"},"modified":"2019-03-16T17:05:39","modified_gmt":"2019-03-16T16:05:39","slug":"franz-k","status":"publish","type":"post","link":"https:\/\/smago.de\/ws2\/deutsch-rock\/franz-k\/","title":{"rendered":"FRANZ K. <br>Mit dem Titel &#8222;So oder so&#8220; (im Neumix 2019) wird das 50-j\u00e4hrige Band-Jubil\u00e4um gefeiert!"},"content":{"rendered":"<p>Die Band (!) Franz K. wurde n\u00e4mlich tats\u00e4chlich bereits 1969 gegr\u00fcndet!<br \/>\n<!--more--><\/p>\n<p>&nbsp;<\/p>\n<p style=\"text-align: justify;\">\n<p style=\"text-align: justify;\">Im Jahr 1969 gr\u00fcndeten die Br\u00fcder Peter (Bass und Gesang) und Stefan Josefus (Schlagzeug) mit Mick Hannes (Gitarre)\u00a0die Band FRANZ K. Sie waren damals neben UDO LINDENBERG die Ersten, die Rockmusik mit deutschen Texten ver\u00f6ffentlichten.\u00a0Ihre Deb\u00fct LP &#8222;Sensenmann&#8220; erschien 1972. Den Durchbruch bundesweit erreichte die Gruppe aus dem Ruhrgebiet 1977<br \/>\nmit dem Hit &#8222;Wir haben Bock auf Rock&#8220;.<\/p>\n<p style=\"text-align: justify;\">Die Musikzeitschrift Sounds schrieb dazu, dass FRANZ K. &#8220; Ein Orkan auf der B\u00fchne &#8220; sei. Mittlerweile ist im Laufe der langen\u00a0Zeit aus Hard-Rock jetzt Pop geworden , ohne allerdings die musikalischen Wurzeln zu verleugnen, denn nach wie vor bildet die Gitarre die Grundlage f\u00fcr die Songs.<\/p>\n<p style=\"text-align: justify;\">Den 1997 verstorbenen Peter Josefus hat Michael Momo Grimm ersetzt. Geblieben aber ist der Stil von FRANZ K.:\u00a0Musik ohne Schicki Micki Getue mit engagierten Texten. Zum 50-j\u00e4hrigen Bandjubil\u00e4um gibt es nun die Single\u00a0&#8222;So und nur So &#8222;, die wie auch bisher von Stefan Josefus produziert worden ist.<\/p>\n<p style=\"text-align: justify;\">Sie spiegelt gut das Motto der Band wider : &#8222;So und nur So&#8220; macht FRANZ K. Musik und nur so ist man authentisch.<\/p>\n","protected":false},"excerpt":{"rendered":"<p>Die Band (!) Franz K. wurde n\u00e4mlich tats\u00e4chlich bereits 1969 gegr\u00fcndet!<\/p>\n","protected":false},"author":2,"featured_media":127805,"comment_status":"open","ping_status":"closed","sticky":false,"template":"","format":"standard","meta":{"_FSMCFIC_featured_image_caption":"","_FSMCFIC_featured_image_nocaption":"","_FSMCFIC_featured_image_hide":""},"categories":[5],"tags":[928],"acf":[],"_links":{"self":[{"href":"https:\/\/smago.de\/ws2\/wp-json\/wp\/v2\/posts\/127798"}],"collection":[{"href":"https:\/\/smago.de\/ws2\/wp-json\/wp\/v2\/posts"}],"about":[{"href":"https:\/\/smago.de\/ws2\/wp-json\/wp\/v2\/types\/post"}],"author":[{"embeddable":true,"href":"https:\/\/smago.de\/ws2\/wp-json\/wp\/v2\/users\/2"}],"replies":[{"embeddable":true,"href":"https:\/\/smago.de\/ws2\/wp-json\/wp\/v2\/comments?post=127798"}],"version-history":[{"count":4,"href":"https:\/\/smago.de\/ws2\/wp-json\/wp\/v2\/posts\/127798\/revisions"}],"predecessor-version":[{"id":127807,"href":"https:\/\/smago.de\/ws2\/wp-json\/wp\/v2\/posts\/127798\/revisions\/127807"}],"wp:featuredmedia":[{"embeddable":true,"href":"https:\/\/smago.de\/ws2\/wp-json\/wp\/v2\/media\/127805"}],"wp:attachment":[{"href":"https:\/\/smago.de\/ws2\/wp-json\/wp\/v2\/media?parent=127798"}],"wp:term":[{"taxonomy":"category","embeddable":true,"href":"https:\/\/smago.de\/ws2\/wp-json\/wp\/v2\/categories?post=127798"},{"taxonomy":"post_tag","embeddable":true,"href":"https:\/\/smago.de\/ws2\/wp-json\/wp\/v2\/tags?post=127798"}],"curies":[{"name":"wp","href":"https:\/\/api.w.org\/{rel}","templated":true}]}}