{"id":126923,"date":"2019-02-22T17:42:57","date_gmt":"2019-02-22T16:42:57","guid":{"rendered":"https:\/\/smago.de\/?p=126923"},"modified":"2019-02-22T17:45:21","modified_gmt":"2019-02-22T16:45:21","slug":"norman-langen-der-titel-dieses-gefuehl-kuendigt-sein-neues-album-an","status":"publish","type":"post","link":"https:\/\/smago.de\/ws2\/pop-schlager\/norman-langen-der-titel-dieses-gefuehl-kuendigt-sein-neues-album-an\/","title":{"rendered":"NORMAN LANGEN <br>Der Titel &#8222;Dieses Gef\u00fchl&#8220; k\u00fcndigt sein neues Album an!"},"content":{"rendered":"<p style=\"text-align: justify;\">Die CD soll am 26.04.2019 in den Handel kommen!<br \/>\n<!--more--><\/p>\n<p>&nbsp;<\/p>\n<p>NORMAN LANGEN startet hitverd\u00e4chtig ins Schlager-Jahr. Die neue Single hei\u00dft \u201eDieses Gef\u00fchl\u201c und macht von Anfang an Lust auf mehr.<\/p>\n<p>Der Titel \u00fcberzeugt vom ersten bis zum letzten Ton denn die Macher dahinter haben diesen sehr eing\u00e4ngig und melodisch produziert.<\/p>\n<p>Treibende Streicher, pfiffig platzierte Effekte, sein tanzbarer Rhythmus und nicht zuletzt die mitrei\u00dfenden Arrangements runden die Produktion ab und machen \u201eDieses Gef\u00fchl\u201c zu einem Hitanw\u00e4rter. Norman Langens Stimme klingt warm bis einf\u00fchlsam und man muss einfach zuh\u00f6ren, welche Geschichte hier gesungen wird.<\/p>\n<p style=\"text-align: justify;\">Auch textlich ist Norman Langen reifer geworden \u2013 in \u201eDieses Gef\u00fchl\u201c beschreibt der S\u00e4nger eine Situation die sicherlich jeder schon mindestens einmal im Leben erlebt hat \u2013 nach einer Trennung dreht sich das Karussell der Gedanken und es stellen sich immer wieder ein und dieselben Fragen. Norman Langen gibt mit seiner Single \u201eDieses Gef\u00fchl\u201c die Antwort.<\/p>\n<p style=\"text-align: justify;\">\u201eDieses Gef\u00fchl\u201c erscheint am 22.02.2019 bei TELAMO und ist nach \u201eBaila mi amor\u201c der zweite Vorbote zu seinem am 26. April 2019 erscheinenden neuen Album.<\/p>\n","protected":false},"excerpt":{"rendered":"<p>Die CD soll am 26.04.2019 in den Handel kommen!<\/p>\n","protected":false},"author":2,"featured_media":126924,"comment_status":"open","ping_status":"closed","sticky":false,"template":"","format":"standard","meta":{"_FSMCFIC_featured_image_caption":"","_FSMCFIC_featured_image_nocaption":"","_FSMCFIC_featured_image_hide":""},"categories":[28],"tags":[759],"acf":[],"_links":{"self":[{"href":"https:\/\/smago.de\/ws2\/wp-json\/wp\/v2\/posts\/126923"}],"collection":[{"href":"https:\/\/smago.de\/ws2\/wp-json\/wp\/v2\/posts"}],"about":[{"href":"https:\/\/smago.de\/ws2\/wp-json\/wp\/v2\/types\/post"}],"author":[{"embeddable":true,"href":"https:\/\/smago.de\/ws2\/wp-json\/wp\/v2\/users\/2"}],"replies":[{"embeddable":true,"href":"https:\/\/smago.de\/ws2\/wp-json\/wp\/v2\/comments?post=126923"}],"version-history":[{"count":3,"href":"https:\/\/smago.de\/ws2\/wp-json\/wp\/v2\/posts\/126923\/revisions"}],"predecessor-version":[{"id":126927,"href":"https:\/\/smago.de\/ws2\/wp-json\/wp\/v2\/posts\/126923\/revisions\/126927"}],"wp:featuredmedia":[{"embeddable":true,"href":"https:\/\/smago.de\/ws2\/wp-json\/wp\/v2\/media\/126924"}],"wp:attachment":[{"href":"https:\/\/smago.de\/ws2\/wp-json\/wp\/v2\/media?parent=126923"}],"wp:term":[{"taxonomy":"category","embeddable":true,"href":"https:\/\/smago.de\/ws2\/wp-json\/wp\/v2\/categories?post=126923"},{"taxonomy":"post_tag","embeddable":true,"href":"https:\/\/smago.de\/ws2\/wp-json\/wp\/v2\/tags?post=126923"}],"curies":[{"name":"wp","href":"https:\/\/api.w.org\/{rel}","templated":true}]}}