{"id":126796,"date":"2019-02-19T18:08:04","date_gmt":"2019-02-19T17:08:04","guid":{"rendered":"https:\/\/smago.de\/?p=126796"},"modified":"2019-02-19T18:11:19","modified_gmt":"2019-02-19T17:11:19","slug":"smago-informiert-meisel-uebernimmt-duo-phon-records","status":"publish","type":"post","link":"https:\/\/smago.de\/ws2\/oldies\/smago-informiert-meisel-uebernimmt-duo-phon-records\/","title":{"rendered":"smago! INFORMIERT <br>Meisel \u00fcbernimmt duo-phon records!"},"content":{"rendered":"<p style=\"text-align: justify;\">Duo-phon weist eine beeindruckende Bandbreite von verschiedenen Produktionen auf &#8230;:<br \/>\n<!--more--><\/p>\n<p>&nbsp;<\/p>\n<p style=\"text-align: justify;\">Die Meisel Musikverlage haben sich f\u00fcr den Kauf des Berliner Labels \u201eduo-phon records\u201c, dem u.a. das Label \u201eMusenkinder\u201c angeh\u00f6rt, entschieden. Am 19.02.2019 wurde der Vertrag im Hause der Meisel Musikverlage unterzeichnet. Duo-phon weist eine weite Bandbreite von verschiedenen Produktionen auf \u2013 von traditionellen Berliner Liedern, welche perfekt den Zeitgeist Berlins wiederspiegeln, von historischen Aufnahmen aus den 20er Jahren jeglicher Art bis hin zur schwungvollen Tanzmusik der 60er Jahre. Chanson, Kabarett, Schlager, sowie Swing und Jazz sind ebenfalls vielz\u00e4hlig von duo-phon records vertreten.<\/p>\n<p><em>&#8222;An dem Katalog hat uns besonders gut der traditionelle Charme und das darin enthaltene kulturell-geschichtliche Repertoire angesprochen&#8220;,<\/em> hei\u00dft es hierzu. Und weiter: <em>&#8222;Da die Meisel Musikverlage bereits seit 1926 zu den unabh\u00e4ngigen und erfolgreichen Musikverlagen Berlins geh\u00f6ren, ist es besonders in unserem Interesse die Titel und Kompositionen von K\u00fcnstlern und Autoren, wie z.B. Otto Reuter, Claire Waldoff, Erika Br\u00fcning, Peter Igelhoff und Peter Kreuder aufleben zu lassen und an die \u00d6ffentlichkeit zu bringen. Meisel kann sich mit seinen aktuellen Katalogen \u00e4u\u00dferst gut mit duo-phon identifizieren, weshalb wir uns auf die bevorstehende und vor allem spannende Arbeit mit den vielversprechenden Titeln von duo-phon-records freuen. Die Masterrechte werden von Monopol Records, dem hauseigenen Label der Meisel Musikverlage verwaltet. <\/em><\/p>\n<p><em>F\u00fcr den physischen Vertrieb der knapp 170 CD-Ver\u00f6ffentlichungen im Tontr\u00e4ger-Handel ist die Deutsche Austrophon zust\u00e4ndig, digitaler Vertriebspartner ist Believe.<\/em><\/p>\n<p style=\"text-align: justify;\"><em>Ansprechpartner f\u00fcr das gesamte Repertoire sind ab sofort Ren\u00e9 Fabrizius und Marcus Zander.&#8220;.<\/em><\/p>\n<p>&nbsp;<\/p>\n","protected":false},"excerpt":{"rendered":"<p>Duo-phon weist eine beeindruckende Bandbreite von verschiedenen Produktionen auf &#8230;:<\/p>\n","protected":false},"author":2,"featured_media":126797,"comment_status":"open","ping_status":"closed","sticky":false,"template":"","format":"standard","meta":{"_FSMCFIC_featured_image_caption":"","_FSMCFIC_featured_image_nocaption":"","_FSMCFIC_featured_image_hide":""},"categories":[24,39],"tags":[60],"acf":[],"_links":{"self":[{"href":"https:\/\/smago.de\/ws2\/wp-json\/wp\/v2\/posts\/126796"}],"collection":[{"href":"https:\/\/smago.de\/ws2\/wp-json\/wp\/v2\/posts"}],"about":[{"href":"https:\/\/smago.de\/ws2\/wp-json\/wp\/v2\/types\/post"}],"author":[{"embeddable":true,"href":"https:\/\/smago.de\/ws2\/wp-json\/wp\/v2\/users\/2"}],"replies":[{"embeddable":true,"href":"https:\/\/smago.de\/ws2\/wp-json\/wp\/v2\/comments?post=126796"}],"version-history":[{"count":3,"href":"https:\/\/smago.de\/ws2\/wp-json\/wp\/v2\/posts\/126796\/revisions"}],"predecessor-version":[{"id":126800,"href":"https:\/\/smago.de\/ws2\/wp-json\/wp\/v2\/posts\/126796\/revisions\/126800"}],"wp:featuredmedia":[{"embeddable":true,"href":"https:\/\/smago.de\/ws2\/wp-json\/wp\/v2\/media\/126797"}],"wp:attachment":[{"href":"https:\/\/smago.de\/ws2\/wp-json\/wp\/v2\/media?parent=126796"}],"wp:term":[{"taxonomy":"category","embeddable":true,"href":"https:\/\/smago.de\/ws2\/wp-json\/wp\/v2\/categories?post=126796"},{"taxonomy":"post_tag","embeddable":true,"href":"https:\/\/smago.de\/ws2\/wp-json\/wp\/v2\/tags?post=126796"}],"curies":[{"name":"wp","href":"https:\/\/api.w.org\/{rel}","templated":true}]}}