{"id":126531,"date":"2019-02-12T00:00:55","date_gmt":"2019-02-11T23:00:55","guid":{"rendered":"https:\/\/smago.de\/?p=126531"},"modified":"2019-02-11T22:35:31","modified_gmt":"2019-02-11T21:35:31","slug":"sunrise-am-15-02-2019-erscheint-ihre-neue-cd-jetzt-und-fuer-immer%c2%93","status":"publish","type":"post","link":"https:\/\/smago.de\/ws2\/pop-schlager\/sunrise-am-15-02-2019-erscheint-ihre-neue-cd-jetzt-und-fuer-immer%c2%93\/","title":{"rendered":"SUNRISE <br>Am 15.02.2019 erscheint ihre neue CD &#8222;Jetzt und f\u00fcr immer\u0093&#8220;!"},"content":{"rendered":"<p>&nbsp;<\/p>\n<p>&nbsp;<\/p>\n<p style=\"text-align: justify;\">Die Welt dreht sich bei SUNRISE seit zehn Jahren um die Musik, und, warum sollte es anders sein,\u00a0 um die Liebe in allen Farben und Schattierungen \u0084Jetzt und f\u00fcr immer\u0093 der Sonne entgegen. Dieser Sonnenaufgang ist der perfekte Soundtrack f\u00fcr den Einstieg in jeden <em>neuen Tag und auch noch weit bis\u00a0nach Sonnenuntergang.<\/em><\/p>\n<p style=\"text-align: justify;\"><em>&#8222;Wenn ich am Gipfel steh ist es wirklich das Sch\u00f6nste, den Sonnenaufgang zu genie\u00dfen. Ich sehe dann das Latzfonser Kreuz, Europas h\u00f6chstgelegener Wallfahrtsort, im Hintergrund und die Almen, auf denen ich fr\u00fcher jeden Sommer mit meinen Gro\u00dfeltern verbrachte habe. Das sind Erinnerungen, die mich sehr gl\u00fccklich machen&#8220;.<\/em>\u0093 &#8211; Wer, wie Arno, diese Magie in sich tr\u00e4gt, hat die Kraft Tr\u00e4ume zu Leben und starke Gef\u00fchle weiterzugeben und kann nachvollziehen, warum die beiden bodenst\u00e4ndigen Freunde Arno Adler und Florian \u0084Flo\u0093 Wieser \u00a0mit ihren Songs jeden Tag aufs Neue das Leben feiern und das Morgenerwachen im Namen tragen. Mit tanzbaren Melodien f\u00fcrs Herz ist Sunrise als Export-Schlager aus S\u00fcdtirol auch mit diesem Album wieder ganz vorn dabei.<\/p>\n<p style=\"text-align: justify;\">Die Singles \u0084&#8220;Sie nannten uns Strandpiraten\u0093&#8220; \u00a0und \u0084&#8220;Die Rose von S\u00fcdtirol\u0093&#8220; k\u00fcndigten die Ver\u00f6ffentlichung des neuen Albums an. Jetzt hebt sich die gesamte Scheibe mit zw\u00f6lf neuen Titeln und dem &#8222;\u0084Hitmix 2019&#8220; &#8211; Das Beste von Sunrise\u0093 \u00fcber den Horizont.<\/p>\n<p style=\"text-align: justify;\">&#8222;\u0084Keine liebt wie du&#8220;\u0093, &#8222;\u0084Ich flieg dich zu den Sternen&#8220;\u0093, &#8222;\u0084Nur ein Traum gen\u00fcgt mir nicht&#8220;\u0093 und \u0084&#8220;So muss Liebe sein&#8220;\u0093 wecken Erinnerungen und Tr\u00e4ume, beschreiben Sehns\u00fcchte , sind ein hoffnungsvolles Echo widerstreitender Gef\u00fchle und schenken vor allem eins: Gl\u00fccksgef\u00fchle, von denen man nicht genug bekommen kann. Romantisch und balladesk, aber auch als mitrei\u00dfende Party-Tanznummern setzen die neuen Lieder Schlager-Fans \u0084Schachmatt\u0093.\u00a0Endlich auch auf CD gibt es das kraftvolle Remake von \u0084&#8220;Donna Blue&#8220;\u0093, mit dem Sunrise bereits im dritten Jahr bei ihren Live-Auftritten an ihren Freund und Landsmann Andreas Fulterer erinnern, der sich viel zu fr\u00fch aus dem Leben verabschieden musste.<\/p>\n<p style=\"text-align: justify;\">\u0084Jetzt und f\u00fcr immer\u0093 stehen Arno und Flo in Freundschaft zueinander und zu ihren Fans: <em>&#8222;Dass wir im Jubil\u00e4umsjahr zehn Jahre Sunrise auf unsere unersch\u00fctterliche, mit jedem Auftritt weiter wachsende\u00a0Fan-Base bauen d\u00fcrfen, macht uns stolz. Es ist Wahnsinn wie die Fans uns unterst\u00fctzen und wir mit ihnen an unserer Seite die gemeinsamen Auftritte genie\u00dfen \u0096 f\u00fcr uns gibt es nichts Gr\u00f6\u00dferes!&#8220;.\u0093<\/em><\/p>\n<p>Im Terminkalender f\u00fcr 2019 reiht sich ein Top-Event ans n\u00e4chste: \u0084&#8220;Schlager unter Palmen&#8220;\u0093 mit Radio Paloma auf Kreta, &#8222;\u0084Schlagernacht in Wei\u00df&#8220;\u0093 in D\u00f6ckingen, drei Tage \u0084Heimspiel\u0093-Open Air bei Andrea Berg in Aspach, der\u00a0Schlager.de Tanztee\u0093 in Essen, das \u0084Amigos-Fest\u0093 im August\u0085 und eine bereits von langer Hand geplante Tournee mit der Chart-St\u00fcrmerin Daniela Alfinito. Da haben sich drei gefunden, die dieselbe Sprache sprechen: \u0084Ganz nah dran mit und f\u00fcr die Fans wollen wir noch mehr gemeinsam erleben \u0096 und daf\u00fcr werden wir alles geben!\u0093<\/p>\n<p style=\"text-align: justify;\"><strong>Das absolute Highlight f\u00fcr Sunrise-Fans ist das Fanwochenende Mitte Februar im Sonnenhof Aspach.<\/strong> Die Sonne wird dort in den fr\u00fchen Morgenstunden gegen 07:32 Uhr erste Strahlen \u00fcber den Horizont schicken, bevor \u00a0das beliebte Duo aus den S\u00fcdtiroler Alpen bei der <strong>Release-Party am 15.02.2019<\/strong> erstmals alle Songs des neuen Albums auf die Live-B\u00fchne bringen wird.<\/p>\n<p>&nbsp;<\/p>\n<p><img decoding=\"async\" loading=\"lazy\" class=\"alignnone size-full wp-image-126533\" src=\"https:\/\/online.smago.de\/ws2\/wp-content\/uploads\/2019\/02\/F6Ljrkb9psluTJeFQLKN.jpeg\" alt=\"\" width=\"472\" height=\"600\" srcset=\"https:\/\/smago.de\/ws2\/wp-content\/uploads\/2019\/02\/F6Ljrkb9psluTJeFQLKN.jpeg 472w, https:\/\/smago.de\/ws2\/wp-content\/uploads\/2019\/02\/F6Ljrkb9psluTJeFQLKN-236x300.jpeg 236w, https:\/\/smago.de\/ws2\/wp-content\/uploads\/2019\/02\/F6Ljrkb9psluTJeFQLKN-350x445.jpeg 350w\" sizes=\"(max-width: 472px) 100vw, 472px\" \/><\/p>\n","protected":false},"excerpt":{"rendered":"<p>&nbsp; &nbsp; Die Welt dreht sich bei SUNRISE seit zehn Jahren um die Musik, und, warum sollte es anders sein,\u00a0<\/p>\n","protected":false},"author":2,"featured_media":126532,"comment_status":"open","ping_status":"closed","sticky":false,"template":"","format":"standard","meta":{"_FSMCFIC_featured_image_caption":"","_FSMCFIC_featured_image_nocaption":"","_FSMCFIC_featured_image_hide":""},"categories":[28],"tags":[205],"acf":[],"_links":{"self":[{"href":"https:\/\/smago.de\/ws2\/wp-json\/wp\/v2\/posts\/126531"}],"collection":[{"href":"https:\/\/smago.de\/ws2\/wp-json\/wp\/v2\/posts"}],"about":[{"href":"https:\/\/smago.de\/ws2\/wp-json\/wp\/v2\/types\/post"}],"author":[{"embeddable":true,"href":"https:\/\/smago.de\/ws2\/wp-json\/wp\/v2\/users\/2"}],"replies":[{"embeddable":true,"href":"https:\/\/smago.de\/ws2\/wp-json\/wp\/v2\/comments?post=126531"}],"version-history":[{"count":1,"href":"https:\/\/smago.de\/ws2\/wp-json\/wp\/v2\/posts\/126531\/revisions"}],"predecessor-version":[{"id":126534,"href":"https:\/\/smago.de\/ws2\/wp-json\/wp\/v2\/posts\/126531\/revisions\/126534"}],"wp:featuredmedia":[{"embeddable":true,"href":"https:\/\/smago.de\/ws2\/wp-json\/wp\/v2\/media\/126532"}],"wp:attachment":[{"href":"https:\/\/smago.de\/ws2\/wp-json\/wp\/v2\/media?parent=126531"}],"wp:term":[{"taxonomy":"category","embeddable":true,"href":"https:\/\/smago.de\/ws2\/wp-json\/wp\/v2\/categories?post=126531"},{"taxonomy":"post_tag","embeddable":true,"href":"https:\/\/smago.de\/ws2\/wp-json\/wp\/v2\/tags?post=126531"}],"curies":[{"name":"wp","href":"https:\/\/api.w.org\/{rel}","templated":true}]}}