{"id":126234,"date":"2019-02-05T00:00:42","date_gmt":"2019-02-04T23:00:42","guid":{"rendered":"https:\/\/smago.de\/?p=126234"},"modified":"2019-02-04T22:41:38","modified_gmt":"2019-02-04T21:41:38","slug":"stefan-mross-2","status":"publish","type":"post","link":"https:\/\/smago.de\/ws2\/uncategorized\/stefan-mross-2\/","title":{"rendered":"STEFAN MROSS <br>Ein weiterer prominenter Gast steht fest f\u00fcr sein gro\u00dfes Jubil\u00e4ums-Konzert am 29.09.2019 in Oberhausen:"},"content":{"rendered":"<p style=\"text-align: justify;\">Marc Pircher aus dem Zillertaler !!!<br \/>\n<!--more--><\/p>\n<p>&nbsp;<\/p>\n<p>&nbsp;<\/p>\n<p style=\"text-align: justify;\">Wenn man ihn in seiner TV-Show \u201eimmer wieder Sonntags\u201c sieht, kann man es kaum glauben, dass der vielgefragte Moderator und S\u00e4nger STEFAN MROSS 2019 tats\u00e4chlich sein 30-j\u00e4hriges B\u00fchnenjubil\u00e4um feiert. Als einer der letzten gro\u00dfen Entertainer des Landes l\u00e4sst er es sich nat\u00fcrlich nicht nehmen, dieses ganz besondere und in der heutigen, kurzlebigen Zeit nicht selbstverst\u00e4ndliche Highlight geb\u00fchrend zu feiern.<\/p>\n<p style=\"text-align: justify;\">Nach seiner Fr\u00fchjahrstour \u201eimmer wieder Sonntags\u201c durch ganz Deutschland und den Livesendungen \u201eimmer wieder Sonntags\u201c im Sommer im Europapark Rust, wird er am Sonntag 29.09.2019 in der K\u00d6NIGS PILSENER ARENA in Oberhausen viele seiner Freunde und Wegbegleiter auf der gro\u00dfen Showb\u00fchne begr\u00fc\u00dfen. Eine Vielzahl der bekanntesten deutschsprachigen K\u00fcnstler wird ihm dann dort zu seinem Jubil\u00e4um gratulieren.<\/p>\n<p>&nbsp;<\/p>\n<p style=\"text-align: justify;\">Bereits best\u00e4tigt sind u. a.:<\/p>\n<p>&nbsp;<\/p>\n<p>* Ben Zucker<br \/>\n* Santiano<br \/>\n* Patrick Lindner<br \/>\n* Dorfrocker<br \/>\n* Anna-Carina Woitschack<br \/>\n* <span style=\"color: #008000;\"><strong>NEU:<\/strong><\/span> Marc Pircher<br \/>\n* Semino Rossi<br \/>\n* voXXclub<\/p>\n<p>&nbsp;<\/p>\n<p>Die gro\u00dfe Geburtstagsparty in der Arena unter dem Titel &#8222;30 Jahre Stefan Mross&#8220; ist ein Stell-dich-ein der deutschsprachigen Musik und somit ein Muss f\u00fcr jeden Schlagerfan.<\/p>\n<p>&nbsp;<\/p>\n<p><img decoding=\"async\" loading=\"lazy\" class=\"alignnone size-nerubian-single wp-image-126250\" src=\"https:\/\/online.smago.de\/ws2\/wp-content\/uploads\/2019\/02\/mross_30jahre_2-870x489.jpg\" alt=\"\" width=\"660\" height=\"371\" srcset=\"https:\/\/smago.de\/ws2\/wp-content\/uploads\/2019\/02\/mross_30jahre_2-870x489.jpg 870w, https:\/\/smago.de\/ws2\/wp-content\/uploads\/2019\/02\/mross_30jahre_2-300x169.jpg 300w, https:\/\/smago.de\/ws2\/wp-content\/uploads\/2019\/02\/mross_30jahre_2-768x432.jpg 768w, https:\/\/smago.de\/ws2\/wp-content\/uploads\/2019\/02\/mross_30jahre_2-292x164.jpg 292w, https:\/\/smago.de\/ws2\/wp-content\/uploads\/2019\/02\/mross_30jahre_2-895x503.jpg 895w, https:\/\/smago.de\/ws2\/wp-content\/uploads\/2019\/02\/mross_30jahre_2-791x445.jpg 791w, https:\/\/smago.de\/ws2\/wp-content\/uploads\/2019\/02\/mross_30jahre_2.jpg 924w\" sizes=\"(max-width: 660px) 100vw, 660px\" \/><\/p>\n","protected":false},"excerpt":{"rendered":"<p>Marc Pircher aus dem Zillertaler !!!<\/p>\n","protected":false},"author":2,"featured_media":126250,"comment_status":"open","ping_status":"closed","sticky":false,"template":"","format":"standard","meta":{"_FSMCFIC_featured_image_caption":"","_FSMCFIC_featured_image_nocaption":"","_FSMCFIC_featured_image_hide":""},"categories":[29,39,1],"tags":[137],"acf":[],"_links":{"self":[{"href":"https:\/\/smago.de\/ws2\/wp-json\/wp\/v2\/posts\/126234"}],"collection":[{"href":"https:\/\/smago.de\/ws2\/wp-json\/wp\/v2\/posts"}],"about":[{"href":"https:\/\/smago.de\/ws2\/wp-json\/wp\/v2\/types\/post"}],"author":[{"embeddable":true,"href":"https:\/\/smago.de\/ws2\/wp-json\/wp\/v2\/users\/2"}],"replies":[{"embeddable":true,"href":"https:\/\/smago.de\/ws2\/wp-json\/wp\/v2\/comments?post=126234"}],"version-history":[{"count":4,"href":"https:\/\/smago.de\/ws2\/wp-json\/wp\/v2\/posts\/126234\/revisions"}],"predecessor-version":[{"id":126252,"href":"https:\/\/smago.de\/ws2\/wp-json\/wp\/v2\/posts\/126234\/revisions\/126252"}],"wp:featuredmedia":[{"embeddable":true,"href":"https:\/\/smago.de\/ws2\/wp-json\/wp\/v2\/media\/126250"}],"wp:attachment":[{"href":"https:\/\/smago.de\/ws2\/wp-json\/wp\/v2\/media?parent=126234"}],"wp:term":[{"taxonomy":"category","embeddable":true,"href":"https:\/\/smago.de\/ws2\/wp-json\/wp\/v2\/categories?post=126234"},{"taxonomy":"post_tag","embeddable":true,"href":"https:\/\/smago.de\/ws2\/wp-json\/wp\/v2\/tags?post=126234"}],"curies":[{"name":"wp","href":"https:\/\/api.w.org\/{rel}","templated":true}]}}