{"id":125648,"date":"2019-01-24T00:00:19","date_gmt":"2019-01-23T23:00:19","guid":{"rendered":"https:\/\/smago.de\/?p=125648"},"modified":"2019-01-23T12:40:31","modified_gmt":"2019-01-23T11:40:31","slug":"eav-u-a-thomas-spitzer-heute-24-01-2019-in-stoeckl-zu-gast","status":"publish","type":"post","link":"https:\/\/smago.de\/ws2\/nonsens\/eav-u-a-thomas-spitzer-heute-24-01-2019-in-stoeckl-zu-gast\/","title":{"rendered":"EAV u.a. <br>Thomas Spitzer heute (24.01.2019) in &#8222;St\u00f6ckl.&#8220; zu Gast!"},"content":{"rendered":"<p>ORF 2, 23:00 Uhr! Moderation:\u00a0Barbara St\u00f6ckl!<br \/>\n<!--more--><\/p>\n<p style=\"text-align: justify;\">\n<p style=\"text-align: justify;\">\n<p style=\"text-align: justify;\">In der aktuellen Ausgabe des ORF-Nighttalks \u201eSt\u00f6ckl.\u201c sind am Donnerstag, dem 24. Januar 2019, um 23.00 Uhr in ORF 2 Thomas Spitzer, Karikaturist und Gr\u00fcndungsmitglied der EAV, Unternehmensberaterin und Expolitikerin Maria Rauch-Kallat, Psychiater Georg Psota und Nieder\u00f6sterreichs Superintendent Lars M\u00fcller-Marienburg zu Gast bei Barbara St\u00f6ckl.<\/p>\n<p style=\"text-align: justify;\">\u201eIch freue mich sehr auf das, was kommt! Auf mehr Zeit f\u00fcr die Familie, f\u00fcr das Leben und um die Werteskala neu auszurichten\u201c, spricht EAV-Gr\u00fcndungsmitglied Thomas Spitzer ganz ohne Wehmut \u00fcber die bevorstehende Abschiedstournee. Nach mehr als vier Jahrzehnten auf der B\u00fchne steht der Karikaturist, dessen Werk derzeit im Karikaturmuseum Krems gezeigt wird, nun vor neuen Herausforderungen: Er wird im Fr\u00fchling mit Mitte 60 zum zweiten Mal Vater.<\/p>\n<p style=\"text-align: justify;\">Die ehemalige Frauenministerin Maria Rauch-Kallat h\u00e4lt als Unternehmensberaterin Feminismus-Workshops f\u00fcr Unternehmen, um M\u00e4nnern den korrekten Umgang mit Frauen beizubringen. Was erlebt die Wirtstochter und ausgebildete Hauptschullehrerin dabei und wie blickt sie auf ihren 70. Geburtstag, den sie am 31. Januar feiert?<\/p>\n<p style=\"text-align: justify;\">Auch Lars M\u00fcller-Marienburg ist es gewohnt, sich gegen Widerst\u00e4nde zu behaupten. Der evangelische Superintendent von Nieder\u00f6sterreich bekennt sich offen zu seiner Homosexualit\u00e4t und st\u00f6\u00dft dabei nicht \u00fcberall auf Verst\u00e4ndnis. Wie m\u00f6chte er die evangelische Kirche der Zukunft gestalten, und wird er als evangelischer Pfarrer bald selbst homosexuelle Paare trauen k\u00f6nnen?<\/p>\n<p style=\"text-align: justify;\">Psychiater Georg Psota besch\u00e4ftigt sich in seinem aktuellen Buch \u201eAngst\u201c mit einem der m\u00e4chtigsten menschlichen Gef\u00fchle. In \u201eSt\u00f6ckl.\u201c spricht er dar\u00fcber, wie man die eigenen \u00c4ngste erkennen, \u00fcberwinden und sich sogar zunutze machen kann.<\/p>\n<p style=\"text-align: justify;\">\n","protected":false},"excerpt":{"rendered":"<p>ORF 2, 23:00 Uhr! Moderation:\u00a0Barbara St\u00f6ckl!<\/p>\n","protected":false},"author":2,"featured_media":125649,"comment_status":"open","ping_status":"closed","sticky":false,"template":"","format":"standard","meta":{"_FSMCFIC_featured_image_caption":"","_FSMCFIC_featured_image_nocaption":"","_FSMCFIC_featured_image_hide":""},"categories":[23,128],"tags":[210],"acf":[],"_links":{"self":[{"href":"https:\/\/smago.de\/ws2\/wp-json\/wp\/v2\/posts\/125648"}],"collection":[{"href":"https:\/\/smago.de\/ws2\/wp-json\/wp\/v2\/posts"}],"about":[{"href":"https:\/\/smago.de\/ws2\/wp-json\/wp\/v2\/types\/post"}],"author":[{"embeddable":true,"href":"https:\/\/smago.de\/ws2\/wp-json\/wp\/v2\/users\/2"}],"replies":[{"embeddable":true,"href":"https:\/\/smago.de\/ws2\/wp-json\/wp\/v2\/comments?post=125648"}],"version-history":[{"count":1,"href":"https:\/\/smago.de\/ws2\/wp-json\/wp\/v2\/posts\/125648\/revisions"}],"predecessor-version":[{"id":125650,"href":"https:\/\/smago.de\/ws2\/wp-json\/wp\/v2\/posts\/125648\/revisions\/125650"}],"wp:featuredmedia":[{"embeddable":true,"href":"https:\/\/smago.de\/ws2\/wp-json\/wp\/v2\/media\/125649"}],"wp:attachment":[{"href":"https:\/\/smago.de\/ws2\/wp-json\/wp\/v2\/media?parent=125648"}],"wp:term":[{"taxonomy":"category","embeddable":true,"href":"https:\/\/smago.de\/ws2\/wp-json\/wp\/v2\/categories?post=125648"},{"taxonomy":"post_tag","embeddable":true,"href":"https:\/\/smago.de\/ws2\/wp-json\/wp\/v2\/tags?post=125648"}],"curies":[{"name":"wp","href":"https:\/\/api.w.org\/{rel}","templated":true}]}}