{"id":125240,"date":"2019-01-17T09:47:57","date_gmt":"2019-01-17T08:47:57","guid":{"rendered":"https:\/\/smago.de\/?p=125240"},"modified":"2019-01-17T09:48:41","modified_gmt":"2019-01-17T08:48:41","slug":"hansi-hinterseer-der-volksmusik-superstar-beschliesst-langfristige-zusammenarbeit-mit-telamo","status":"publish","type":"post","link":"https:\/\/smago.de\/ws2\/volksmusik\/hansi-hinterseer-der-volksmusik-superstar-beschliesst-langfristige-zusammenarbeit-mit-telamo\/","title":{"rendered":"HANSI HINTERSEER <br>Der Volksmusik-Superstar beschlie\u00dft langfristige Zusammenarbeit mit TELAMO!"},"content":{"rendered":"<p>&#8222;Die TELAMO Signing News&#8220; &#8230;:<br \/>\n<!--more--><\/p>\n<p>&nbsp;<\/p>\n<p style=\"text-align: justify;\">\n<p style=\"text-align: justify;\">HANSI HINTERSEER und TELAMO haben eine langfristige Zusammenarbeit beschlossen. 2019 ist das Jahr, in dem Hansi Hinterseer als international erfolgreicher Tiroler sein 25-j\u00e4hriges B\u00fchnenjubil\u00e4um feiert &#8211; und das begleitet von einem neuen, bei Telamo erscheinenden Studioalbum.<\/p>\n<p style=\"text-align: justify;\">Ken Otremba freut sich \u00fcber das Signing: &#8222;Wir sind sehr stolz und froh Hansi Hinterseer f\u00fcr unser Label gewonnen zu haben. \u00fcber mehrere Jahre konnten wir den Backkatalog von Hansi auswerten und haben dabei festgestellt, wie gut Hansi und Telamo zusammen passen. Dass wir diese Zusammenarbeit nun mit seinen neuen Alben erneut aufgreifen und fortschreiben k\u00f6nnen, ist f\u00fcr uns ein absolutes Highlight. Hansi ist nicht nur ein unglaublich sympathischer und toller Mensch, er versteht es auch wie kaum ein Zweiter durch Glaubw\u00fcrdigkeit und Bodenst\u00e4ndigkeit seine Fans Jahr f\u00fcr Jahr zu begeistern.&#8220;<\/p>\n<p style=\"text-align: justify;\">Auch Hansi Hinterseer freut sich auf die langfristig konzipierte Zusammenarbeit &#8222;und die vor uns liegenden Projekte, die mein bew\u00e4hrtes Team, verst\u00e4rkt durch die Telamo als neuen, dynamischen Partner, umsetzen und begleiten wird.&#8220;<\/p>\n<p style=\"text-align: justify;\">Zu dem Team, das an dem im Sommer erscheinenden Album arbeitet, geh\u00f6ren: Alexander &#8222;Xandi&#8220; Dimitrov (ext. Produktmanagement X&amp;I), Elisabeth Angerer (A&amp;R Beratung), Dagmar Ambach (TV und Printpromotion), Benjamin M\u00e4bert (Tourneeveranstalter Manfred Hertlein Veranstaltungs GmbH), Andreas Rescheneder (Manager Hansi Hinterseer) sowie Ken Otremba (gesch\u00e4ftsf\u00fchrender Gesellschafter TELAMO).<\/p>\n","protected":false},"excerpt":{"rendered":"<p>&#8222;Die TELAMO Signing News&#8220; &#8230;:<\/p>\n","protected":false},"author":2,"featured_media":125241,"comment_status":"open","ping_status":"closed","sticky":false,"template":"","format":"standard","meta":{"_FSMCFIC_featured_image_caption":"","_FSMCFIC_featured_image_nocaption":"","_FSMCFIC_featured_image_hide":""},"categories":[39,30],"tags":[],"acf":[],"_links":{"self":[{"href":"https:\/\/smago.de\/ws2\/wp-json\/wp\/v2\/posts\/125240"}],"collection":[{"href":"https:\/\/smago.de\/ws2\/wp-json\/wp\/v2\/posts"}],"about":[{"href":"https:\/\/smago.de\/ws2\/wp-json\/wp\/v2\/types\/post"}],"author":[{"embeddable":true,"href":"https:\/\/smago.de\/ws2\/wp-json\/wp\/v2\/users\/2"}],"replies":[{"embeddable":true,"href":"https:\/\/smago.de\/ws2\/wp-json\/wp\/v2\/comments?post=125240"}],"version-history":[{"count":2,"href":"https:\/\/smago.de\/ws2\/wp-json\/wp\/v2\/posts\/125240\/revisions"}],"predecessor-version":[{"id":125243,"href":"https:\/\/smago.de\/ws2\/wp-json\/wp\/v2\/posts\/125240\/revisions\/125243"}],"wp:featuredmedia":[{"embeddable":true,"href":"https:\/\/smago.de\/ws2\/wp-json\/wp\/v2\/media\/125241"}],"wp:attachment":[{"href":"https:\/\/smago.de\/ws2\/wp-json\/wp\/v2\/media?parent=125240"}],"wp:term":[{"taxonomy":"category","embeddable":true,"href":"https:\/\/smago.de\/ws2\/wp-json\/wp\/v2\/categories?post=125240"},{"taxonomy":"post_tag","embeddable":true,"href":"https:\/\/smago.de\/ws2\/wp-json\/wp\/v2\/tags?post=125240"}],"curies":[{"name":"wp","href":"https:\/\/api.w.org\/{rel}","templated":true}]}}