{"id":124705,"date":"2019-01-04T00:00:20","date_gmt":"2019-01-03T23:00:20","guid":{"rendered":"https:\/\/smago.de\/?p=124705"},"modified":"2019-01-04T00:06:47","modified_gmt":"2019-01-03T23:06:47","slug":"xavier-naidoo-interview-mit-dem-neuen-dsds-juror-xavier-naidoo","status":"publish","type":"post","link":"https:\/\/smago.de\/ws2\/pop\/xavier-naidoo-interview-mit-dem-neuen-dsds-juror-xavier-naidoo\/","title":{"rendered":"XAVIER NAIDOO <br>Interview mit dem neuen &#8222;DSDS&#8220; Juror Xavier Naidoo!"},"content":{"rendered":"<p style=\"text-align: justify;\">Die neue Staffel startet am morgigen Samstag (05.01.2019)!<br \/>\n<!--more--><\/p>\n<p>&nbsp;<\/p>\n<p>&nbsp;<\/p>\n<div class=\"text\" style=\"text-align: justify;\">\n<p>&#8222;Deutschland sucht den Superstar&#8220; startet am Samstag, den 5. Januar 2019, 20.15 Uhr mit einer neuen Jury. Einer der neuen Juroren ist Xavier Naidoo, der nicht nur einer der erfolgreichsten Musiker Deutschlands ist, sondern auch Erfahrungen als Songwriter, Producer, Musik-Dozent und TV-Entertainer mitbringt. Im Interview spricht er \u00fcber seinen neuen Job, was DSDS so besonders macht und was er den jungen Kandidaten r\u00e4t.<\/p>\n<p>&nbsp;<\/p>\n<p>&nbsp;<\/p>\n<\/div>\n<div class=\"text\">\n<p style=\"text-align: justify;\"><strong>Dieter Bohlen wollte dich schon fr\u00fcher zu DSDS holen. Was hat dich bewegt, dieses Jahr in der Jury von DSDS zu sitzen?<\/strong><\/p>\n<p style=\"text-align: justify;\">Es ist eigentlich so, dass ich schon einige Jahre gerne mit Dieter zusammen gearbeitet h\u00e4tte, weil wir uns bei einer anderen Produktion kennengelernt haben. Zudem haben RTL und Dieter mir gesagt, dass dieses Jahr der Fokus noch einmal mehr auf das musikalische gelegt wird und dann konnte ich der Versuchung nicht widerstehen bei DSDS M\u00e4uschen zu spielen.<\/p>\n<p style=\"text-align: justify;\"><strong>Was haben deine Fans gesagt?<\/strong><\/p>\n<p style=\"text-align: justify;\">Die haben das gr\u00f6\u00dftenteils positiv aufgenommen, aber es gab nat\u00fcrlich auch einige, die sich an die Anf\u00e4nge von DSDS erinnert haben. Aber ich bin tats\u00e4chlich immer auf Talentsuche, immer interessiert an neuen S\u00e4ngern. Ich glaube alle die da jetzt hinkommen wissen was ihnen bl\u00fchen kann, wenn sie ihre Sache nicht gut machen. Jeder wei\u00df, wie der Dieter ist und ich glaube ich bin dazu das perfekte Gegengewicht.<\/p>\n<p style=\"text-align: justify;\"><strong>Es ist ja nicht dein erster Jurorenjob. Was gef\u00e4llt dir an der Arbeit besonders?<\/strong><\/p>\n<p style=\"text-align: justify;\">Es ist toll jetzt einen Platz und ein Termin zu haben, an dem Menschen mir etwas vorsingen k\u00f6nnen. \u00dcber die Jahre hat sich einiges aufgestaut. Ich habe normalerweise nach Konzerten oder auch einfach so nicht immer die Zeit Menschen zuzuh\u00f6ren, wenn sie mir etwas vorsingen oder mit mir zusammen singen m\u00f6chten. Jetzt habe ich die M\u00f6glichkeit bei DSDS mit geb\u00fchrender Aufmerksamkeit mich ihrem Gesang zu widmen.<\/p>\n<p style=\"text-align: justify;\"><strong>Wie hat dir die Arbeit in der DSDS-Jury bisher gefallen?<\/strong><\/p>\n<p style=\"text-align: justify;\">Wir haben ein super gutes Verh\u00e4ltnis in der Jury. Wir sind wie eine Clique jetzt, die durch die Lande reist und rohes Talent findet und Spa\u00df daran hat, Menschen zu f\u00f6rdern, die uns tats\u00e4chlich umhauen. Auch bei denen, die uns nicht ganz umhauen, ist es aufregend. Wenn wir zusammen entscheiden, wir wollen jemandem eine Chance geben und der uns beim n\u00e4chsten Mal \u00fcberrascht, ist das ein tolles Gef\u00fchl.<\/p>\n<p style=\"text-align: justify;\"><strong>Du warst bisher bei <\/strong><strong>&#8222;The Voice&#8220; und &#8222;Sing meinen Song&#8220;. Was macht DSDS so besonders?<\/strong><\/p>\n<p style=\"text-align: justify;\">Dadurch, dass hier teilweise Talente antreten, die S\u00e4tze sagen wie: &#8222;Ich habe noch nie ein Mikro in der Hand gehabt.&#8220; ist es nat\u00fcrlich sehr reizvoll. Diese Menschen, bei denen \u201erohes Talent\u201c, von dem wir immer sprechen, vorhanden ist, ab dem Zeitpunkt zu begleiten, diese Entwicklung zu erleben und auch den Input, den man gibt, teilweise einen Tag sp\u00e4ter bereits umgewandelt zu sehen, ist schon sehr besonders.<\/p>\n<p style=\"text-align: justify;\"><strong>Wie w\u00fcrdest du dich als Juror beschreiben, im Vergleich zu den anderen? Bist du ein strenger Juror?<\/strong><\/p>\n<p style=\"text-align: justify;\">Ich achte halt sehr stark auf die Stimme. Erst im zweiten oder dritten geht es mir um irgendwelche Gesamtpakete. Im Vergleich zu den anderen bin ich nicht der strengste Juror, wenn man mal den Dieter ins Auge fasst. Wir haben einfach andere Dinge, auf die wir achten und das macht ja auch gerade den Reiz aus.<\/p>\n<p style=\"text-align: justify;\"><strong>Auf was achtest du, neben der Stimme, besonders bei den Kandidaten?<\/strong><\/p>\n<p style=\"text-align: justify;\">Ich achte schon auch darauf, ob jemand \u00fcberhaupt daf\u00fcr gemacht ist, so eine Show zu gewinnen. Da muss man n\u00e4mlich aus einem besonderen Holz geschnitzt sein und ich w\u00fcrde mir schon w\u00fcnschen, dass jemand, der das jetzt gewinnt auch noch viele Jahre nach der letzten DSDS-Show erfolgreich ist und tats\u00e4chlich uns alle musikalisch bereichert.<\/p>\n<p style=\"text-align: justify;\"><strong>Was f\u00fcr einen Superstar 2019 w\u00fcnschst du dir?<\/strong><\/p>\n<p style=\"text-align: justify;\">Einen K\u00fcnstler, der die Plattform &#8222;DSDS&#8220; nutzt, um gro\u00dfe Musik zu machen. Einfach einen gro\u00dfen K\u00fcnstler, der uns alle bereichert.<\/p>\n<p style=\"text-align: justify;\"><strong>Was soll der k\u00fcnftige Superstar in deinen Augen haben?<\/strong><\/p>\n<p style=\"text-align: justify;\">Er soll eine Eigenst\u00e4ndigkeit haben, einen starken Charakter und diese Ausstrahlung, die man braucht, um ein Publikum zu begeistern.<\/p>\n<p style=\"text-align: justify;\"><strong>Hast du schon jemanden entdeckt, der aus der Masse der Kandidaten herausragt und von dem du denkst, der k\u00f6nnte sich entwickeln?<\/strong><\/p>\n<p style=\"text-align: justify;\">Das habe ich auf jeden Fall \u2013 und nicht nur Einen.<\/p>\n<p style=\"text-align: justify;\"><strong>Was f\u00fcr Ratschl\u00e4ge kannst du den Kandidaten f\u00fcr den weiteren Weg mitgeben?<\/strong><\/p>\n<p style=\"text-align: justify;\">Das liegt immer ganz an dem Kandidaten und an welcher Stelle er in seinem Werdegang gerade ist. Also wenn ich ehrlich bin, ist das, was ich immer mitgebe: \u00fcben, \u00fcben, \u00fcben. Wichtig ist auch, sich immer wieder zu hinterfragen und die Stimme kritisch zu h\u00f6ren. Nicht sehr viel darauf geben, was andere sagen. Man muss sich selbst gegen\u00fcber am kritischsten sein.<\/p>\n<p style=\"text-align: justify;\"><strong>Wie schwierig ist es f\u00fcr einen S\u00e4nger oder Musiker in der neuen digitalen Welt Erfolg zu haben?<\/strong><\/p>\n<p style=\"text-align: justify;\">Manche w\u00fcrden sagen, es wird immer schwieriger. Vor 10 Jahren waren die Konzerte quasi Promo f\u00fcr die Platte und heute ist es genau umgekehrt. Andere w\u00fcrden sagen, dass es jetzt YouTube und andere Plattformen gibt, auf denen man seinen Gesang und sein ganzes K\u00f6nnen hochladen und sich gleichzeitig schon ein Publikum erspielen kann. Da w\u00fcrden dann andere sagen, sowas gab es fr\u00fcher auch nicht. Das ist fast ausgeglichen. Ich finde, man muss einfach fit sein.<\/p>\n<\/div>\n","protected":false},"excerpt":{"rendered":"<p>Die neue Staffel startet am morgigen Samstag (05.01.2019)!<\/p>\n","protected":false},"author":2,"featured_media":124706,"comment_status":"open","ping_status":"closed","sticky":false,"template":"","format":"standard","meta":{"_FSMCFIC_featured_image_caption":"","_FSMCFIC_featured_image_nocaption":"","_FSMCFIC_featured_image_hide":""},"categories":[27,128],"tags":[402,603],"acf":[],"_links":{"self":[{"href":"https:\/\/smago.de\/ws2\/wp-json\/wp\/v2\/posts\/124705"}],"collection":[{"href":"https:\/\/smago.de\/ws2\/wp-json\/wp\/v2\/posts"}],"about":[{"href":"https:\/\/smago.de\/ws2\/wp-json\/wp\/v2\/types\/post"}],"author":[{"embeddable":true,"href":"https:\/\/smago.de\/ws2\/wp-json\/wp\/v2\/users\/2"}],"replies":[{"embeddable":true,"href":"https:\/\/smago.de\/ws2\/wp-json\/wp\/v2\/comments?post=124705"}],"version-history":[{"count":2,"href":"https:\/\/smago.de\/ws2\/wp-json\/wp\/v2\/posts\/124705\/revisions"}],"predecessor-version":[{"id":124708,"href":"https:\/\/smago.de\/ws2\/wp-json\/wp\/v2\/posts\/124705\/revisions\/124708"}],"wp:featuredmedia":[{"embeddable":true,"href":"https:\/\/smago.de\/ws2\/wp-json\/wp\/v2\/media\/124706"}],"wp:attachment":[{"href":"https:\/\/smago.de\/ws2\/wp-json\/wp\/v2\/media?parent=124705"}],"wp:term":[{"taxonomy":"category","embeddable":true,"href":"https:\/\/smago.de\/ws2\/wp-json\/wp\/v2\/categories?post=124705"},{"taxonomy":"post_tag","embeddable":true,"href":"https:\/\/smago.de\/ws2\/wp-json\/wp\/v2\/tags?post=124705"}],"curies":[{"name":"wp","href":"https:\/\/api.w.org\/{rel}","templated":true}]}}