{"id":124185,"date":"2018-12-21T23:54:39","date_gmt":"2018-12-21T22:54:39","guid":{"rendered":"https:\/\/smago.de\/?p=124185"},"modified":"2018-12-21T23:59:08","modified_gmt":"2018-12-21T22:59:08","slug":"das-supertalent-armbruch-und-aus-fuer-seiltaenzerin-ameli","status":"publish","type":"post","link":"https:\/\/smago.de\/ws2\/smago-informiert\/das-supertalent-armbruch-und-aus-fuer-seiltaenzerin-ameli\/","title":{"rendered":"&#8222;DAS SUPERTALENT&#8220; <br>Armbruch und Aus f\u00fcr Seilt\u00e4nzerin Ameli!"},"content":{"rendered":"<p>Die T\u00e4nzer der &#8222;Fair Play Crew&#8220; r\u00fccken nach &#8230;:<br \/>\n<!--more--><\/p>\n<p>&nbsp;<\/p>\n<div class=\"text\" style=\"text-align: justify;\">\n<p>Auf dem Seil tanzte sich die Seilt\u00e4nzerin Ameli Bilyk (13) in die Herzen der Zuschauer und ins gro\u00dfe Live-Finale von &#8222;Das Supertalent&#8220;. Doch der Traum vom &#8222;Supertalent 2018&#8220; ist aufgrund eines Armbruchs leider geplatzt. Ameli ist in der Ukraine beim Training vom Drahtseil gest\u00fcrzt und hat sich den rechten Arm gebrochen (beide Knochen).<\/p>\n<\/div>\n<div class=\"text\">\n<p style=\"text-align: justify;\">Die Seilt\u00e4nzerin tr\u00e4gt nun einen Gips und der Arzt ist zuversichtlich, dass alles wieder in Ordnung kommt. Unverhofft f\u00fcr die verletzte Ameli r\u00fccken nun die T\u00e4nzer der &#8222;Fair Play Crew&#8220; in das gro\u00dfe Live-Finale von &#8222;Das Supertalent&#8220; am Samstag, 22. Dezember 2018, 20.15 Uhr, nach.<\/p>\n<p style=\"text-align: justify;\">Ameli geht es den Umst\u00e4nden entsprechend gut und sie hofft, dass sie in anderthalb Monaten wieder mit dem Training beginnen kann. Bis dahin hei\u00dft es abwarten und geduldig sein. Ameli: &#8222;Nat\u00fcrlich bin ich traurig, dass ich am Samstag im Supertalent-Finale nicht auf der B\u00fchne stehen kann, aber ich dr\u00fccke denen, die nun meinen Platz erhalten, die Daumen und w\u00fcnsche auch allen anderen Finalisten viel Gl\u00fcck!&#8220; Ameli wird beim gro\u00dfen Live-Finale in K\u00f6ln im Publikum sitzen.<\/p>\n<p style=\"text-align: justify;\">In der letzten Castingsendung am 15. Dezember tanzte sich die 13-J\u00e4hrige ins Finale. Dieter Bohlen sorgte f\u00fcr die gr\u00f6\u00dfte \u00dcberraschung des Abends: Mit den Worten: &#8222;Und was machen wir hier, wenn wir Wunderkinder sehen?&#8220; sprintete er auf die B\u00fchne und dr\u00fcckte f\u00fcr Ameli den Goldenen Buzzer.<\/p>\n<p style=\"text-align: justify;\">In &#8222;Das Supertalent \u2013 Das gro\u00dfe Live-Finale&#8220; k\u00e4mpfen am Samstag 12 Finalisten um den Titel und um 100.000 Euro. Im Finale haben die Zuschauer das Sagen und k\u00fcren mit ihren Telefonanrufen &#8222;Das Supertalent 2018&#8220;.<\/p>\n<p style=\"text-align: justify;\"><strong>\u00a0<\/strong><\/p>\n<p style=\"text-align: justify;\"><strong>Die 12 Finalisten von &#8222;Das Supertalent&#8220;:\u00a0<\/strong><\/p>\n<p>&nbsp;<\/p>\n<p style=\"text-align: justify;\">Fair Play Crew, T\u00e4nzer aus Polen: Cezary Krukowski (40), Wojciech Blaszko (38), Karol Niecikowski (34), Rafal Kaminski (37), Blazej Gorski (28) und Marcin Rogalski (34).<br \/>\nStevie Starr (55), Alles-Schlucker aus London (&#8222;Herzenskandidat&#8220; von Dieter Bohlen).<br \/>\nLorenzo Sposato (27), italienischer S\u00e4nger aus Schwalbach.<br \/>\nMo\u2019Voce, Gesangsgruppe aus Berlin: Darell Haynes (35), Sarai Cole (32) und Frank Odjidja (35)<br \/>\nAndreas Maintz (36), T\u00e4nzer aus Aachen.<br \/>\nGennady Papizh (54), Ger\u00e4uschimitator aus Berlin.<br \/>\nStep Out, Akrobatengruppe: Patrick Schuhmann (28) aus Berlin, Elias Larsson (32) aus Schweden und Viachaslau Hahunou (37) aus Wei\u00dfrussland.<br \/>\nKevin Elsnig (22) Countertenor aus \u00d6sterreich.<br \/>\nLuciano, Holger &amp; Rosario, Unterhaltungsk\u00fcnstler aus Frankfurt.<br \/>\nJD Anderson (30), Strongman aus den USA.<br \/>\nOlena UUTAi (32), Musikerin aus Russland.<br \/>\nHannes Schwarz (35), Feuerk\u00fcnstler aus Triberg.<\/p>\n<p>Fans finden alle Infos und Videoclips zu &#8222;Das Supertalent&#8220;, der Jury, Teilnehmern und exklusive Backstage-Storys wieder im gro\u00dfen Special bei <a href=\"http:\/\/www.rtl.de\/\">www.RTL.de<\/a>. Die komplette Sendung ist im Anschluss sieben Tage kostenlos unter <a href=\"https:\/\/www.tvnow.de\/\">https:\/\/www.tvnow.de\/<\/a>abrufbar.<\/p>\n<\/div>\n","protected":false},"excerpt":{"rendered":"<p>Die T\u00e4nzer der &#8222;Fair Play Crew&#8220; r\u00fccken nach &#8230;:<\/p>\n","protected":false},"author":2,"featured_media":124186,"comment_status":"open","ping_status":"closed","sticky":false,"template":"","format":"standard","meta":{"_FSMCFIC_featured_image_caption":"","_FSMCFIC_featured_image_nocaption":"","_FSMCFIC_featured_image_hide":""},"categories":[33,128],"tags":[265],"acf":[],"_links":{"self":[{"href":"https:\/\/smago.de\/ws2\/wp-json\/wp\/v2\/posts\/124185"}],"collection":[{"href":"https:\/\/smago.de\/ws2\/wp-json\/wp\/v2\/posts"}],"about":[{"href":"https:\/\/smago.de\/ws2\/wp-json\/wp\/v2\/types\/post"}],"author":[{"embeddable":true,"href":"https:\/\/smago.de\/ws2\/wp-json\/wp\/v2\/users\/2"}],"replies":[{"embeddable":true,"href":"https:\/\/smago.de\/ws2\/wp-json\/wp\/v2\/comments?post=124185"}],"version-history":[{"count":3,"href":"https:\/\/smago.de\/ws2\/wp-json\/wp\/v2\/posts\/124185\/revisions"}],"predecessor-version":[{"id":124189,"href":"https:\/\/smago.de\/ws2\/wp-json\/wp\/v2\/posts\/124185\/revisions\/124189"}],"wp:featuredmedia":[{"embeddable":true,"href":"https:\/\/smago.de\/ws2\/wp-json\/wp\/v2\/media\/124186"}],"wp:attachment":[{"href":"https:\/\/smago.de\/ws2\/wp-json\/wp\/v2\/media?parent=124185"}],"wp:term":[{"taxonomy":"category","embeddable":true,"href":"https:\/\/smago.de\/ws2\/wp-json\/wp\/v2\/categories?post=124185"},{"taxonomy":"post_tag","embeddable":true,"href":"https:\/\/smago.de\/ws2\/wp-json\/wp\/v2\/tags?post=124185"}],"curies":[{"name":"wp","href":"https:\/\/api.w.org\/{rel}","templated":true}]}}