{"id":124102,"date":"2018-12-20T12:42:52","date_gmt":"2018-12-20T11:42:52","guid":{"rendered":"https:\/\/smago.de\/?p=124102"},"modified":"2018-12-20T12:42:52","modified_gmt":"2018-12-20T11:42:52","slug":"smago-informiert-zeig-mir-deine-welt-kai-pflaume-trifft-ueber-hundertjaehrige","status":"publish","type":"post","link":"https:\/\/smago.de\/ws2\/smago-informiert\/smago-informiert-zeig-mir-deine-welt-kai-pflaume-trifft-ueber-hundertjaehrige\/","title":{"rendered":"smago! INFORMIERT <br>&#8222;Zeig mir Deine Welt&#8220;: Kai Pflaume trifft \u00fcber Hundertj\u00e4hrige!"},"content":{"rendered":"<p>Sendetermine: 1. und 2. Weihnachtsfeiertag \u2013 Dienstag, 25., und Mittwoch, 26. Dezember, jeweils 19.15 Uhr, Das Erste \/ ARD!<br \/>\n<!--more--><\/p>\n<p>&nbsp;<\/p>\n<p style=\"text-align: justify;\">\u201eZeig mir Deine Welt\u201c geht weiter: Nach zwei viel beachteten Staffeln zeigt Das Erste eine Fortsetzung der ber\u00fchrenden und au\u00dfergew\u00f6hnlichen Doku-Reihe mit Kai Pflaume. In zwei neuen Episoden besucht er Menschen, die auf 100 und mehr Lebensjahre zur\u00fcckblicken. Was ist das Geheimnis eines langen und erf\u00fcllten Lebens? Wie meistern sie ihren Alltag, welche Hoffnungen haben sie? Was macht sie gl\u00fccklich, was ist ihnen wichtig und welche W\u00fcnsche wollen sie sich noch erf\u00fcllen? Das Erste zeigt die beiden Folgen am 1. und 2. Weihnachtstag, 25. und 26. Dezember, jeweils um 19.15 Uhr.<\/p>\n<p style=\"text-align: justify;\">Kai Pflaume taucht in die Lebenswelt von sechs Hundertj\u00e4hrigen ein, verbringt eine intensive Zeit mit ihnen, lernt ihre Familien kennen und entdeckt, welche Lebensfreude und Energie bis ins hohe Alter m\u00f6glich ist.<\/p>\n<p style=\"text-align: justify;\">Zum Beispiel Anny Hamm aus \u00dcberlingen am Bodensee, gerade 104 Jahre alt geworden. Sie h\u00e4lt bis heute noch B\u00fcttenreden in der Badischen Fastnacht. Warum sie so alt geworden ist, wei\u00df sie selber nicht so genau: \u201eEs ist ein Geschenk von unserem Herrgott, denn ich habe normal gelebt und keine Di\u00e4ten gemacht.\u201c \u00a0Anny Hamm m\u00f6chte gern \u00e4lter als Johannes Heesters werden \u2013 der wurde 108.<\/p>\n<p style=\"text-align: justify;\">Und Willi Passmann aus Gummersbach, der mit 100 Jahren immer noch Auto f\u00e4hrt. Er l\u00e4dt Kai Pflaume zu einer kleinen Spritztour ein und zeigt ihm bei dieser Gelegenheit sein Restaurant, das er viele Jahre mit seiner Frau Christel gef\u00fchrt hat, mit der er jetzt 40 Jahre verheiratet ist. Und er nimmt seinen Gast mit zu seinem Sch\u00fctzenverein, in dem er vergangenes Jahr Deutschlands \u00e4ltester Sch\u00fctzenk\u00f6nig wurde. Auch Willi verr\u00e4t Kai sein ganz eigenes Rezept, wie man so alt werden kann: \u201eJeden Tag einen eiskalten Kr\u00e4uterlik\u00f6r. Man darf ihn nur nicht runterkippen, sondern muss ihn sch\u00f6n in drei Schlucken genie\u00dfen\u201c.<\/p>\n<p style=\"text-align: justify;\">Allen Hundertj\u00e4hrigen ist eines gemein: Sie haben nie in ihrem Leben geraucht, sind bis heute immer positiv durchs Leben gegangen und waren ein Leben lang in Bewegung.<\/p>\n<p style=\"text-align: justify;\">In der preisgekr\u00f6nten ersten Staffel von \u201eZeig mir Deine Welt\u201c traf Kai Pflaume Menschen mit Down-Syndrom. In der zweiten besuchte er Menschen, die unheilbar erkrankt sind.<\/p>\n<p style=\"text-align: justify;\">\n<p style=\"text-align: justify;\">\u201eZeig mir Deine Welt\u201c ist eine Produktion von i+u TV Produktion GmbH f\u00fcr das Erste. Die Redaktion hat Tim Gruhl (NDR).<\/p>\n","protected":false},"excerpt":{"rendered":"<p>Sendetermine: 1. und 2. Weihnachtsfeiertag \u2013 Dienstag, 25., und Mittwoch, 26. Dezember, jeweils 19.15 Uhr, Das Erste \/ ARD!<\/p>\n","protected":false},"author":2,"featured_media":124103,"comment_status":"open","ping_status":"closed","sticky":false,"template":"","format":"standard","meta":{"_FSMCFIC_featured_image_caption":"","_FSMCFIC_featured_image_nocaption":"","_FSMCFIC_featured_image_hide":""},"categories":[33],"tags":[780],"acf":[],"_links":{"self":[{"href":"https:\/\/smago.de\/ws2\/wp-json\/wp\/v2\/posts\/124102"}],"collection":[{"href":"https:\/\/smago.de\/ws2\/wp-json\/wp\/v2\/posts"}],"about":[{"href":"https:\/\/smago.de\/ws2\/wp-json\/wp\/v2\/types\/post"}],"author":[{"embeddable":true,"href":"https:\/\/smago.de\/ws2\/wp-json\/wp\/v2\/users\/2"}],"replies":[{"embeddable":true,"href":"https:\/\/smago.de\/ws2\/wp-json\/wp\/v2\/comments?post=124102"}],"version-history":[{"count":1,"href":"https:\/\/smago.de\/ws2\/wp-json\/wp\/v2\/posts\/124102\/revisions"}],"predecessor-version":[{"id":124104,"href":"https:\/\/smago.de\/ws2\/wp-json\/wp\/v2\/posts\/124102\/revisions\/124104"}],"wp:featuredmedia":[{"embeddable":true,"href":"https:\/\/smago.de\/ws2\/wp-json\/wp\/v2\/media\/124103"}],"wp:attachment":[{"href":"https:\/\/smago.de\/ws2\/wp-json\/wp\/v2\/media?parent=124102"}],"wp:term":[{"taxonomy":"category","embeddable":true,"href":"https:\/\/smago.de\/ws2\/wp-json\/wp\/v2\/categories?post=124102"},{"taxonomy":"post_tag","embeddable":true,"href":"https:\/\/smago.de\/ws2\/wp-json\/wp\/v2\/tags?post=124102"}],"curies":[{"name":"wp","href":"https:\/\/api.w.org\/{rel}","templated":true}]}}