{"id":123876,"date":"2018-12-31T00:00:26","date_gmt":"2018-12-30T23:00:26","guid":{"rendered":"https:\/\/smago.de\/?p=123876"},"modified":"2018-12-30T10:07:00","modified_gmt":"2018-12-30T09:07:00","slug":"patrick-lindner","status":"publish","type":"post","link":"https:\/\/smago.de\/ws2\/pop-schlager\/patrick-lindner\/","title":{"rendered":"PATRICK LINDNER &#8211; LINDA HESSE <br>Heute (31.12.2018), SAT.1 Gold: &#8222;Der gro\u00dfe Silvester-Hitmix&#8220;!"},"content":{"rendered":"<p>20:15 Uhr! Mit dabei &#8230;:<br \/>\n<!--more--><\/p>\n<p>&nbsp;<\/p>\n<div class=\"page\" title=\"Page 2\">\n<div class=\"layoutArea\">\n<div class=\"column\">\n<p style=\"text-align: justify;\">Patrick Lindner und Linda Hesse pr\u00e4sentieren die musikalischen Highlights des Jahres! Von Schlager bis Pop sind alle namhaften K\u00fcnstler vertreten, darunter DJ \u00d6tzi, Bernhard Brink, Fantasy, Wolkenfrei, Markus Becker, Heino, Kristina Bach und die M\u00fcnchner Freiheit.<\/p>\n<p style=\"text-align: justify;\">Einer gelungenen Silvester-Party zu Hause steht also nichts mehr im Weg!<\/p>\n<p>&nbsp;<\/p>\n<\/div>\n<figure id=\"attachment_124504\" aria-describedby=\"caption-attachment-124504\" style=\"width: 348px\" class=\"wp-caption alignnone\"><img decoding=\"async\" loading=\"lazy\" class=\"size-nerubian-single wp-image-124504\" src=\"https:\/\/online.smago.de\/ws2\/wp-content\/uploads\/2018\/12\/Hesse_1141639-348x522.jpg\" alt=\"\" width=\"348\" height=\"522\" srcset=\"https:\/\/smago.de\/ws2\/wp-content\/uploads\/2018\/12\/Hesse_1141639-348x522.jpg 348w, https:\/\/smago.de\/ws2\/wp-content\/uploads\/2018\/12\/Hesse_1141639-200x300.jpg 200w, https:\/\/smago.de\/ws2\/wp-content\/uploads\/2018\/12\/Hesse_1141639-768x1152.jpg 768w, https:\/\/smago.de\/ws2\/wp-content\/uploads\/2018\/12\/Hesse_1141639-683x1024.jpg 683w, https:\/\/smago.de\/ws2\/wp-content\/uploads\/2018\/12\/Hesse_1141639-127x190.jpg 127w, https:\/\/smago.de\/ws2\/wp-content\/uploads\/2018\/12\/Hesse_1141639-297x445.jpg 297w, https:\/\/smago.de\/ws2\/wp-content\/uploads\/2018\/12\/Hesse_1141639.jpg 800w\" sizes=\"(max-width: 348px) 100vw, 348px\" \/><figcaption id=\"caption-attachment-124504\" class=\"wp-caption-text\">Titel: Der gro\u00dfe SAT.1 Gold Silvester Hitmix;<br \/>Person: Linda Hesse;<br \/>Copyright: SAT.1 Gold \/ Thommy S. Mardo;<br \/>Fotograf: SAT.1 Gold;<br \/>Bildredakteur: Clarissa Schreiner;<br \/>Dateiname: 1141639.jpg;<br \/>Rechtehinweis: Dieses Bild darf bis eine Woche nach Ausstrahlung honorarfrei fuer redaktionelle Zwecke und nur im Rahmen der Programmankuendigung verwendet werden. Spaetere Veroeffentlichungen sind nur nach Ruecksprache und ausdruecklicher Genehmigung der ProSiebenSat1 TV Deutschland GmbH moeglich. Nicht fuer EPG! Verwendung nur mit vollstaendigem Copyrightvermerk. Das Foto darf nicht veraendert, bearbeitet und nur im Ganzen verwendet werden. Es darf nicht archiviert werden. Es darf nicht an Dritte weitergeleitet werden. Aneinanderreihung\/Zusammenlegung\/Kopplung von Bildern zum Zweck der Erstellung von Slide-Shows o.\u00e4. nicht gestattet; Verbindung\/Einf\u00fcgen\/Anf\u00fcgen von Werbung nicht gestattet.<br \/>Bei Fragen: foto@prosiebensat1.com<br \/>Voraussetzung fuer die Verwendung dieser Programmdaten ist die Zustimmung zu den Allgemeinen Geschaeftsbedingungen der Presselounges der Sender der ProSiebenSat.1 Media SE.;<\/figcaption><\/figure>\n<\/div>\n<\/div>\n","protected":false},"excerpt":{"rendered":"<p>20:15 Uhr! Mit dabei &#8230;:<\/p>\n","protected":false},"author":2,"featured_media":124503,"comment_status":"open","ping_status":"closed","sticky":false,"template":"","format":"standard","meta":{"_FSMCFIC_featured_image_caption":"","_FSMCFIC_featured_image_nocaption":"","_FSMCFIC_featured_image_hide":""},"categories":[28,29,128],"tags":[433,315],"acf":[],"_links":{"self":[{"href":"https:\/\/smago.de\/ws2\/wp-json\/wp\/v2\/posts\/123876"}],"collection":[{"href":"https:\/\/smago.de\/ws2\/wp-json\/wp\/v2\/posts"}],"about":[{"href":"https:\/\/smago.de\/ws2\/wp-json\/wp\/v2\/types\/post"}],"author":[{"embeddable":true,"href":"https:\/\/smago.de\/ws2\/wp-json\/wp\/v2\/users\/2"}],"replies":[{"embeddable":true,"href":"https:\/\/smago.de\/ws2\/wp-json\/wp\/v2\/comments?post=123876"}],"version-history":[{"count":5,"href":"https:\/\/smago.de\/ws2\/wp-json\/wp\/v2\/posts\/123876\/revisions"}],"predecessor-version":[{"id":124506,"href":"https:\/\/smago.de\/ws2\/wp-json\/wp\/v2\/posts\/123876\/revisions\/124506"}],"wp:featuredmedia":[{"embeddable":true,"href":"https:\/\/smago.de\/ws2\/wp-json\/wp\/v2\/media\/124503"}],"wp:attachment":[{"href":"https:\/\/smago.de\/ws2\/wp-json\/wp\/v2\/media?parent=123876"}],"wp:term":[{"taxonomy":"category","embeddable":true,"href":"https:\/\/smago.de\/ws2\/wp-json\/wp\/v2\/categories?post=123876"},{"taxonomy":"post_tag","embeddable":true,"href":"https:\/\/smago.de\/ws2\/wp-json\/wp\/v2\/tags?post=123876"}],"curies":[{"name":"wp","href":"https:\/\/api.w.org\/{rel}","templated":true}]}}