{"id":123525,"date":"2018-12-09T00:00:33","date_gmt":"2018-12-08T23:00:33","guid":{"rendered":"https:\/\/smago.de\/?p=123525"},"modified":"2018-12-08T16:55:33","modified_gmt":"2018-12-08T15:55:33","slug":"wenn-die-musi-spielt-21-kuenstler-fuer-das-wenn-die-musi-spielt-winter-open-air-stehen-bereits-fest","status":"publish","type":"post","link":"https:\/\/smago.de\/ws2\/schlager\/wenn-die-musi-spielt-21-kuenstler-fuer-das-wenn-die-musi-spielt-winter-open-air-stehen-bereits-fest\/","title":{"rendered":"&#8222;WENN DIE MUSI SPIELT&#8220; <br>21 K\u00fcnstler f\u00fcr das &#8222;Wenn die Musi spielt &#8211; Winter Open Air&#8220; stehen bereits fest!"},"content":{"rendered":"<p style=\"text-align: justify;\">Gastgeber Arnold Prasch un \u00a0Stefanie Hertel g&#8217;frein sich auf Sie &#8211; am 18.01. + 19.01.2019 in Bad Kleinkirchheim!<br \/>\n<!--more--><\/p>\n<p>&nbsp;<\/p>\n<p style=\"text-align: justify;\">Das <strong>\u201eWenn die Musi spielt\u201c<\/strong> <strong>Winter Open Air 2019<\/strong> in <strong>Bad Kleinkirchheim <\/strong>ist DAS Winterfest f\u00fcr alle Schlager- und Volksmusikfans! Seit vielen Jahren z\u00e4hlt auch die Winter Musi in Bad Kleinkirchheim bei Schlager- und Volksmusikfans zu DEN Jahres-Highlights. Die gr\u00f6\u00dfte Winter <strong>Apresski Party<\/strong> K\u00e4rntens wird auch am <strong>18.01. + 19.01.2019\u00a0<\/strong> wieder zahlreiche Publikumslieblinge pr\u00e4sentieren und f\u00fcr ausgelassene Stimmung bei der <strong>Kaiserburg Talstation<\/strong> in <strong>Bad Kleinkirchheim<\/strong> sorgen.<\/p>\n<p style=\"text-align: justify;\">Als Gastgeber ist <strong>Arnulf Prasch<\/strong> mittlerweile Kult und <strong>moderiert<\/strong> gemeinsam mit <strong>Stefanie Hertel<\/strong> und f\u00fchrt Millionen Zuseher vor dem Fernsehschirmen sowie vor Ort durch den Musi Abend.<\/p>\n<p><strong>Wir g\u2019frein uns auf eich!<\/strong><\/p>\n<p>&nbsp;<\/p>\n<p>&nbsp;<\/p>\n<p>Folgende\u00a0K\u00fcnstler sind bereits best\u00e4tigt:<\/p>\n<p><a href=\"https:\/\/www.facebook.com\/djoetzi\/\"><span style=\"color: #000000;\">DJ \u00d6tzi<\/span><\/a><span style=\"color: #000000;\"><a style=\"color: #000000;\" href=\"https:\/\/www.facebook.com\/NikP.Offiziell\/\"><br \/>\nNik P.<br \/>\n<\/a><a style=\"color: #000000;\" href=\"https:\/\/www.facebook.com\/muenchnerzwietracht\/\">M\u00fcnchner Zwietracht<\/a><\/span><br \/>\n<span style=\"color: #000000;\"><a style=\"color: #000000;\" href=\"https:\/\/www.facebook.com\/melaniepayermusic\/\">Melanie Payer<\/a><\/span><br \/>\n<span style=\"color: #000000;\"><a style=\"color: #000000;\" href=\"https:\/\/www.facebook.com\/NockalmQuintettOesterreich\/\">Nockalm Qunitett<\/a><a style=\"color: #000000;\" href=\"http:\/\/www.zellbergbuam.at\/\"><br \/>\n<\/a><a style=\"color: #000000;\" href=\"https:\/\/www.facebook.com\/draufgaenger\/\">Die Draufg\u00e4nger<\/a><\/span><br \/>\n<span style=\"color: #000000;\"><a style=\"color: #000000;\" href=\"https:\/\/www.facebook.com\/faeaschtbaenkler\/\">F\u00e4aschtb\u00e4nkler<\/a><\/span><br \/>\n<span style=\"color: #000000;\"><a style=\"color: #000000;\" href=\"https:\/\/www.facebook.com\/Olaf-Berger-108290109273067\/\">Olaf Berger<\/a><a style=\"color: #000000;\" href=\"https:\/\/www.facebook.com\/thierseer\/\"><br \/>\nDie Jungen Thierseer<br \/>\n<\/a><a style=\"color: #000000;\" href=\"https:\/\/www.facebook.com\/Onkel.Juergen.Drews\/\">J\u00fcrgen Drews<\/a><\/span><br \/>\n<span style=\"color: #000000;\"><a style=\"color: #000000;\" href=\"https:\/\/www.facebook.com\/marcpircher\/\">Marc Pircher<\/a><\/span><br \/>\n<span style=\"color: #000000;\"><a style=\"color: #000000;\" href=\"https:\/\/www.facebook.com\/alfamusiken\/\">Alf<\/a><\/span><br \/>\n<span style=\"color: #000000;\"><a style=\"color: #000000;\" href=\"https:\/\/www.facebook.com\/dieLungauer\/\">Die Lungauer<\/a><\/span><br \/>\n<span style=\"color: #000000;\"><a style=\"color: #000000;\" href=\"https:\/\/www.facebook.com\/granatenpower\/\">Die Granaten<\/a><\/span><br \/>\n<span style=\"color: #000000;\"><a style=\"color: #000000;\" href=\"https:\/\/www.facebook.com\/alpinkg\/\">Alpin KG<\/a><\/span><br \/>\n<span style=\"color: #000000;\"><a style=\"color: #000000;\" href=\"https:\/\/www.facebook.com\/diemayerin\/\">Die Mayerin<\/a><\/span><br \/>\n<span style=\"color: #000000;\"><a style=\"color: #000000;\" href=\"https:\/\/www.facebook.com\/haderlumpen\/\">Zillertaler Haderlumpen<\/a><\/span><br \/>\n<span style=\"color: #000000;\"><a style=\"color: #000000;\" href=\"https:\/\/www.facebook.com\/hannah.musik.3\/\">Hannah<\/a><a style=\"color: #000000;\" href=\"https:\/\/www.facebook.com\/simonecharlybrunner\/\"><br \/>\nSimone &amp; Charly Brunner<br \/>\n<\/a><a style=\"color: #000000;\" href=\"https:\/\/www.facebook.com\/Mross.Stefan\/\">Stefan Mross<br \/>\n<\/a><a style=\"color: #000000;\" href=\"https:\/\/www.facebook.com\/AnnaCarinaMusik\/\">Anna-Carina Woitschack<\/a><\/span><\/p>\n<p>&nbsp;<\/p>\n<p>&nbsp;<\/p>\n<p>Sichern Sie sich <strong><a href=\"https:\/\/bit.ly\/2QLYKjB\">HIER<\/a><\/strong> Ihre Karten, solange der Vorrat reicht!<\/p>\n<h6><\/h6>\n<table class=\"leftCell\" cellspacing=\"0\" cellpadding=\"0\">\n<tbody>\n<tr class=\"leftCell odd\">\n<th class=\"leftCell\" colspan=\"2\"><b>TAGESKARTE \u2013 Stehplatz<br \/>\n<\/b><\/th>\n<\/tr>\n<tr class=\"leftCell even\">\n<td class=\"leftCell\">Samstag, 19. Januar 2019 \u2013 Open Air \u2013 TV Show \u2013 live!<\/td>\n<td class=\"leftCell\">\u20ac \u00a0 46,00<\/td>\n<\/tr>\n<tr class=\"leftCell odd\">\n<td class=\"leftCell\">Kinder (6 bis vollendeten 14. Lebensjahr)<\/td>\n<td class=\"leftCell\">\u20ac \u00a0 23,19<\/td>\n<\/tr>\n<tr class=\"leftCell even\">\n<td class=\"leftCell\" colspan=\"2\"><i>Keine G\u00fcltigkeit am Freitag \u2013 Generalprobe<\/i><\/td>\n<\/tr>\n<tr class=\"leftCell odd\">\n<th class=\"leftCell\" colspan=\"2\"><b>PROBENKARTE \u2013 Stehplatz<br \/>\n<\/b><\/th>\n<\/tr>\n<tr class=\"leftCell even\">\n<td class=\"leftCell\">Freitag, 18. Januar 2019 \u2013 Generalprobe<\/td>\n<td class=\"leftCell\">\u20ac\u00a0 31,00<\/td>\n<\/tr>\n<tr class=\"leftCell even\">\n<td class=\"leftCell\">Kinder (6 bis vollendeten 14. Jahr) und Rolli (Begleiter zahlt voll)<\/td>\n<td class=\"leftCell\">\u20ac \u00a0 15,70<\/td>\n<\/tr>\n<tr class=\"leftCell odd\">\n<td class=\"leftCell\" colspan=\"2\"><i>Keine G\u00fcltigkeit am Samstag \u2013 TV Show<br \/>\n<\/i><\/td>\n<\/tr>\n<tr class=\"leftCell even\">\n<th class=\"leftCell\" colspan=\"2\"><b>2 Tage \u2013 KOMBIKARTE \u2013 Stehplatz<br \/>\n<\/b><\/th>\n<\/tr>\n<tr class=\"leftCell odd\">\n<td class=\"leftCell\">Eintritt Freitag, 18. und Samstag, 18. J\u00e4nner 2019<\/td>\n<td class=\"leftCell\">\u20ac\u00a0 61,00<\/td>\n<\/tr>\n<tr class=\"leftCell even\">\n<td class=\"leftCell\">Kinder (6 bis vollendeten 14. Jahr) und Rolli (Begleiter zahlt voll)<\/td>\n<td class=\"leftCell\">\u20ac\u00a0 30,70<\/td>\n<\/tr>\n<tr class=\"leftCell even\">\n<td class=\"leftCell\"><i>G\u00fcltigkeit am Freitag und Samstag<br \/>\n<\/i><\/td>\n<td class=\"leftCell\"><\/td>\n<\/tr>\n<tr class=\"leftCell odd\">\n<th class=\"leftCell\" colspan=\"2\"><b>VIP-KARTE-GENERALPROBE (limitiert)<\/b><\/th>\n<\/tr>\n<tr class=\"leftCell odd\">\n<td class=\"leftCell\">Eintritt Freitag, 18. J\u00e4nner 2019<br \/>\nZugang zum VIP-Zelt inkl. Speisen\/Getr\u00e4nke<\/td>\n<td class=\"leftCell\">\u20ac 169,00<\/td>\n<\/tr>\n<tr class=\"leftCell odd\">\n<td class=\"leftCell\">VIP-Karte Generalprobe Kinder (6 bis vollendeten 14. Jahr)<\/td>\n<td class=\"leftCell\">\u20ac\u00a0 85,00<\/td>\n<\/tr>\n<tr class=\"leftCell even\">\n<th class=\"leftCell\" colspan=\"2\"><b>VIP-KARTE-OPENAIR (limitiert)<\/b><\/th>\n<\/tr>\n<tr class=\"leftCell even\">\n<td class=\"leftCell\">Eintritt Samstag, 19. J\u00e4nner 2019<br \/>\nZugang zum VIP-Zelt inkl. Speisen\/Getr\u00e4nke<\/td>\n<td class=\"leftCell\">\u20ac 199,00<\/td>\n<\/tr>\n<tr class=\"leftCell odd\">\n<td class=\"leftCell\">VIP-Karte-TV Show Kinder (6 bis vollendeten 14. Jahr)<\/td>\n<td class=\"leftCell\">\u20ac 100,00<\/td>\n<\/tr>\n<tr class=\"leftCell even\">\n<th class=\"leftCell\"><b>KOMBI-VIP-KARTE (limitiert)<\/b><\/th>\n<th class=\"leftCell\"><\/th>\n<\/tr>\n<tr class=\"leftCell odd highlight\">\n<td class=\"leftCell\">Eintritt Freitag, 18. und Samstag, 18. J\u00e4nner 2019<br \/>\nZugang zum VIP-Zelt inkl. Speisen\/Getr\u00e4nke, VIP-Parkplatz.<\/td>\n<td class=\"leftCell\">\u20ac 299,00<\/td>\n<\/tr>\n<tr class=\"even\">\n<td class=\"leftCell\">Kombi-VIP-Karte Kinder (6 bis vollendeten 14. Jahr)<\/td>\n<td class=\"leftCell\">\u20ac 150,00<\/td>\n<\/tr>\n<\/tbody>\n<\/table>\n<p>&nbsp;<\/p>\n<p>&nbsp;<\/p>\n<p><img decoding=\"async\" loading=\"lazy\" class=\"alignnone size-full wp-image-123522\" src=\"https:\/\/online.smago.de\/ws2\/wp-content\/uploads\/2018\/12\/musi_werbung.jpg\" alt=\"\" width=\"820\" height=\"312\" srcset=\"https:\/\/smago.de\/ws2\/wp-content\/uploads\/2018\/12\/musi_werbung.jpg 820w, https:\/\/smago.de\/ws2\/wp-content\/uploads\/2018\/12\/musi_werbung-300x114.jpg 300w, https:\/\/smago.de\/ws2\/wp-content\/uploads\/2018\/12\/musi_werbung-768x292.jpg 768w, https:\/\/smago.de\/ws2\/wp-content\/uploads\/2018\/12\/musi_werbung-292x111.jpg 292w, https:\/\/smago.de\/ws2\/wp-content\/uploads\/2018\/12\/musi_werbung-800x304.jpg 800w\" sizes=\"(max-width: 820px) 100vw, 820px\" \/><\/p>\n<p>&nbsp;<\/p>\n<p>&nbsp;<\/p>\n<p><img decoding=\"async\" loading=\"lazy\" class=\"alignnone size-nerubian-single wp-image-123523\" src=\"https:\/\/online.smago.de\/ws2\/wp-content\/uploads\/2018\/12\/musi_winter-870x457.jpg\" alt=\"\" width=\"660\" height=\"347\" srcset=\"https:\/\/smago.de\/ws2\/wp-content\/uploads\/2018\/12\/musi_winter-870x457.jpg 870w, https:\/\/smago.de\/ws2\/wp-content\/uploads\/2018\/12\/musi_winter-300x158.jpg 300w, https:\/\/smago.de\/ws2\/wp-content\/uploads\/2018\/12\/musi_winter-768x403.jpg 768w, https:\/\/smago.de\/ws2\/wp-content\/uploads\/2018\/12\/musi_winter-292x153.jpg 292w, https:\/\/smago.de\/ws2\/wp-content\/uploads\/2018\/12\/musi_winter-800x420.jpg 800w, https:\/\/smago.de\/ws2\/wp-content\/uploads\/2018\/12\/musi_winter.jpg 960w\" sizes=\"(max-width: 660px) 100vw, 660px\" \/><\/p>\n","protected":false},"excerpt":{"rendered":"<p>Gastgeber Arnold Prasch un \u00a0Stefanie Hertel g&#8217;frein sich auf Sie &#8211; am 18.01. + 19.01.2019 in Bad Kleinkirchheim!<\/p>\n","protected":false},"author":2,"featured_media":0,"comment_status":"open","ping_status":"closed","sticky":false,"template":"","format":"standard","meta":{"_FSMCFIC_featured_image_caption":"","_FSMCFIC_featured_image_nocaption":"","_FSMCFIC_featured_image_hide":""},"categories":[29,39,128,30],"tags":[],"acf":[],"_links":{"self":[{"href":"https:\/\/smago.de\/ws2\/wp-json\/wp\/v2\/posts\/123525"}],"collection":[{"href":"https:\/\/smago.de\/ws2\/wp-json\/wp\/v2\/posts"}],"about":[{"href":"https:\/\/smago.de\/ws2\/wp-json\/wp\/v2\/types\/post"}],"author":[{"embeddable":true,"href":"https:\/\/smago.de\/ws2\/wp-json\/wp\/v2\/users\/2"}],"replies":[{"embeddable":true,"href":"https:\/\/smago.de\/ws2\/wp-json\/wp\/v2\/comments?post=123525"}],"version-history":[{"count":3,"href":"https:\/\/smago.de\/ws2\/wp-json\/wp\/v2\/posts\/123525\/revisions"}],"predecessor-version":[{"id":123528,"href":"https:\/\/smago.de\/ws2\/wp-json\/wp\/v2\/posts\/123525\/revisions\/123528"}],"wp:attachment":[{"href":"https:\/\/smago.de\/ws2\/wp-json\/wp\/v2\/media?parent=123525"}],"wp:term":[{"taxonomy":"category","embeddable":true,"href":"https:\/\/smago.de\/ws2\/wp-json\/wp\/v2\/categories?post=123525"},{"taxonomy":"post_tag","embeddable":true,"href":"https:\/\/smago.de\/ws2\/wp-json\/wp\/v2\/tags?post=123525"}],"curies":[{"name":"wp","href":"https:\/\/api.w.org\/{rel}","templated":true}]}}