{"id":123489,"date":"2018-12-07T15:27:22","date_gmt":"2018-12-07T14:27:22","guid":{"rendered":"https:\/\/smago.de\/?p=123489"},"modified":"2018-12-07T15:33:33","modified_gmt":"2018-12-07T14:33:33","slug":"smago-informiert-europaeisches-kulturprogramm-arte-mit-digitalangebot-erfolgreich","status":"publish","type":"post","link":"https:\/\/smago.de\/ws2\/smago-informiert\/smago-informiert-europaeisches-kulturprogramm-arte-mit-digitalangebot-erfolgreich\/","title":{"rendered":"smago! INFORMIERT <br>Europ\u00e4isches Kulturprogramm ARTE mit Digitalangebot erfolgreich!"},"content":{"rendered":"<p>Intendant Bellut: Innovatives Programm auf allen Ausspielwegen!<br \/>\n<!--more--><\/p>\n<p>&nbsp;<\/p>\n<p class=\"bodytext\" style=\"text-align: justify;\">Mit innovativen, europ\u00e4ischen Programmen, neuen Formen des Erz\u00e4hlens und neuester Technologie erreicht der deutsch-franz\u00f6sische Kulturkanal ARTE sein Publikum auf allen Verbreitungswegen. Alleine im Oktober 2018 verzeichnete das Digitalangebot von ARTE mit 67,2 Millionen Videoabrufen Rekordwerte, den Facebook-Accounts folgen rund 5,4 Millionen Fans.<\/p>\n<p class=\"bodytext\" style=\"text-align: justify;\">Seit Oktober 2018 sind weite Teile des ARTE-Programms in sechs Sprachen abrufbar. Technische Innovationen wie 360\u00b0\/Virtual Reality, Ultra HD oder ein Offline-Modus f\u00fcr eine zeitlich unabh\u00e4ngige Verf\u00fcgbarkeit von Programmen in der Mediathek machen das ARTE-Programm zunehmend f\u00fcr j\u00fcngere Zuschauer attraktiv. &#8222;ARTE etabliert sich auf allen Ausspielwegen als f\u00fchrende kulturell und gesellschaftlich relevante Plattform in Europa&#8220;, sagte ZDF-Intendant Dr. Thomas Bellut vor dem Fernsehrat in Hamburg.<\/p>\n<p class=\"bodytext\" style=\"text-align: justify;\">2018 verst\u00e4rkte das ZDF auf ARTE zudem sein Engagement f\u00fcr investigative Programme zu aktuellen politischen Themen in Europa. Die 2017 eingef\u00fchrte Reportage-Reihe &#8222;Re:&#8220; macht Europa und seine Politik f\u00fcr die Zuschauer erfahrbar. Mit ARTE Europa, dem multilingualen Webangebot, bietet ARTE j\u00e4hrlich etwa 400 Stunden ausgew\u00e4hltes Programm in sechs Sprachen an \u2013 neben Deutsch und Franz\u00f6sisch auch Englisch, Spanisch, Polnisch und Italienisch. Damit erreicht ARTE rund 70 Prozent der Europ\u00e4er in ihrer Muttersprache und f\u00f6rdert so das Verst\u00e4ndnis untereinander.<\/p>\n<p class=\"bodytext\" style=\"text-align: justify;\">Sein europ\u00e4isches Engagement stellt ARTE 2018 auch mit der Einrichtung des Koproduktionsverbunds &#8222;Grand Accord Doc&#8220; unter Beweis, der auf eine Initiative des ZDF zur\u00fcckgeht: &#8222;Grand Accord Doc&#8220; verschreibt sich der F\u00f6rderung gro\u00dfer europ\u00e4ischer Dokumentarfilmproduktionen. Zun\u00e4chst sechs Projekte sollen ab 2019 j\u00e4hrlich realisiert werden.<\/p>\n<p class=\"bodytext\" style=\"text-align: justify;\">70 Jahre nach Verabschiedung der Allgemeinen Erkl\u00e4rung der Menschenrechte ist f\u00fcr ARTE nicht nur die Einigung Europas ein wichtiges Thema: Zusammen mit Partnern wie der Frankfurter Buchmesse, dem B\u00f6rsenverein des deutschen Buchhandels, dem Spiegel und mit Unterst\u00fctzung des ZDF wurde die Initiative &#8222;On the Same Page&#8220; gestartet, die den journalistischen Auftrag, die Einhaltung der Menschenrechte zu pr\u00fcfen und auf Verletzungen aufmerksam zu machen, in den Fokus r\u00fcckt \u2013 auch in Europa. Ein Programmschwerpunkt (noch zu sehen in den Mediatheken von ZDF und ARTE) zeigt in Reportagen, Dokumentationen und Hintergrundberichten Schaupl\u00e4tze, Protagonisten und Opfer von Menschenrechtsverletzungen und feiert gleichzeitig die Institution der Menschenrechte als t\u00e4glich neu zu verteidigenden Meilenstein der zivilisatorischen Entwicklung in einer immer mehr zusammenwachsenden Welt.<\/p>\n","protected":false},"excerpt":{"rendered":"<p>Intendant Bellut: Innovatives Programm auf allen Ausspielwegen!<\/p>\n","protected":false},"author":2,"featured_media":52320,"comment_status":"open","ping_status":"closed","sticky":false,"template":"","format":"standard","meta":{"_FSMCFIC_featured_image_caption":"","_FSMCFIC_featured_image_nocaption":"","_FSMCFIC_featured_image_hide":""},"categories":[33],"tags":[60,135],"acf":[],"_links":{"self":[{"href":"https:\/\/smago.de\/ws2\/wp-json\/wp\/v2\/posts\/123489"}],"collection":[{"href":"https:\/\/smago.de\/ws2\/wp-json\/wp\/v2\/posts"}],"about":[{"href":"https:\/\/smago.de\/ws2\/wp-json\/wp\/v2\/types\/post"}],"author":[{"embeddable":true,"href":"https:\/\/smago.de\/ws2\/wp-json\/wp\/v2\/users\/2"}],"replies":[{"embeddable":true,"href":"https:\/\/smago.de\/ws2\/wp-json\/wp\/v2\/comments?post=123489"}],"version-history":[{"count":1,"href":"https:\/\/smago.de\/ws2\/wp-json\/wp\/v2\/posts\/123489\/revisions"}],"predecessor-version":[{"id":123490,"href":"https:\/\/smago.de\/ws2\/wp-json\/wp\/v2\/posts\/123489\/revisions\/123490"}],"wp:featuredmedia":[{"embeddable":true,"href":"https:\/\/smago.de\/ws2\/wp-json\/wp\/v2\/media\/52320"}],"wp:attachment":[{"href":"https:\/\/smago.de\/ws2\/wp-json\/wp\/v2\/media?parent=123489"}],"wp:term":[{"taxonomy":"category","embeddable":true,"href":"https:\/\/smago.de\/ws2\/wp-json\/wp\/v2\/categories?post=123489"},{"taxonomy":"post_tag","embeddable":true,"href":"https:\/\/smago.de\/ws2\/wp-json\/wp\/v2\/tags?post=123489"}],"curies":[{"name":"wp","href":"https:\/\/api.w.org\/{rel}","templated":true}]}}