{"id":123471,"date":"2018-12-07T14:20:23","date_gmt":"2018-12-07T13:20:23","guid":{"rendered":"https:\/\/smago.de\/?p=123471"},"modified":"2018-12-07T14:25:18","modified_gmt":"2018-12-07T13:25:18","slug":"smago-informiert-fernsehrat-verabschiedet-zdf-haushaltsplan-2019","status":"publish","type":"post","link":"https:\/\/smago.de\/ws2\/smago-informiert\/smago-informiert-fernsehrat-verabschiedet-zdf-haushaltsplan-2019\/","title":{"rendered":"smago! INFORMIERT <br> Fernsehrat verabschiedet ZDF-Haushaltsplan 2019!"},"content":{"rendered":"<p>Intendant Bellut: \u201eSolide und sparsame Finanzpolitik\u201c!<br \/>\n<!--more--><\/p>\n<p>&nbsp;<\/p>\n<p>&nbsp;<\/p>\n<p class=\"bodytext\" style=\"text-align: justify;\">Der ZDF-Fernsehrat hat am Freitag in Hamburg den Haushaltsplan des Senders f\u00fcr 2019 einstimmig genehmigt. Dem ZDF steht ein Etat in H\u00f6he von insgesamt 2.362\u00a0Mio.\u00a0Euro zur Verf\u00fcgung. Den Aufwendungen stehen Ertr\u00e4ge in\u00a0 H\u00f6he von 2.199\u00a0Mio.\u00a0Euro gegen\u00fcber. Durch\u00a0 eine Entnahme aus der in der Vorperiode hierf\u00fcr gebildeten Sonderr\u00fccklage ergibt sich im vorletzten Jahr der laufenden Beitragsperiode ein ausgeglichener Haushalt. Die mittelfristige Finanzplanung des ZDF sieht vor, die Beitragsperiode (2017 bis 2020) mit einem positiven Ergebnis abzuschlie\u00dfen.<\/p>\n<p class=\"bodytext\" style=\"text-align: justify;\">In seiner Haushaltsrede erkl\u00e4rte ZDF-Intendant Dr. Thomas Bellut, das ZDF setze\u00a0 mit dem vorgelegten Haushalt den eingeschlagenen Weg einer soliden und sparsamen Finanzpolitik fort. Bellut wies aber auch darauf hin, dass es mittelfristig noch Unw\u00e4gbarkeiten g\u00e4be. Es sei offen, zu welchen Ergebnissen die medienpolitische Debatte im Kreis der L\u00e4nder zur Reform der Finanzierung des \u00f6ffentlich-rechtlichen Rundfunks kommen werde. Das ZDF bringe sich dabei sachorientiert und verantwortungsbewusst in die Diskussion ein.<\/p>\n<p class=\"bodytext\" style=\"text-align: justify;\">Intendant Bellut k\u00fcndigte f\u00fcr 2019 Themenschwerpunkte im Programm zu den besonderen Jahrestagen, etwa 70 Jahre Grundgesetz und 30 Jahre Fall der Mauer, an. Au\u00dferdem werde das ZDF sein Informationsangebot f\u00fcr j\u00fcngere Menschen im Netz ausbauen und die ZDFmediathek weiter st\u00e4rken. Bellut: \u201eNon-lineares Fernsehen legt zu. Das ist ein Ergebnis der grundlegenden Ver\u00e4nderungen in der Mediennutzung und das spiegelt sich auch in der Nutzung von Informationsangeboten, zum Beispiel vor Wahlen. Immer mehr Menschen suchen und finden im Netz ihre Informationen \u00fcber Parteien, Wahlprogramme, Kandidaten und Positionen. Als Intendant stehe ich in der Pflicht, unsere Informationskompetenz auch im Netz einzusetzen und anzubieten.\u201c<\/p>\n","protected":false},"excerpt":{"rendered":"<p>Intendant Bellut: \u201eSolide und sparsame Finanzpolitik\u201c!<\/p>\n","protected":false},"author":2,"featured_media":52320,"comment_status":"open","ping_status":"closed","sticky":false,"template":"","format":"standard","meta":{"_FSMCFIC_featured_image_caption":"","_FSMCFIC_featured_image_nocaption":"","_FSMCFIC_featured_image_hide":""},"categories":[33],"tags":[60,135],"acf":[],"_links":{"self":[{"href":"https:\/\/smago.de\/ws2\/wp-json\/wp\/v2\/posts\/123471"}],"collection":[{"href":"https:\/\/smago.de\/ws2\/wp-json\/wp\/v2\/posts"}],"about":[{"href":"https:\/\/smago.de\/ws2\/wp-json\/wp\/v2\/types\/post"}],"author":[{"embeddable":true,"href":"https:\/\/smago.de\/ws2\/wp-json\/wp\/v2\/users\/2"}],"replies":[{"embeddable":true,"href":"https:\/\/smago.de\/ws2\/wp-json\/wp\/v2\/comments?post=123471"}],"version-history":[{"count":2,"href":"https:\/\/smago.de\/ws2\/wp-json\/wp\/v2\/posts\/123471\/revisions"}],"predecessor-version":[{"id":123473,"href":"https:\/\/smago.de\/ws2\/wp-json\/wp\/v2\/posts\/123471\/revisions\/123473"}],"wp:featuredmedia":[{"embeddable":true,"href":"https:\/\/smago.de\/ws2\/wp-json\/wp\/v2\/media\/52320"}],"wp:attachment":[{"href":"https:\/\/smago.de\/ws2\/wp-json\/wp\/v2\/media?parent=123471"}],"wp:term":[{"taxonomy":"category","embeddable":true,"href":"https:\/\/smago.de\/ws2\/wp-json\/wp\/v2\/categories?post=123471"},{"taxonomy":"post_tag","embeddable":true,"href":"https:\/\/smago.de\/ws2\/wp-json\/wp\/v2\/tags?post=123471"}],"curies":[{"name":"wp","href":"https:\/\/api.w.org\/{rel}","templated":true}]}}