{"id":123262,"date":"2018-12-04T14:26:50","date_gmt":"2018-12-04T13:26:50","guid":{"rendered":"https:\/\/smago.de\/?p=123262"},"modified":"2018-12-04T14:28:40","modified_gmt":"2018-12-04T13:28:40","slug":"sonia-liebing-semino-rossi-hat-sie-zu-seiner-grossen-christmas-gala-eingeladen","status":"publish","type":"post","link":"https:\/\/smago.de\/ws2\/pop-schlager\/sonia-liebing-semino-rossi-hat-sie-zu-seiner-grossen-christmas-gala-eingeladen\/","title":{"rendered":"SONIA LIEBING <br>Sensation: Semino Rossi hat sie zu seiner gro\u00dfen &#8222;Christmas Gala&#8220; eingeladen!"},"content":{"rendered":"<p style=\"text-align: justify;\">Somit steht sie am 22.12.2018 Seite an Seite mit Weltstar Jos\u00e9 Feleciano (&#8222;Felix navidad&#8220;) auf der B\u00fchne!<br \/>\n<!--more--><\/p>\n<p>&nbsp;<\/p>\n<p>&nbsp;<\/p>\n<p>Wenn das nicht mal eine sch\u00f6ne Schlagzeile ist &#8230;: SONIA LIEBING erh\u00e4lt Einladung von Semino Rossi, auf seiner Christmas Gala singen zu d\u00fcrfen <span class=\"_47e3 _5mfr\" title=\"\u201ewink\u201c-Emoticon\"><img decoding=\"async\" loading=\"lazy\" class=\"img\" role=\"presentation\" src=\"https:\/\/static.xx.fbcdn.net\/images\/emoji.php\/v9\/t57\/1\/16\/1f609.png\" alt=\"\" width=\"16\" height=\"16\" \/><span class=\"_7oe\" aria-hidden=\"true\">\ud83d\ude09<\/p>\n<p><\/span><\/span><\/p>\n<p style=\"text-align: justify;\"><em>Die LA. Clip GmbH pr\u00e4sentiert im Zusammenhang mit dem Magna Racino, Ebreichsdorf, ein einzigartiges Weihnachtskonzert von Semino Rossi am 22. Dezember 2018. Mit dabei sind Jos\u00e9 Feliciano, 9-facher Grammy Gewinner und Wahl-Nieder\u00f6sterreicher, sowie Magnolo &#8222;The Voice Of The Gipsys\u2018&#8220; und Sonia Liebing, welche diese gro\u00dfartige Veranstaltung unterst\u00fctzen.<\/em><\/p>\n<p style=\"text-align: justify;\"><em>Seien S<span class=\"text_exposed_show\">ie mit dabei, wenn Schlagerstar Semino Rossi, Latin-Legende Jos\u00e9 Feliciano, der unvergleichliche Magnolo und die gro\u00dfartige Sonia Liebing das Magna Racino in Ebreichsdorf in weihnachtliches Ambiente h\u00fcllen.<\/span><\/em><\/p>\n<p><em>Der Reinerl\u00f6s aus diesem Event geht an Licht ins Dunkel <span class=\"_5mfr\"><span class=\"_6qdm\">&#x2764;&#xfe0f;<\/span><\/span><\/em><\/p>\n<div class=\"text_exposed_show\" style=\"text-align: justify;\">\n<p><em>Es erwartet Sie ein Abend voll weihnachtlicher Musik und Unterhaltung, sowie ein kulinarisches Buffet von Casa Del Vino, gekocht von Starkoch Johann Lafer und J\u00fcrgen Steinbrecher.<\/em><\/p>\n<\/div>\n<p>&nbsp;<\/p>\n<p><em><img decoding=\"async\" loading=\"lazy\" class=\"alignnone size-full wp-image-123265\" src=\"https:\/\/online.smago.de\/ws2\/wp-content\/uploads\/2018\/12\/rossi_christmas.jpg\" alt=\"\" width=\"679\" height=\"960\" srcset=\"https:\/\/smago.de\/ws2\/wp-content\/uploads\/2018\/12\/rossi_christmas.jpg 679w, https:\/\/smago.de\/ws2\/wp-content\/uploads\/2018\/12\/rossi_christmas-212x300.jpg 212w, https:\/\/smago.de\/ws2\/wp-content\/uploads\/2018\/12\/rossi_christmas-369x522.jpg 369w, https:\/\/smago.de\/ws2\/wp-content\/uploads\/2018\/12\/rossi_christmas-134x190.jpg 134w, https:\/\/smago.de\/ws2\/wp-content\/uploads\/2018\/12\/rossi_christmas-315x445.jpg 315w\" sizes=\"(max-width: 679px) 100vw, 679px\" \/><\/em><\/p>\n<p>&nbsp;<\/p>\n","protected":false},"excerpt":{"rendered":"<p>Somit steht sie am 22.12.2018 Seite an Seite mit Weltstar Jos\u00e9 Feleciano (&#8222;Felix navidad&#8220;) auf der B\u00fchne!<\/p>\n","protected":false},"author":2,"featured_media":120835,"comment_status":"open","ping_status":"closed","sticky":false,"template":"","format":"standard","meta":{"_FSMCFIC_featured_image_caption":"","_FSMCFIC_featured_image_nocaption":"","_FSMCFIC_featured_image_hide":""},"categories":[28],"tags":[233],"acf":[],"_links":{"self":[{"href":"https:\/\/smago.de\/ws2\/wp-json\/wp\/v2\/posts\/123262"}],"collection":[{"href":"https:\/\/smago.de\/ws2\/wp-json\/wp\/v2\/posts"}],"about":[{"href":"https:\/\/smago.de\/ws2\/wp-json\/wp\/v2\/types\/post"}],"author":[{"embeddable":true,"href":"https:\/\/smago.de\/ws2\/wp-json\/wp\/v2\/users\/2"}],"replies":[{"embeddable":true,"href":"https:\/\/smago.de\/ws2\/wp-json\/wp\/v2\/comments?post=123262"}],"version-history":[{"count":4,"href":"https:\/\/smago.de\/ws2\/wp-json\/wp\/v2\/posts\/123262\/revisions"}],"predecessor-version":[{"id":123267,"href":"https:\/\/smago.de\/ws2\/wp-json\/wp\/v2\/posts\/123262\/revisions\/123267"}],"wp:featuredmedia":[{"embeddable":true,"href":"https:\/\/smago.de\/ws2\/wp-json\/wp\/v2\/media\/120835"}],"wp:attachment":[{"href":"https:\/\/smago.de\/ws2\/wp-json\/wp\/v2\/media?parent=123262"}],"wp:term":[{"taxonomy":"category","embeddable":true,"href":"https:\/\/smago.de\/ws2\/wp-json\/wp\/v2\/categories?post=123262"},{"taxonomy":"post_tag","embeddable":true,"href":"https:\/\/smago.de\/ws2\/wp-json\/wp\/v2\/tags?post=123262"}],"curies":[{"name":"wp","href":"https:\/\/api.w.org\/{rel}","templated":true}]}}