{"id":122903,"date":"2018-11-27T00:00:18","date_gmt":"2018-11-26T23:00:18","guid":{"rendered":"https:\/\/smago.de\/?p=122903"},"modified":"2018-11-26T22:50:03","modified_gmt":"2018-11-26T21:50:03","slug":"matthias-carras","status":"publish","type":"post","link":"https:\/\/smago.de\/ws2\/pop-schlager\/matthias-carras\/","title":{"rendered":"MICHAEL MORGAN feat. BENJAMIN BOYCE <br>H\u00f6chstlob von Matthias Carras f\u00fcr ihren Titel &#8222;Komm zur\u00fcck (Want You Back)&#8220;!"},"content":{"rendered":"<p>Matthias Carras meldet sich aus dem selbstgew\u00e4hlten &#8222;Exil&#8220; zur\u00fcck &#8230;:<br \/>\n<!--more--><\/p>\n<p>&nbsp;<\/p>\n<p>&nbsp;<\/p>\n<p style=\"text-align: justify;\"><em>Hallo Ihr lieben CARRAS Veteranen. Mich ber\u00fchrt gerade ein ganz besonderes Lied!<\/em><\/p>\n<p style=\"text-align: justify;\"><em>Ein Lied, was mich mit so vielem verbindet. &#8222;Komm zur\u00fcck (Want You Back), von Michael Morgan feat. Benjamin Boyce.<\/em><\/p>\n<p style=\"text-align: justify;\"><em>Zum einem habe ich diesen Titel bei meinen ersten Auftritten in der deutschen Version gesungen. Mit Michael Morgan f\u00fchle ich durch die vielen sch\u00f6nen Momente miteinander eine gro\u00dfe Verbundenheit. Ja und Benjamin hing fast lebensgro\u00df bei meiner Tochter im Kinderzimmer. Ich mus<span class=\"text_exposed_show\">ste das akzeptieren, jetzt bin ich stolz darauf, dass er heute bei meinem Manager und gutem Freund Freddy Freibeuter ein liebesvolles Zuhause gefunden hat.. also es lohnt sich diesen Titel zu downloaden. L.G. Euer Matze<\/span><\/em><\/p>\n<div class=\"text_exposed_show\">\n<p style=\"text-align: justify;\"><em>Hier k\u00f6nnt ihr den Titel downloaden und streamen: <a href=\"https:\/\/l.facebook.com\/l.php?u=https%3A%2F%2Fteaser.fox-house.de%2F%3Ffbclid%3DIwAR2knwD7xArYvhi7kuo-DOPIuiuHvV58L41jFz1ek7cnPLMwkIUDa4hV8jY&amp;h=AT1N7ZqsgtxGF_MkYp1FVz8K2-642P4Tyr24kohG-wKhMdh4mNLrajG3nkqmlUJ_sAlw4DulLMkq180D4fvZyRpdKd0T4y2iFaJyzS0FCS7rGZwrcpQiXyCN2en53u3Y_-sPHeI5BzpnJicNQjkwS2Fde-ffjTIaKeCtD7CptYEAUD-zXEtnT4vcQtvUFTXvpAPiJYgIaBL6eDM8cYngDwaEOVt-f4niuzMEBfBRCj9Qd4w-1x7zpbcJCLg18tccbQwLI_Zlv00laKFlOvuRmvKJi2A74-ikzj21DGiyyB1xdt5wlKQvAq-BgAN9822beGbd3FJV8Ta82KeoTR7-r2UR_Tf0MRCwthNL35su2hflJfbVF5Uclc-hW16JlCCE9WjnQQSNExRKL8sQE28Xyid7Fhmk8D83bjARBrBVYX0TBobLXq5_vO2AdW1lseRZyqUwgfrO8apaWCAqcYsztAeMNli0_BkZrqr-7UVUMUMOCSyueUdn2AEbHOB1PhIu89-Q-aIuFIkh_7Lz485kELmqhthHPx9k7CBLEyElNDWCQxrAIlCEJrsXAWRmG0siS4fLj_yn6-UKn5_qFSGlpic6Td8s-k5jaWPfdMyzIYjnKVkU0T_Fz5d5xVgsMQjgYeKJMZfSsEKTqeNte2fjfBU7y9bX88lHG7_akDfBqXKuUZkM8Tg\" target=\"_blank\" rel=\"noopener nofollow\" data-ft=\"{&quot;tn&quot;:&quot;-U&quot;}\" data-lynx-mode=\"origin\">https:\/\/teaser.fox-house.de\/<\/a><\/em><\/p>\n<p style=\"text-align: justify;\"><em>Habt ihr den Auftritt bei den \u201eSchlager des Jahres\u201c gesehen? Wenn nicht, hier k\u00f6nnt ihr das nachholen: <a href=\"https:\/\/www.mdr.de\/meine-schlagerwelt\/video-252168.html?fbclid=IwAR0h1nZ4darOmRF06tOBjgfIYBcDBpfELYF8dcrPKfSzRn8-itDT4tNNpn4\" target=\"_blank\" rel=\"noopener nofollow\" data-ft=\"{&quot;tn&quot;:&quot;-U&quot;}\" data-lynx-mode=\"origin\" data-lynx-uri=\"https:\/\/l.facebook.com\/l.php?u=https%3A%2F%2Fwww.mdr.de%2Fmeine-schlagerwelt%2Fvideo-252168.html%3Ffbclid%3DIwAR0h1nZ4darOmRF06tOBjgfIYBcDBpfELYF8dcrPKfSzRn8-itDT4tNNpn4&amp;h=AT2NSvbtEP_6F6uRgtOPFoGBw13hRDD5hiS6JfqbtaERGWFSO34uTNq7ROMdhCkF-376o-zQmZb-ML4SCcbf6iLIMHaIHneMDI9aLPccqDBVf_8yrCWNb-QRB_NeyX_YSp3UfdOM6kjPeIX0S-AnrJMgwCB8jUEI8zadQUZxGBxZDNAJxAZSkreNUiT5EsnFv6tQpMHnaQeciA8uKJVQNxlZsfS9OtCMpJ-AIPm7yk9Mf8SylBLN1PxbXrHP6zG-26L4xMnVDI9vOo1jMUSFdLUH8NIignMCSwnCjpwi37zncgUltabBwIYv_P2HumDD3PFCxc0N_0P8IQw8ecaqeLgG3DfuC-gypE1A6_7JS5FGEVUoZ9huJAznSvEbOir8Gu2JDg78ywj4dS0hm1qEMBGwy8d0pyk5sLL7Gr54jYaLQ0E0KOlZ1a9k4pCmXHuQxqaG_WHo7pao0VivRvIPyx7wCl86n78AojeojG9Yy6b_CUnYgLXLrtVoLLNw9FqX_WcnidNQjIolweTGJB1gDVoXvfZwqS0FjyFNViipWS4Z0b_08tFTsDIvS-v1O2E4VqfpDqSEC-hYSKBQLWRHa8sRzX5sQQ4b6g80tpgn5b9xUH4AK4o8S6G8uhvJfGy4NBeenPqLndpEprhJIwOXgwDHBZq33ZZmU0pd3SyRla0ExcvAIJU\">https:\/\/www.mdr.de\/meine-schlagerwelt\/video-252168.html<\/a><\/em><\/p>\n<\/div>\n<p>&nbsp;<\/p>\n<p><img decoding=\"async\" loading=\"lazy\" class=\"alignnone size-full wp-image-54410\" src=\"https:\/\/online.smago.de\/ws2\/wp-content\/uploads\/2018\/08\/carras.jpg\" alt=\"\" width=\"360\" height=\"480\" srcset=\"https:\/\/smago.de\/ws2\/wp-content\/uploads\/2018\/08\/carras.jpg 360w, https:\/\/smago.de\/ws2\/wp-content\/uploads\/2018\/08\/carras-113x150.jpg 113w, https:\/\/smago.de\/ws2\/wp-content\/uploads\/2018\/08\/carras-218x290.jpg 218w, https:\/\/smago.de\/ws2\/wp-content\/uploads\/2018\/08\/carras-225x300.jpg 225w, https:\/\/smago.de\/ws2\/wp-content\/uploads\/2018\/08\/carras-143x190.jpg 143w, https:\/\/smago.de\/ws2\/wp-content\/uploads\/2018\/08\/carras-334x445.jpg 334w\" sizes=\"(max-width: 360px) 100vw, 360px\" \/><\/p>\n","protected":false},"excerpt":{"rendered":"<p>Matthias Carras meldet sich aus dem selbstgew\u00e4hlten &#8222;Exil&#8220; zur\u00fcck &#8230;:<\/p>\n","protected":false},"author":2,"featured_media":122235,"comment_status":"open","ping_status":"closed","sticky":false,"template":"","format":"standard","meta":{"_FSMCFIC_featured_image_caption":"","_FSMCFIC_featured_image_nocaption":"","_FSMCFIC_featured_image_hide":""},"categories":[28],"tags":[378],"acf":[],"_links":{"self":[{"href":"https:\/\/smago.de\/ws2\/wp-json\/wp\/v2\/posts\/122903"}],"collection":[{"href":"https:\/\/smago.de\/ws2\/wp-json\/wp\/v2\/posts"}],"about":[{"href":"https:\/\/smago.de\/ws2\/wp-json\/wp\/v2\/types\/post"}],"author":[{"embeddable":true,"href":"https:\/\/smago.de\/ws2\/wp-json\/wp\/v2\/users\/2"}],"replies":[{"embeddable":true,"href":"https:\/\/smago.de\/ws2\/wp-json\/wp\/v2\/comments?post=122903"}],"version-history":[{"count":4,"href":"https:\/\/smago.de\/ws2\/wp-json\/wp\/v2\/posts\/122903\/revisions"}],"predecessor-version":[{"id":122925,"href":"https:\/\/smago.de\/ws2\/wp-json\/wp\/v2\/posts\/122903\/revisions\/122925"}],"wp:featuredmedia":[{"embeddable":true,"href":"https:\/\/smago.de\/ws2\/wp-json\/wp\/v2\/media\/122235"}],"wp:attachment":[{"href":"https:\/\/smago.de\/ws2\/wp-json\/wp\/v2\/media?parent=122903"}],"wp:term":[{"taxonomy":"category","embeddable":true,"href":"https:\/\/smago.de\/ws2\/wp-json\/wp\/v2\/categories?post=122903"},{"taxonomy":"post_tag","embeddable":true,"href":"https:\/\/smago.de\/ws2\/wp-json\/wp\/v2\/tags?post=122903"}],"curies":[{"name":"wp","href":"https:\/\/api.w.org\/{rel}","templated":true}]}}