{"id":121725,"date":"2018-11-01T00:00:41","date_gmt":"2018-10-31T23:00:41","guid":{"rendered":"https:\/\/smago.de\/?p=121725"},"modified":"2018-10-31T15:07:54","modified_gmt":"2018-10-31T14:07:54","slug":"mario-steffen-auch-in-diesem-jahr-wieder-auf-grosser-weihnachtstournee","status":"publish","type":"post","link":"https:\/\/smago.de\/ws2\/schlager\/mario-steffen-auch-in-diesem-jahr-wieder-auf-grosser-weihnachtstournee\/","title":{"rendered":"MARIO STEFFEN <br>Auch in diesem Jahr wieder auf gro\u00dfer Weihnachtstournee!"},"content":{"rendered":"<p>HIER finden Sie alle Termine &#8230;:<br \/>\n<!--more--><\/p>\n<p>&nbsp;<\/p>\n<div style=\"text-align: justify;\">Nachdem sein drittes Album &#8222;Gedankenkarussell&#8220; vor ein paar Wochen erschienen ist, widmet\u00a0sich der gl\u00fccklicherweise wieder vollst\u00e4ndig genesene MARIO STEFFEN nun seiner diesj\u00e4hrigen Weihnachtstournee.<\/div>\n<div style=\"text-align: justify;\"><\/div>\n<div style=\"text-align: justify;\"><\/div>\n<div><\/div>\n<div><\/div>\n<div style=\"text-align: justify;\"><\/div>\n<div style=\"text-align: justify;\"><strong>HIER finden Sie alle Termine: \u00a0<\/strong><\/div>\n<div style=\"text-align: justify;\"><\/div>\n<div style=\"text-align: justify;\"><\/div>\n<div style=\"text-align: justify;\"><\/div>\n<div>\n<p style=\"text-align: justify;\">23.11.2018 | Gotsch Reisen | 06369 Gro\u00dfbadegast | 13:30 Uhr<\/p>\n<p style=\"text-align: justify;\">24.11.2018 | Gotsch Reisen | 06369 Gro\u00dfbadegast | 13:30 Uhr<\/p>\n<p style=\"text-align: justify;\">01.12.2018 | Weihnachtsmarkt | 74821 Mosbach | 17:30 Uhr<\/p>\n<p style=\"text-align: justify;\">02.12.2018 | Weihnachtsmarkt | 99817 Eisenach | 15 Uhr<\/p>\n<p style=\"text-align: justify;\">06.12.2018 | Weihnachtskaffee | 35457 Lollar | 15 Uhr<\/p>\n<p style=\"text-align: justify;\">07.12.2018 | Weihnachtsmarkt | 63654 B\u00fcdingen | 17 Uhr<\/p>\n<p style=\"text-align: justify;\">08.12.2018 | Weihnachtsmarkt | 55112 Mainz | 17 Uhr<\/p>\n<p style=\"text-align: justify;\">09.12.2018 | Ahorn Waldhotel | 01773 Altenberg-Schellerhau | 20 Uhr<\/p>\n<p style=\"text-align: justify;\">15.12.2018 | Weihnachtsmarkt | 99817 Eisenach | 15 Uhr<\/p>\n<p style=\"text-align: justify;\">16.12.2018 | Hotel Hagen | 49733 Haren (Ems) | 16 Uhr<\/p>\n<p style=\"text-align: justify;\">22.12.2018 | Landhotel &#8222;Zur Krone&#8220; | 63849 Leidersbach | 15 Uhr<\/p>\n<p style=\"text-align: justify;\">26.12.2018 | Weihnachtsmarkt | 39116 Magdeburg | 15 Uhr<\/p>\n<p style=\"text-align: justify;\">31.12.2018 | Bachgaustuben | 63762 Gro\u00dfostheim | 18 Uhr<\/p>\n<\/div>\n<p><img decoding=\"async\" loading=\"lazy\" class=\"alignnone size-nerubian-single wp-image-121729\" src=\"https:\/\/online.smago.de\/ws2\/wp-content\/uploads\/2018\/11\/ANSICHT-Weihnachtsflyer-Front-1-870x410.jpg\" alt=\"\" width=\"660\" height=\"311\" srcset=\"https:\/\/smago.de\/ws2\/wp-content\/uploads\/2018\/11\/ANSICHT-Weihnachtsflyer-Front-1-870x410.jpg 870w, https:\/\/smago.de\/ws2\/wp-content\/uploads\/2018\/11\/ANSICHT-Weihnachtsflyer-Front-1-300x141.jpg 300w, https:\/\/smago.de\/ws2\/wp-content\/uploads\/2018\/11\/ANSICHT-Weihnachtsflyer-Front-1-768x362.jpg 768w, https:\/\/smago.de\/ws2\/wp-content\/uploads\/2018\/11\/ANSICHT-Weihnachtsflyer-Front-1-1024x483.jpg 1024w, https:\/\/smago.de\/ws2\/wp-content\/uploads\/2018\/11\/ANSICHT-Weihnachtsflyer-Front-1-292x138.jpg 292w, https:\/\/smago.de\/ws2\/wp-content\/uploads\/2018\/11\/ANSICHT-Weihnachtsflyer-Front-1-895x420.jpg 895w, https:\/\/smago.de\/ws2\/wp-content\/uploads\/2018\/11\/ANSICHT-Weihnachtsflyer-Front-1-800x377.jpg 800w\" sizes=\"(max-width: 660px) 100vw, 660px\" \/><\/p>\n","protected":false},"excerpt":{"rendered":"<p>HIER finden Sie alle Termine &#8230;:<\/p>\n","protected":false},"author":2,"featured_media":121727,"comment_status":"open","ping_status":"closed","sticky":false,"template":"","format":"standard","meta":{"_FSMCFIC_featured_image_caption":"","_FSMCFIC_featured_image_nocaption":"","_FSMCFIC_featured_image_hide":""},"categories":[29],"tags":[512],"acf":[],"_links":{"self":[{"href":"https:\/\/smago.de\/ws2\/wp-json\/wp\/v2\/posts\/121725"}],"collection":[{"href":"https:\/\/smago.de\/ws2\/wp-json\/wp\/v2\/posts"}],"about":[{"href":"https:\/\/smago.de\/ws2\/wp-json\/wp\/v2\/types\/post"}],"author":[{"embeddable":true,"href":"https:\/\/smago.de\/ws2\/wp-json\/wp\/v2\/users\/2"}],"replies":[{"embeddable":true,"href":"https:\/\/smago.de\/ws2\/wp-json\/wp\/v2\/comments?post=121725"}],"version-history":[{"count":4,"href":"https:\/\/smago.de\/ws2\/wp-json\/wp\/v2\/posts\/121725\/revisions"}],"predecessor-version":[{"id":121731,"href":"https:\/\/smago.de\/ws2\/wp-json\/wp\/v2\/posts\/121725\/revisions\/121731"}],"wp:featuredmedia":[{"embeddable":true,"href":"https:\/\/smago.de\/ws2\/wp-json\/wp\/v2\/media\/121727"}],"wp:attachment":[{"href":"https:\/\/smago.de\/ws2\/wp-json\/wp\/v2\/media?parent=121725"}],"wp:term":[{"taxonomy":"category","embeddable":true,"href":"https:\/\/smago.de\/ws2\/wp-json\/wp\/v2\/categories?post=121725"},{"taxonomy":"post_tag","embeddable":true,"href":"https:\/\/smago.de\/ws2\/wp-json\/wp\/v2\/tags?post=121725"}],"curies":[{"name":"wp","href":"https:\/\/api.w.org\/{rel}","templated":true}]}}