{"id":121500,"date":"2018-10-26T12:04:46","date_gmt":"2018-10-26T10:04:46","guid":{"rendered":"https:\/\/smago.de\/?p=121500"},"modified":"2018-10-26T12:07:03","modified_gmt":"2018-10-26T10:07:03","slug":"michael-patrick-kelly-platin-fuer-michael-patrick-kelly","status":"publish","type":"post","link":"https:\/\/smago.de\/ws2\/pop\/michael-patrick-kelly-platin-fuer-michael-patrick-kelly\/","title":{"rendered":"MICHAEL PATRICK KELLY <br>Platin f\u00fcr Michael Patrick Kelly:"},"content":{"rendered":"<p style=\"text-align: justify;\">Aktuelles Studio-Album &#8222;iD&#8220; meldet Sales-Edelmetall, flankiert von CD\/DVD-Release &#8222;iD LIVE&#8220;!<br \/>\n<!--more--><\/p>\n<p>&nbsp;<\/p>\n<p style=\"text-align: justify;\">MICHAEL PATRICK KELLYs Erfolgsgeschichte geht weiter: Nach seinem Comeback mit dem Gold-Album \u201eHuman\u201c in 2015, toppt Michael Patrick Kelly die Schlagzeilen jetzt mit seinem j\u00fcngsten Top 10 Album \u201eiD\u201c und meldet zum ersten Mal in seiner Solo-Karriere Platinstatus. Auch medial ist der Preistr\u00e4ger der Goldenen Kamera ein Quotengarant: Bereits die erste Folge der aktuellen Staffel von \u201eThe Voice of Germany\u201c, in der Kelly neben Yvonne Catterfeld, Mark Forster und Michi Beck und Smudo von den Fantastischen 4 als neuer Coach fungiert, erreichte 3,3 Millionen Zuschauer an den Bildschirmen.<\/p>\n<p style=\"text-align: justify;\">Parallel erscheint heute \u201eiD LIVE\u201c, das unter der Regie von ECHO-Gewinner Kim Frank entstand und Kellys gefeierte Show in der Essener Grugahalle dokumentiert. Die atemberaubenden Sequenzen von der in weiten Teilen ausverkauften \u201eiD LIVE\u201c-Tour halten ein Konzert-Highlight fest, bei dem Michael Patrick Kelly nicht nur Special Guests wie Gentleman pr\u00e4sentiert, sondern auch nach 30 Jahren auf die B\u00fchne zur\u00fcckkehrt, auf der er im Alter von zehn Jahren zum ersten Mal stand.<\/p>\n<p style=\"text-align: justify;\"><strong>Andreas Kappel, Director A&amp;R Columbia, dazu:<\/strong> \u201eDer Erfolg von Michael Patrick Kelly freut mich pers\u00f6nlich sehr. Die Zusammenarbeit mit allen Beteiligten war immer von gegenseitigem Respekt gepr\u00e4gt und hat sich mehr als verdient zu einem Platin-Album entwickelt. Mit der Ver\u00f6ffentlichung der Live-DVD verleiht er dieser Arbeit ein zus\u00e4tzliches optisches und akustisches Sahneh\u00e4ubchen. Stellvertretend f\u00fcr das gesamte Columbia-Team sage ich: \u201aDanke f\u00fcr diese wunderbare Erfahrung, Paddy.\u2019\u201c<\/p>\n<p style=\"text-align: justify;\">Bevor Kelly 2019 ca. 25 weitere Konzerte spielt und mit seiner gro\u00dfen Show auf dem M\u00fcnchner K\u00f6nigsplatz am 15. September 2019 das Finale der Erfolgstour feiert, erscheint bereits heute der mit Spannung erwartete Solo-Liverelease des K\u00fcnstlers und die B\u00fchnenfassung des frisch gebackenen Platin-Albums: \u201eiD LIVE\u201c.<\/p>\n<p>&nbsp;<\/p>\n<p>&nbsp;<\/p>\n<p><strong>iD Tour 2018\u00a0<\/strong><\/p>\n<p>&nbsp;<\/p>\n<p>28.11.2018 Augsburg, Schwabenhalle<\/p>\n<p>30.11.2018 D\u00fcsseldorf, Mitsubishi Electric Halle<\/p>\n<p>01.12.2018 Kiel, Sparkassen Arena<\/p>\n<p>02.12.2018 Magdeburg, Stadthalle<\/p>\n<p>&nbsp;<\/p>\n<p>&nbsp;<\/p>\n<p>&nbsp;<\/p>\n<p><strong>Tour 2019\u00a0<\/strong><\/p>\n<p>&nbsp;<\/p>\n<p>29.06.2019 Hamburg, Stadtpark Open Air<\/p>\n<p>05.07.2019 Balingen, Marktplatz<\/p>\n<p>20.07.2019 Saarbr\u00fccken, Open Air Gel\u00e4nde \/ Congresshalle<\/p>\n<p>25.07.2019 Ludwigsburg, KSK Open Air<\/p>\n<p>03.08.2019 Dresden, Junge Garde<\/p>\n<p>09.08.2019 Bonn, Kunstrasen<\/p>\n<p>10.08.2019 Schwerin, Freilichtb\u00fchne<\/p>\n<p>16.08.2019 Osnabr\u00fcck, Schlossgarten Open Air<\/p>\n<p>17.08.2019 Friedrichshafen, Seegel\u00e4nde des Graf-Zeppelin-Hauses<\/p>\n<p>18.08.2019 Coburg, Schlossplatz<\/p>\n<p>25.08.2019 Bochum, Zeltfestival Ruhr<\/p>\n<p>01.09.2019 Gie\u00dfen, Gie\u00dfener Kultursommer<\/p>\n<p>04.09.2019 Wien, Arena Open Air<\/p>\n<p>15.09.2019 M\u00fcnchen, K\u00f6nigsplatz<\/p>\n","protected":false},"excerpt":{"rendered":"<p>Aktuelles Studio-Album &#8222;iD&#8220; meldet Sales-Edelmetall, flankiert von CD\/DVD-Release &#8222;iD LIVE&#8220;!<\/p>\n","protected":false},"author":2,"featured_media":121501,"comment_status":"open","ping_status":"closed","sticky":false,"template":"","format":"standard","meta":{"_FSMCFIC_featured_image_caption":"","_FSMCFIC_featured_image_nocaption":"","_FSMCFIC_featured_image_hide":""},"categories":[27],"tags":[641],"acf":[],"_links":{"self":[{"href":"https:\/\/smago.de\/ws2\/wp-json\/wp\/v2\/posts\/121500"}],"collection":[{"href":"https:\/\/smago.de\/ws2\/wp-json\/wp\/v2\/posts"}],"about":[{"href":"https:\/\/smago.de\/ws2\/wp-json\/wp\/v2\/types\/post"}],"author":[{"embeddable":true,"href":"https:\/\/smago.de\/ws2\/wp-json\/wp\/v2\/users\/2"}],"replies":[{"embeddable":true,"href":"https:\/\/smago.de\/ws2\/wp-json\/wp\/v2\/comments?post=121500"}],"version-history":[{"count":3,"href":"https:\/\/smago.de\/ws2\/wp-json\/wp\/v2\/posts\/121500\/revisions"}],"predecessor-version":[{"id":121504,"href":"https:\/\/smago.de\/ws2\/wp-json\/wp\/v2\/posts\/121500\/revisions\/121504"}],"wp:featuredmedia":[{"embeddable":true,"href":"https:\/\/smago.de\/ws2\/wp-json\/wp\/v2\/media\/121501"}],"wp:attachment":[{"href":"https:\/\/smago.de\/ws2\/wp-json\/wp\/v2\/media?parent=121500"}],"wp:term":[{"taxonomy":"category","embeddable":true,"href":"https:\/\/smago.de\/ws2\/wp-json\/wp\/v2\/categories?post=121500"},{"taxonomy":"post_tag","embeddable":true,"href":"https:\/\/smago.de\/ws2\/wp-json\/wp\/v2\/tags?post=121500"}],"curies":[{"name":"wp","href":"https:\/\/api.w.org\/{rel}","templated":true}]}}