{"id":121497,"date":"2018-10-26T11:41:40","date_gmt":"2018-10-26T09:41:40","guid":{"rendered":"https:\/\/smago.de\/?p=121497"},"modified":"2018-10-26T11:41:40","modified_gmt":"2018-10-26T09:41:40","slug":"joy-fleming-joy-fleming-tribute-show-joy-to-the-world-am-9-maerz-2019-in-mannheim","status":"publish","type":"post","link":"https:\/\/smago.de\/ws2\/schlager\/joy-fleming-joy-fleming-tribute-show-joy-to-the-world-am-9-maerz-2019-in-mannheim\/","title":{"rendered":"JOY FLEMING <br>Joy Fleming Tribute Show &#8222;Joy to the World&#8220; am 9. M\u00e4rz 2019 in Mannheim!"},"content":{"rendered":"<p>Familienangeh\u00f6rige, Weggef\u00e4hrten, Freunde und musikalische Partner erinnern an Joy Fleming!<br \/>\n<!--more--><\/p>\n<p>&nbsp;<\/p>\n<p>&nbsp;<\/p>\n<p style=\"text-align: justify;\">Mit JOY FLEMING ist eine der ganz gro\u00dfen Musikerinnen Deutschlands gestorben. Beim Tribute Konzert im M\u00e4rz 2019 werden Familienangeh\u00f6rige, Weggef\u00e4hrten, Freunde und musikalische Partner an diese Jahrhundertstimme, an diesen warmherzigen und authentischen Menschen erinnern.<\/p>\n<p style=\"text-align: justify;\">Wir alle haben den ganz besonderen Moment, den wir mit Joy oder einem Lied von ihr verbinden und somit wird dieser Abend ein ganz au\u00dfergew\u00f6hnlicher werden, der die K\u00fcnstlerin noch einmal in den Mittelpunkt stellt und ihr ungew\u00f6hnliches Werk Revue passieren l\u00e4sst.<\/p>\n<p style=\"text-align: justify;\">Organisiert wird das Hommage Konzert an Joy Fleming von ihrem Lebensgef\u00e4hrte Bruno Masselon, ihren S\u00f6hnen Bernd Peter und Rainer Fleming und der Joy Fleming Band. Die Einnahmen kommen der Tierherberge Donzdorf und der Schloss-Schule Ilvesheim, Schule f\u00fcr blinde und sehbehinderte Kinder, zugute. Diese stehen f\u00fcr Joys Liebe zu Tieren, Kindern und beeintr\u00e4chtigten Menschen. Folgende Projekte werden unterst\u00fctzt: ein Tier-Ambulatorium in Ungarn und eine Erweiterung der Au\u00dfenspielanlage an der Schloss-Schule.<\/p>\n<p style=\"text-align: justify;\">Mit dabei sein werden u.a. Nicole, Lou, Cindy, Joana und nat\u00fcrlich die Mitglieder der Joy Fleming Band. Es werden Songs von Joy zu h\u00f6ren sein, aber auch eigene Songs der K\u00fcnstler. Nat\u00fcrlich wird auch die Joy Fleming Band sowie die S\u00f6hne Bernd Peter und Rainer Fleming musikalische Beitr\u00e4ge bringen. Den Abend komplementieren eine Kurzlesung aus Joys Buch und Kurzfilme aus Joys Lebenswerk.<\/p>\n<p style=\"text-align: justify;\">Das wird ein einzigartiger Abend, der nicht dazu da sein soll zu trauern, sondern Joy noch einmal so zu feiern, wie es sich geh\u00f6rt: Laut, leise, echt, einfach als Eine von uns!<\/p>\n","protected":false},"excerpt":{"rendered":"<p>Familienangeh\u00f6rige, Weggef\u00e4hrten, Freunde und musikalische Partner erinnern an Joy Fleming!<\/p>\n","protected":false},"author":2,"featured_media":121498,"comment_status":"open","ping_status":"closed","sticky":false,"template":"","format":"standard","meta":{"_FSMCFIC_featured_image_caption":"","_FSMCFIC_featured_image_nocaption":"","_FSMCFIC_featured_image_hide":""},"categories":[29,39],"tags":[640],"acf":[],"_links":{"self":[{"href":"https:\/\/smago.de\/ws2\/wp-json\/wp\/v2\/posts\/121497"}],"collection":[{"href":"https:\/\/smago.de\/ws2\/wp-json\/wp\/v2\/posts"}],"about":[{"href":"https:\/\/smago.de\/ws2\/wp-json\/wp\/v2\/types\/post"}],"author":[{"embeddable":true,"href":"https:\/\/smago.de\/ws2\/wp-json\/wp\/v2\/users\/2"}],"replies":[{"embeddable":true,"href":"https:\/\/smago.de\/ws2\/wp-json\/wp\/v2\/comments?post=121497"}],"version-history":[{"count":1,"href":"https:\/\/smago.de\/ws2\/wp-json\/wp\/v2\/posts\/121497\/revisions"}],"predecessor-version":[{"id":121499,"href":"https:\/\/smago.de\/ws2\/wp-json\/wp\/v2\/posts\/121497\/revisions\/121499"}],"wp:featuredmedia":[{"embeddable":true,"href":"https:\/\/smago.de\/ws2\/wp-json\/wp\/v2\/media\/121498"}],"wp:attachment":[{"href":"https:\/\/smago.de\/ws2\/wp-json\/wp\/v2\/media?parent=121497"}],"wp:term":[{"taxonomy":"category","embeddable":true,"href":"https:\/\/smago.de\/ws2\/wp-json\/wp\/v2\/categories?post=121497"},{"taxonomy":"post_tag","embeddable":true,"href":"https:\/\/smago.de\/ws2\/wp-json\/wp\/v2\/tags?post=121497"}],"curies":[{"name":"wp","href":"https:\/\/api.w.org\/{rel}","templated":true}]}}