{"id":121409,"date":"2018-10-26T00:00:24","date_gmt":"2018-10-25T22:00:24","guid":{"rendered":"https:\/\/smago.de\/?p=121409"},"modified":"2018-10-25T19:15:03","modified_gmt":"2018-10-25T17:15:03","slug":"david-garrett-u-a-heute-26-10-2018-in-der-talk-show-3nach9-zu-gast","status":"publish","type":"post","link":"https:\/\/smago.de\/ws2\/instrumental\/david-garrett-u-a-heute-26-10-2018-in-der-talk-show-3nach9-zu-gast\/","title":{"rendered":"DAVID GARRETT u.a.<br>Heute (26.10.2018) in der Talk-Show &#8222;3nach9&#8220; zu Gast!"},"content":{"rendered":"<p style=\"text-align: justify;\">&#8222;Unterhaltung zum Mitdenken&#8220; \/\/ NDR fernsehen + rbb FERNSEHEN, 22:00 Uhr &#8211; 00:00 Uhr! Moderation: Judith Rakers und Giovanni di Lorenzo!<br \/>\n<!--more--><\/p>\n<p>&nbsp;<\/p>\n<p>&nbsp;<\/p>\n<p style=\"text-align: justify;\">Am 26. Oktober begr\u00fc\u00dfen Judith Rakers und Giovanni di Lorenzo folgende G\u00e4ste im Weserhaus von Radio Bremen: Moderatorin Sabine Christiansen, Schauspieler Charly H\u00fcbner, Schauspieler Detlev Buck, Journalistin Dunja Hayali, Star-Geiger David Garrett, Moderatorin Nova Meierhenrich und Blogger Riccardo Simonetti.<\/p>\n<p style=\"text-align: justify;\"><strong>Die G\u00e4ste am 26. Oktober im \u00dcberblick:<\/strong><\/p>\n<p>&nbsp;<\/p>\n<p style=\"text-align: justify;\"><strong>Sabine Christiansen \u2013 Moderatorin <\/strong><\/p>\n<p style=\"text-align: justify;\">Sie war das Gesicht des politischen Talks und die bekannteste Frau im deutschen Fernsehen: Sabine Christiansen. Zehn Jahre lang interviewte sie fast alle wichtigen internationalen Regierungschefs, Wirtschaftsbosse und Meinungsmacher. Auch heute ist sie noch immer beruflich stark eingespannt. Wie viel Zeit die ehemalige &#8222;tagesthemen&#8220;-Moderatorin auf ihrer Lieblingsinsel Mallorca verbringt und warum sie in ihrem ersten Beruf viel f\u00fcrs Leben gelernt hat, erz\u00e4hlt die UNICEF-Botschafterin bei 3nach9.<\/p>\n<p style=\"text-align: justify;\"><strong>Charly H\u00fcbner \u2013 Schauspieler <\/strong><\/p>\n<p style=\"text-align: justify;\">Er wollte eigentlich Leistungssportler werden, feierte Erfolge im 100-Meter-Sprint und im Weitsprung. Doch der Traum platzte. Ein Arzt diagnostiziert ihm ein gef\u00e4hrlich gro\u00dfes Herz. Zum Gl\u00fcck fand er seine Berufung in der Schauspielerei: Charly H\u00fcbner. Auf Theaterb\u00fchnen wird er frenetisch gefeiert, als Kommissar Bukow im Rostocker &#8222;Polizeiruf 110&#8220; ist er l\u00e4ngst Kult. \u00dcber seinen Dokumentarfilm \u00fcber die in die Kritik geratene Band &#8222;Feine Sahne Fischfilet&#8220; und sein neuestes Projekt in der Hamburger Elbphilharmonie, berichtet der geb\u00fcrtige Neustrelitzer bei 3nach9.<\/p>\n<p style=\"text-align: justify;\"><strong>Detlev Buck \u2013 Schauspieler <\/strong><\/p>\n<p>Er ist Regisseur, Schauspieler, Drehbuchautor, Produzent\u2026 und gelernter Landwirt: Detlev Buck. Aufgewachsen auf dem elterlichen Bauernhof in einem kleinen Dorf in Schleswig-Holstein, beschreibt er den typischen Norddeutschen als spontan, flexibel, offen und sogar tanzw\u00fctig. Ob er auch all diese Eigenschaften in sich tr\u00e4gt? Dar\u00fcber und \u00fcber seine neue Kom\u00f6die &#8222;Wuff&#8220; berichtet Buck bei 3nach9.<\/p>\n<p style=\"text-align: justify;\"><strong>David Garrett \u2013 Star-Geiger<\/strong><\/p>\n<p>&#8222;Wenn man \u00fcber 27 Jahre jeden Tag f\u00fcr mehrere Stunden eine Geige in derselben Position h\u00e4lt, treten irgendwann Anzeichen des Verschlei\u00dfes auf&#8220;, sagt Star-Geiger David Garrett. Tats\u00e4chlich bremste ihn ein Bandscheibenvorfall im letzten Jahr aus, Konzerte mussten abgesagt werden. Jetzt meldet er sich mit seinem neuen Crossover-Album zur\u00fcck. Wie sich der Deutsch-Amerikaner auch k\u00f6rperlich auf die anstrengende Tour vorbereitet verr\u00e4t er, inklusive musikalischer Kostprobe, bei 3nach9.<\/p>\n<p style=\"text-align: justify;\"><strong>Dunja Hayali \u2013 Journalistin <\/strong><\/p>\n<p>Wie wollen wir zusammen leben? Mit dieser Frage besch\u00e4ftigt sich Dunja Hayali in ihrem aktuellen Buch &#8222;Haymatland&#8220;. Die Journalistin, die t\u00e4glich selbst viel Hass ertragen muss, hinterfragt, was hier in unserer Gesellschaft &#8211; in ihrer Heimat &#8211; schief l\u00e4uft. Bei 3nach9 berichtet die geb\u00fcrtige Nordrhein-Westf\u00e4lin au\u00dferdem, welches Geschenk sie k\u00fcrzlich pers\u00f6nlich vom Dalai Lama in Empfang nehmen durfte.<\/p>\n<p style=\"text-align: justify;\"><strong>Nova Meierhenrich \u2013 Moderatorin<\/strong><\/p>\n<p>Laut Statistik erkrankt jeder f\u00fcnfte Deutsche einmal in seinem Leben an einer behandlungsbed\u00fcrftigen Depression. Wie sehr die Krankheit auch das gesamte famili\u00e4re Umfeld eines Betroffenen in einen Strudel aus Hilflosigkeit, Hoffnung und Trauer rei\u00dft, wei\u00df Moderatorin und Schauspielerin Nova Meierhenrich. Ihr Vater litt \u00fcber ein Jahrzehnt an Depressionen. Vor sieben Jahren w\u00e4hlte er den Freitod. Nun hat sie ein Buch geschrieben, das ihrer Familie damals gefehlt hat: Ein Buch f\u00fcr Betroffene und Angeh\u00f6rige.<\/p>\n<p style=\"text-align: justify;\"><strong>\u00a0<\/strong><\/p>\n<p style=\"text-align: justify;\"><strong>Riccardo Simonetti \u2013 Blogger <\/strong><\/p>\n<p style=\"text-align: justify;\">Dieser junge Mann ist ein Ph\u00e4nomen: Super-Blogger Riccardo Simonetti. Der 25-J\u00e4hrige z\u00e4hlt zu den ganz gro\u00dfen Influencern Deutschlands. Im Internet hat er \u00fcber 160.000 Abonnenten. Bei 3nach9 spricht er \u00fcber einen neu geschaffenen Beruf, sein Erfolgsgeheimnis, sein Recht zu &#8222;funkeln&#8220; und dar\u00fcber, was ihn allt\u00e4glich antreibt<\/p>\n","protected":false},"excerpt":{"rendered":"<p>&#8222;Unterhaltung zum Mitdenken&#8220; \/\/ NDR fernsehen + rbb FERNSEHEN, 22:00 Uhr &#8211; 00:00 Uhr! Moderation: Judith Rakers und Giovanni di<\/p>\n","protected":false},"author":2,"featured_media":119958,"comment_status":"open","ping_status":"closed","sticky":false,"template":"","format":"standard","meta":{"_FSMCFIC_featured_image_caption":"","_FSMCFIC_featured_image_nocaption":"","_FSMCFIC_featured_image_hide":""},"categories":[38,39],"tags":[215],"acf":[],"_links":{"self":[{"href":"https:\/\/smago.de\/ws2\/wp-json\/wp\/v2\/posts\/121409"}],"collection":[{"href":"https:\/\/smago.de\/ws2\/wp-json\/wp\/v2\/posts"}],"about":[{"href":"https:\/\/smago.de\/ws2\/wp-json\/wp\/v2\/types\/post"}],"author":[{"embeddable":true,"href":"https:\/\/smago.de\/ws2\/wp-json\/wp\/v2\/users\/2"}],"replies":[{"embeddable":true,"href":"https:\/\/smago.de\/ws2\/wp-json\/wp\/v2\/comments?post=121409"}],"version-history":[{"count":2,"href":"https:\/\/smago.de\/ws2\/wp-json\/wp\/v2\/posts\/121409\/revisions"}],"predecessor-version":[{"id":121411,"href":"https:\/\/smago.de\/ws2\/wp-json\/wp\/v2\/posts\/121409\/revisions\/121411"}],"wp:featuredmedia":[{"embeddable":true,"href":"https:\/\/smago.de\/ws2\/wp-json\/wp\/v2\/media\/119958"}],"wp:attachment":[{"href":"https:\/\/smago.de\/ws2\/wp-json\/wp\/v2\/media?parent=121409"}],"wp:term":[{"taxonomy":"category","embeddable":true,"href":"https:\/\/smago.de\/ws2\/wp-json\/wp\/v2\/categories?post=121409"},{"taxonomy":"post_tag","embeddable":true,"href":"https:\/\/smago.de\/ws2\/wp-json\/wp\/v2\/tags?post=121409"}],"curies":[{"name":"wp","href":"https:\/\/api.w.org\/{rel}","templated":true}]}}