{"id":121038,"date":"2018-10-21T00:00:37","date_gmt":"2018-10-20T22:00:37","guid":{"rendered":"https:\/\/smago.de\/?p=121038"},"modified":"2018-10-20T15:44:50","modified_gmt":"2018-10-20T13:44:50","slug":"thomas-anders","status":"publish","type":"post","link":"https:\/\/smago.de\/ws2\/uncategorized\/thomas-anders\/","title":{"rendered":"THOMAS ANDERS <br>&#8218;Modern Talking&#8216; Comeback?: &#8222;Ich w\u00fcsste nicht, warum&#8220; &#8211; Exklusiv-Interview mit Thomas Anders (2\/2) &#8230;"},"content":{"rendered":"<p>&#8230; zu seiner neuen CD &#8222;Ewig mit Dir&#8220;!<br \/>\n<!--more--><\/p>\n<p>&nbsp;<\/p>\n<p>&nbsp;<\/p>\n<div class=\"\"><strong class=\"\"><span class=\"\">Lieber Thomas Anders,\u00a0<\/span><\/strong><b class=\"\"><span class=\"\"><strong class=\"\">Christian Lais hatte mit &#8222;Das Leben ist live&#8220; einen gro\u00dfen Erfolg in den Radio Charts. Inwieweit hat er Sie zur Titelzeile &#8222;Das Leben ist jetzt&#8220; inspiriert?\u00a0<\/strong><\/span><\/b><\/div>\n<div class=\"\"><span class=\"\">\u00a0<\/span><\/div>\n<div class=\"\">\n<p><span class=\"\">Mein Titel \u201eDas Leben ist jetzt\u201c wurde mir von Wolfgang Hofer angeboten. Wolfgang schrieb viele Texte f\u00fcr Udo J\u00fcrgens, und ich rief ihn an, oben er einen Song f\u00fcr mich schreiben wollte.<\/span><\/p>\n<p>So entstand \u201eDas Leben ist jetzt\u201c.:-))<\/p>\n<\/div>\n<div class=\"\"><b class=\"\"><span class=\"\"><strong class=\"\">Sie haben vor einigen Jahren an einem Buch namens &#8222;Der Mensch als Marke&#8220; mitgewirkt. Wie kam es dazu?<\/strong><\/span><\/b><\/div>\n<div class=\"\"><span class=\"\">\u00a0<\/span><\/div>\n<div class=\"\">\n<p><span class=\"\">Vor einigen Jahre bekam ich die Anfrage der Freien Universit\u00e4t Berlin, ob ich f\u00fcr die Studenten einen Vortrag \u00fcber \u201eMarkenbildung\u201c halten m\u00f6chte.<\/span><\/p>\n<p>Dieser Vortrag wurde dann sp\u00e4ter in diesem Buch abgedruckt.<\/p>\n<\/div>\n<div class=\"\"><b class=\"\"><span class=\"\">\u00a0<\/span><\/b><strong class=\"\"><span class=\"\">Schmeichelt Ihnen die Bezeichnung, &#8222;der deutsche George Michael&#8220; zu sein?<\/span><\/strong><\/div>\n<div class=\"\"><span class=\"\">\u00a0<\/span><\/div>\n<div class=\"\"><span class=\"\">Ich mag solche Vergleiche nicht. Einmal bin ich der \u201edeutsche George Michael\u201c, dann der \u201edeutsche Pierce Brosnan oder George Clooney\u201c.<\/p>\n<p><\/span><\/div>\n<div class=\"\"><span class=\"\">Ich bin Thomas Anders und damit sehr zufrieden.<\/span><\/div>\n<div class=\"\"><b class=\"\"><span class=\"\"><br class=\"\" \/><b class=\"\"><span class=\"\"><strong class=\"\">Planen Sie, Ihre neuen deutschsprachigen Songs auch im Ausland zu ver\u00f6ffentlichen?<\/strong><\/span><\/b><br \/>\n<\/span><\/b><\/div>\n<div class=\"\"><span class=\"\">\u00a0<\/span><\/div>\n<div class=\"\"><span class=\"\">Durch die digitalen Medien stehen meine Songs auf der ganzen Welt zu Verf\u00fcgung. Also auch die deutschsprachigen Titel.<\/span><\/div>\n<div class=\"\"><b class=\"\"><b class=\"\"><span class=\"\"><br class=\"\" \/><\/span><\/b><\/b><\/p>\n<div class=\"\"><b class=\"\"><span class=\"\"><strong class=\"\">Wie stehen Sie zu Ihren deutschen Titeln VOR Ihrer Modern Talking Zeit? Welche 3 Songs von &#8222;damals&#8220; finden Sie auch heute noch besonders gelungen?\u00a0<\/strong><\/span><\/b><\/div>\n<div class=\"\"><span class=\"\">\u00a0<\/span><\/div>\n<div class=\"\"><span class=\"\">Na ja, es war eine andere Zeit. (lacht) Der Song \u201eJudy\u201c k\u00f6nnte ich heute nicht mehr singen. \u00a0 Auszug: <em>\u201c\u2026.16 Jahre alt bist du, \u2026wenn Du mich k\u00fcsst\u2026\u201c\u00a0<\/em><\/p>\n<p><\/span><\/div>\n<div class=\"\"><span class=\"\">Mit diesen Zeilen w\u00e4re ich heute ein Kandidat f\u00fcr den Staatsanwalt. <em>(lacht)<\/em><\/span><\/div>\n<p><b class=\"\"><span class=\"\"><br class=\"\" \/><\/span><\/b><\/div>\n<div class=\"\"><b class=\"\"><span class=\"\"><strong class=\"\">K\u00f6nnen Sie sich vorstellen, den einen oder anderen alten Song aus dieser Zeit neu aufzunehmen oder sogar live zu performen?\u00a0<\/strong><\/span><\/b><\/div>\n<div class=\"\"><span class=\"\">\u00a0<\/span><\/div>\n<div class=\"\"><span class=\"\">Nein, nicht neu aufnehmen, aber vielleicht in meinem Tourneeprogramm neu interpretieren.<\/span><\/div>\n<div class=\"\"><b class=\"\"><span class=\"\"><br class=\"\" \/><strong class=\"\">Wie kam es dazu, dass Sie den Titel &#8222;Human&#8220; von The Killers eingedeutscht haben?<\/strong><\/span><\/b><\/div>\n<div class=\"\"><span class=\"\">\u00a0<\/span><\/div>\n<div class=\"\"><span class=\"\">Mein Produzent Christian Geller hatte die Idee und schrieb den Text dazu. Ich nahm den Song auf und wir waren total angetan vom Resultat.<\/p>\n<p><\/span><\/div>\n<div class=\"\"><span class=\"\">Prompt bekamen wir auch die Freigabe von den \u201eKillers\u201c.<\/span><\/div>\n<div class=\"\"><b class=\"\"><span class=\"\"><br class=\"\" \/><strong class=\"\">Die Klassiker-Frage: Ein abermaliges Modern Talking-Revival ist Ihrerseits auf immer und ewig ausgeschlossen?<\/strong><\/span><\/b><\/div>\n<div class=\"\"><span class=\"\">\u00a0<\/span><\/div>\n<div class=\"\"><span class=\"\">Ich w\u00fcsste nicht, warum wir das tun sollten. Die Zeitungen h\u00e4tten f\u00fcr eine Woche ihre Schlagzeilen und wir beide w\u00fcrden von &#8222;hoch-positiv&#8220; bis &#8222;tief-negativ&#8220; bewertet.<\/p>\n<p><\/span><\/div>\n<div class=\"\"><span class=\"\">&#8218;Modern Talking&#8216; hatte seine Zeit und die Musik lebt mit mir auf den B\u00fchnen weiter.<\/span><\/div>\n<div class=\"\"><span class=\"\">\u00a0<\/span><\/div>\n<div class=\"\"><strong class=\"\"><span class=\"\">Ist es zutreffend, dass Ihnen Dieter Bohlen untersagt hat, bei Ihren Auftritten die Original-Playbacks von Modern Talking zu verwenden?<\/span><\/strong><\/div>\n<div class=\"\"><span class=\"\">\u00a0<\/span><\/div>\n<div class=\"\"><span class=\"\">Die Frage stellt sich nicht, da ich mit Livemusikern auftrete und die Songs immer im musikalischen Zeitgeist arrangiere.<\/span><\/div>\n<div class=\"\"><span class=\"\">\u00a0<\/span><\/div>\n<div class=\"\"><strong class=\"\"><span class=\"\">Wieviel Prozent Ihrer Live-Auftritte sind \u00fcberhaupt in Deutschland (, \u00d6sterreich und der Schweiz)?\u00a0<\/span><\/strong><\/div>\n<div class=\"\"><span class=\"\">\u00a0<\/span><\/div>\n<div class=\"\"><span class=\"\">Ich gebe im Jahr ca. 70 Konzerte. Davon sind \u00a0etwa 20 im deutschsprachigen Raum.<\/span><\/div>\n<div class=\"\"><b class=\"\"><span class=\"\"><br class=\"\" \/><\/span><\/b><b class=\"\"><span class=\"\"><strong class=\"\">Zeigt Ihr Sohn auch bereits Ambitionen, ins Musikgesch\u00e4ft einzusteigen?<\/strong><\/span><\/b><\/div>\n<div class=\"\"><span class=\"\">\u00a0<\/span><\/div>\n<div class=\"\"><span class=\"\">Nein, das nicht. Er interessiert sich aber f\u00fcr Medien und TV. Jedoch hinter der Kamera.<\/span><\/div>\n<div><\/div>\n<div><\/div>\n<div><\/div>\n<div>\n<strong>BITTE BEACHTEN SIE: Weitere Teile des Interviews mit Thomas Anders finden Sie EXKLUSIV in der aktuellen STADLPOST (# 7 &#8211; 2018).<\/strong><\/div>\n<div><\/div>\n<div><\/div>\n<div><\/div>\n<div><\/div>\n","protected":false},"excerpt":{"rendered":"<p>&#8230; zu seiner neuen CD &#8222;Ewig mit Dir&#8220;!<\/p>\n","protected":false},"author":2,"featured_media":53749,"comment_status":"open","ping_status":"closed","sticky":false,"template":"","format":"standard","meta":{"_FSMCFIC_featured_image_caption":"","_FSMCFIC_featured_image_nocaption":"","_FSMCFIC_featured_image_hide":""},"categories":[29,39,1],"tags":[48],"acf":[],"_links":{"self":[{"href":"https:\/\/smago.de\/ws2\/wp-json\/wp\/v2\/posts\/121038"}],"collection":[{"href":"https:\/\/smago.de\/ws2\/wp-json\/wp\/v2\/posts"}],"about":[{"href":"https:\/\/smago.de\/ws2\/wp-json\/wp\/v2\/types\/post"}],"author":[{"embeddable":true,"href":"https:\/\/smago.de\/ws2\/wp-json\/wp\/v2\/users\/2"}],"replies":[{"embeddable":true,"href":"https:\/\/smago.de\/ws2\/wp-json\/wp\/v2\/comments?post=121038"}],"version-history":[{"count":3,"href":"https:\/\/smago.de\/ws2\/wp-json\/wp\/v2\/posts\/121038\/revisions"}],"predecessor-version":[{"id":121067,"href":"https:\/\/smago.de\/ws2\/wp-json\/wp\/v2\/posts\/121038\/revisions\/121067"}],"wp:featuredmedia":[{"embeddable":true,"href":"https:\/\/smago.de\/ws2\/wp-json\/wp\/v2\/media\/53749"}],"wp:attachment":[{"href":"https:\/\/smago.de\/ws2\/wp-json\/wp\/v2\/media?parent=121038"}],"wp:term":[{"taxonomy":"category","embeddable":true,"href":"https:\/\/smago.de\/ws2\/wp-json\/wp\/v2\/categories?post=121038"},{"taxonomy":"post_tag","embeddable":true,"href":"https:\/\/smago.de\/ws2\/wp-json\/wp\/v2\/tags?post=121038"}],"curies":[{"name":"wp","href":"https:\/\/api.w.org\/{rel}","templated":true}]}}