{"id":120906,"date":"2018-10-17T23:59:56","date_gmt":"2018-10-17T21:59:56","guid":{"rendered":"https:\/\/smago.de\/?p=120906"},"modified":"2018-10-17T23:38:37","modified_gmt":"2018-10-17T21:38:37","slug":"michelle-matthias-reim-sehen-sie-hier-den-offiziellen-videoclip-zu-nicht-verdient","status":"publish","type":"post","link":"https:\/\/smago.de\/ws2\/pop-schlager\/michelle-matthias-reim-sehen-sie-hier-den-offiziellen-videoclip-zu-nicht-verdient\/","title":{"rendered":"MICHELLE &#038; MATTHIAS REIM <br>Sehen Sie HIER den offiziellen Videoclip zu &#8222;Nicht verdient&#8220;!"},"content":{"rendered":"<p style=\"text-align: justify;\">Lesen Sie HIER noch einmal die ganze Geschichte des Songs nach &#8230;:<br \/>\n<!--more--><\/p>\n<p>&nbsp;<\/p>\n<p>&nbsp;<\/p>\n<p style=\"text-align: justify;\">Seit gestern (17.10.2018) ist es online &#8211; das Musikvideo zu &#8222;Nicht verdient&#8220;, dem NEUEN Hit-Duett von MICHELLE &amp; MATTHIAS REIM.<\/p>\n<p>&nbsp;<\/p>\n<hr \/>\n<p>&nbsp;<\/p>\n<div style=\"text-align: justify;\" align=\"center\">MICHELLE pr\u00e4sentiert mit &#8222;Nicht verdient&#8220; ein neues Duett mit ihrem ehemaligen Lebenspartner MATTHIAS REIM. Ist da etwa wieder was im Busch &#8230;? &#8211; Sie lacht. <em>&#8222;Um die Frage gleich zu beantworten: Nein! Wir sind nun schon seit fast 19 Jahren getrennt und einfach nur gute Freunde. Nach unserem gemeinsamen St\u00fcck <strong>&#8222;Idiot&#8220; <\/strong>fragten mich viele Fans immer wieder nach einem neuen Duett.&#8220;<\/em><\/div>\n<div style=\"text-align: justify;\"><\/div>\n<div style=\"text-align: justify;\" align=\"center\"><em>Mit <strong>&#8222;Nicht verdient&#8220; <\/strong>gibt es nun endlich den\u00a0zweiten Teil. Das Lied war geradezu pr\u00e4destiniert, es mit einem m\u00e4nnlichen Gegenst\u00fcck mit einer markanten Stimme wie der von Matthias zu performen. Ich h\u00e4tte mir das Duett auch mit niemand anderem vorstellen k\u00f6nnen. Genau das macht auch einen Teil dieser Authentizit\u00e4t aus. Alle wissen, dass wir tats\u00e4chlich einmal zusammen waren. Ich freue mich schon darauf, das St\u00fcck mit ihm live auf der B\u00fchne zu pr\u00e4sentieren!&#8220;<\/em><\/div>\n<div style=\"text-align: justify;\" align=\"center\"><\/div>\n<div align=\"center\"><\/div>\n<div align=\"center\"><\/div>\n<div align=\"center\"><\/div>\n<div align=\"center\"><\/div>\n<div align=\"center\"><\/div>\n<div align=\"center\"><\/div>\n<div align=\"center\"><strong>1. &#8222;Nicht verdient (Radio Edit)&#8220; &#8211; 3:23<\/strong><\/div>\n<div align=\"center\"><\/div>\n<div align=\"center\"><span style=\"font-size: 10pt;\">(Music by Tim Peters, Werner Petersburg; Lyrics by Tim Peters, Alexander Scholz; Published by Sony\/ATV Music Publishing \/ Edition M\u00e4xchen)<\/span><\/div>\n<div align=\"center\"><span style=\"font-size: 10pt;\"><strong>Produced by Thorsten Br\u00f6tzmann + Roman L\u00fcth for TBmusik<\/strong><\/span><\/div>\n<div align=\"center\"><span style=\"font-size: 10pt;\">Refcording, Programming, Keyboard: Roman L\u00fcth, Thorsten Br\u00f6tzmann<\/span><\/div>\n<div align=\"center\"><span style=\"font-size: 10pt;\">Chor: Petra Bonmassa<\/span><\/div>\n<div align=\"center\"><span style=\"font-size: xx-small;\"><span style=\"font-size: 10pt;\">Mixed by Thorsten Br\u00f6tzmann<\/span><br \/>\n<span style=\"font-size: 10pt;\">Mixed by Roman L\u00fcth<\/span><br \/>\n<span style=\"font-size: 10pt;\">Vocals recorded by Billy King at Audiplex Tonstudio<\/span><br \/>\n<\/span>A Polydor release; (P) 2018 Universal Music GmbH<\/div>\n<div style=\"text-align: center;\" align=\"right\">Textquelle: Polydor\/Island, a division of Universal Music GmbH \/ Germany<\/div>\n<p>&nbsp;<\/p>\n<p>&nbsp;<\/p>\n<p><iframe loading=\"lazy\" title=\"Michelle, Matthias Reim - Nicht verdient (Offizielles Musikvideo)\" width=\"800\" height=\"450\" src=\"https:\/\/www.youtube.com\/embed\/itBv21K-DjA?feature=oembed\" frameborder=\"0\" allow=\"accelerometer; autoplay; encrypted-media; gyroscope; picture-in-picture\" allowfullscreen><\/iframe><\/p>\n","protected":false},"excerpt":{"rendered":"<p>Lesen Sie HIER noch einmal die ganze Geschichte des Songs nach &#8230;:<\/p>\n","protected":false},"author":2,"featured_media":120916,"comment_status":"open","ping_status":"closed","sticky":false,"template":"","format":"standard","meta":{"_FSMCFIC_featured_image_caption":"","_FSMCFIC_featured_image_nocaption":"","_FSMCFIC_featured_image_hide":""},"categories":[28],"tags":[50,157],"acf":[],"_links":{"self":[{"href":"https:\/\/smago.de\/ws2\/wp-json\/wp\/v2\/posts\/120906"}],"collection":[{"href":"https:\/\/smago.de\/ws2\/wp-json\/wp\/v2\/posts"}],"about":[{"href":"https:\/\/smago.de\/ws2\/wp-json\/wp\/v2\/types\/post"}],"author":[{"embeddable":true,"href":"https:\/\/smago.de\/ws2\/wp-json\/wp\/v2\/users\/2"}],"replies":[{"embeddable":true,"href":"https:\/\/smago.de\/ws2\/wp-json\/wp\/v2\/comments?post=120906"}],"version-history":[{"count":5,"href":"https:\/\/smago.de\/ws2\/wp-json\/wp\/v2\/posts\/120906\/revisions"}],"predecessor-version":[{"id":120913,"href":"https:\/\/smago.de\/ws2\/wp-json\/wp\/v2\/posts\/120906\/revisions\/120913"}],"wp:featuredmedia":[{"embeddable":true,"href":"https:\/\/smago.de\/ws2\/wp-json\/wp\/v2\/media\/120916"}],"wp:attachment":[{"href":"https:\/\/smago.de\/ws2\/wp-json\/wp\/v2\/media?parent=120906"}],"wp:term":[{"taxonomy":"category","embeddable":true,"href":"https:\/\/smago.de\/ws2\/wp-json\/wp\/v2\/categories?post=120906"},{"taxonomy":"post_tag","embeddable":true,"href":"https:\/\/smago.de\/ws2\/wp-json\/wp\/v2\/tags?post=120906"}],"curies":[{"name":"wp","href":"https:\/\/api.w.org\/{rel}","templated":true}]}}