{"id":120903,"date":"2018-10-17T22:47:37","date_gmt":"2018-10-17T20:47:37","guid":{"rendered":"https:\/\/smago.de\/?p=120903"},"modified":"2018-10-17T22:47:37","modified_gmt":"2018-10-17T20:47:37","slug":"smago-informiert-ndr-intendant-marmor-mediale-interessen-der-ostdeutschen-besser-beruecksichtigen","status":"publish","type":"post","link":"https:\/\/smago.de\/ws2\/smago-informiert\/smago-informiert-ndr-intendant-marmor-mediale-interessen-der-ostdeutschen-besser-beruecksichtigen\/","title":{"rendered":"smago! INFORMIERT <br>NDR Intendant Marmor: &#8222;Mediale Interessen der Ostdeutschen besser ber\u00fccksichtigen!&#8220;!"},"content":{"rendered":"<h2><span style=\"font-size: 12pt;\">Besondere Aufgabe des NDR als Ost-West-Sender!<\/span><\/p>\n<p><!--more--><\/h2>\n<p>&nbsp;<\/p>\n<p style=\"text-align: justify;\">\n<p style=\"text-align: justify;\">Die eigene Arbeit zu erkl\u00e4ren und den Wert des eigenen Systems f\u00fcr die Gesellschaft darzustellen ist f\u00fcr den \u00f6ffentlich-rechtlichen Rundfunk wichtiger denn je. Das sagte NDR Intendant Lutz Marmor bei der Abschlussdiskussion eines medienpolitischen Workshops, zu dem die Gewerkschaft ver.di am Mittwoch (17. Oktober) nach Hamburg eingeladen hatte. Die Veranstaltung unter der \u00dcberschrift \u201e\u00d6ffentlich-rechtlicher Rundfunk europaweit unter Beschuss \u2013 gemeinsam und offensiv verteidigen!\u201c fand in den Konferenzr\u00e4umen des NDR im Stadtteil Lokstedt statt.<\/p>\n<p style=\"text-align: justify;\">In seinem Impulsvortrag betonte Marmor u. a. die Rolle der Programme von ARD und ZDF als Garanten f\u00fcr programmliche Vielfalt \u2013 nicht zuletzt auch in der Unterhaltung. Marmor: \u201eDer Gesetzgeber verpflichtet uns ausdr\u00fccklich auch zur Unterhaltung. Das soll bitte so bleiben. Unterhaltung ist ein elementares menschliches Bed\u00fcrfnis. Unterhaltung verbindet die Menschen miteinander. Und im besten Fall animiert sie auch zum Mitdenken, Mitraten, Mitfiebern \u2013 so wie bei \u201aWer wei\u00df denn sowas?\u2018\u201c<\/p>\n<p style=\"text-align: justify;\">Auch f\u00fcr den Sport als bedeutenden Teil des \u00f6ffentlich-rechtlichen Programmangebots warb Marmor. \u201eEs glaubt doch niemand ernsthaft, dass es im Interesse der Menschen ist &#8211; und um die geht es hier -, wenn Angebote wie die Champions League nur bei kommerziellen Anbietern im Pay-Angebot zu sehen sind.\u201c<\/p>\n<p style=\"text-align: justify;\">Die tragende S\u00e4ule des \u00f6ffentlich-rechtlichen Rundfunks, das stellte der NDR Intendant zugleich fest, ist die Information. \u201eWir leisten einen wichtigen Beitrag dazu, dass vertrauensw\u00fcrdige Informationen im Umlauf sind oder, um im Bild der W\u00e4hrung zu sprechen: Es geht um echte Noten, nicht um Bl\u00fcten!\u201c, so Marmor. Dazu geh\u00f6re auch, Fehler, wenn sie denn passierten, schnellstm\u00f6glich transparent zu machen und das Publikum um Entschuldigung zu bitten.<\/p>\n<p style=\"text-align: justify;\">Eine besondere Funktion kommt dem \u00f6ffentlich-rechtlichen Rundfunk nach Auffassung Marmors auch weiterhin beim Dialog von Ost und West in Deutschland zu: \u201eEs macht mir gro\u00dfe Sorge, dass sich offensichtlich viele Menschen in Ostdeutschland vor allem in den nationalen ARD-Angeboten nicht hinreichend wiederfinden. Hier hat der Norddeutsche Rundfunk als Ost-West-Sender eine besondere Aufgabe und gleichzeitig eine besondere Chance. Wir k\u00f6nnen im NDR das Thema noch intensiver aufarbeiten.\u201c Der \u00f6ffentlich-rechtliche Rundfunk m\u00fcsse den Osten und den Westen gleicherma\u00dfen im Blick haben und zum wechselseitigen Verst\u00e4ndnis beitragen. Hier biete u.\u00a0a. das kommende Jahr vielf\u00e4ltige Gelegenheiten, so Marmor: \u201eDas Thema 30 Jahre Mauerfall wird im NDR ein gro\u00dfer Schwerpunkt sein &#8211; mit besonderem Engagement des Landesfunkhauses Mecklenburg-Vorpommern.\u201c<\/p>\n<p style=\"text-align: justify;\">Mit Blick auf Anfeindungen, Angriffe und Restriktionen, denen sich \u00f6ffentlich-rechtliche Sender in europ\u00e4ischen Nachbarl\u00e4ndern ausgesetzt sehen, betonte Marmor: \u201eWichtig ist, dass wir unseren journalistischen Auftrag erf\u00fcllen und uns nicht verunsichern lassen. Wir m\u00fcssen die journalistischen Tugenden auch unter Zeitdruck und trotz manchen Gegenwinds in \u00f6ffentlichen Diskussionen hochhalten.\u201c<\/p>\n<p style=\"text-align: justify;\">An der Abschlussdiskussion unter der \u00dcberschrift \u201eProgramm im Vordergrund: B\u00fcndnis f\u00fcr den Erhalt des \u00f6ffentlich-rechtlichen Rundfunks\u201c nahmen neben dem NDR Intendanten ebenfalls teil Cornelia Ha\u00df, Leiterin Bereich Publizistik und Medien ver.di, Jana Schiedek, Staatsr\u00e4tin der Beh\u00f6rde f\u00fcr Kultur und Medien Hamburg, Dr. Benedikt Strunz, NDR Info und Prof. Dr. Barbara Thoma\u00df, Professorin f\u00fcr Kommunikations- und Medienwissenschaft, Ruhr-Universit\u00e4t Bochum und Mitglied des ZDF-Verwaltungsrats.<\/p>\n","protected":false},"excerpt":{"rendered":"<p>Besondere Aufgabe des NDR als Ost-West-Sender!<\/p>\n","protected":false},"author":2,"featured_media":51685,"comment_status":"open","ping_status":"closed","sticky":false,"template":"","format":"standard","meta":{"_FSMCFIC_featured_image_caption":"","_FSMCFIC_featured_image_nocaption":"","_FSMCFIC_featured_image_hide":""},"categories":[33],"tags":[60],"acf":[],"_links":{"self":[{"href":"https:\/\/smago.de\/ws2\/wp-json\/wp\/v2\/posts\/120903"}],"collection":[{"href":"https:\/\/smago.de\/ws2\/wp-json\/wp\/v2\/posts"}],"about":[{"href":"https:\/\/smago.de\/ws2\/wp-json\/wp\/v2\/types\/post"}],"author":[{"embeddable":true,"href":"https:\/\/smago.de\/ws2\/wp-json\/wp\/v2\/users\/2"}],"replies":[{"embeddable":true,"href":"https:\/\/smago.de\/ws2\/wp-json\/wp\/v2\/comments?post=120903"}],"version-history":[{"count":1,"href":"https:\/\/smago.de\/ws2\/wp-json\/wp\/v2\/posts\/120903\/revisions"}],"predecessor-version":[{"id":120904,"href":"https:\/\/smago.de\/ws2\/wp-json\/wp\/v2\/posts\/120903\/revisions\/120904"}],"wp:featuredmedia":[{"embeddable":true,"href":"https:\/\/smago.de\/ws2\/wp-json\/wp\/v2\/media\/51685"}],"wp:attachment":[{"href":"https:\/\/smago.de\/ws2\/wp-json\/wp\/v2\/media?parent=120903"}],"wp:term":[{"taxonomy":"category","embeddable":true,"href":"https:\/\/smago.de\/ws2\/wp-json\/wp\/v2\/categories?post=120903"},{"taxonomy":"post_tag","embeddable":true,"href":"https:\/\/smago.de\/ws2\/wp-json\/wp\/v2\/tags?post=120903"}],"curies":[{"name":"wp","href":"https:\/\/api.w.org\/{rel}","templated":true}]}}