{"id":119825,"date":"2018-09-23T00:00:41","date_gmt":"2018-09-22T22:00:41","guid":{"rendered":"https:\/\/smago.de\/?p=119825"},"modified":"2018-09-22T23:58:15","modified_gmt":"2018-09-22T21:58:15","slug":"leonard-seine-doppel-cd-lerne-im-regen-tanzen-verfehlt-die-offiziellen-deutschen-album-charts-nur-knapp","status":"publish","type":"post","link":"https:\/\/smago.de\/ws2\/schlager\/leonard-seine-doppel-cd-lerne-im-regen-tanzen-verfehlt-die-offiziellen-deutschen-album-charts-nur-knapp\/","title":{"rendered":"LEONARD <br>Seine Doppel-CD &#8222;Lerne im Regen tanzen&#8220; verfehlt die Offiziellen Deutschen Album Charts nur knapp!"},"content":{"rendered":"<p>Warum der sympathische Schweizer dennoch frohlocken kann &#8230;:<br \/>\n<!--more--><\/p>\n<p>&nbsp;<\/p>\n<p style=\"text-align: justify;\">Um ein Haar (bzw. um zwei Haare) h\u00e4tte es LEONARD mit seiner neuen Tontr\u00e4ger-Ver\u00f6ffentlichung &#8222;Lerne im Regen tanzen&#8220; in die Offiziellen Deutschen Album Charts gepackt.<\/p>\n<p>Der S\u00e4nger, Songschreiber und Moderator h\u00e4tte es allemal verdient.<\/p>\n<p>Aber: Es gibt einen kleinen Trost f\u00fcr Leonard. Denn in den Offiziellen Deutschen Schlager Charts hat er es auf Anhieb auf Platz 15 geschafft. Und das ist doch auch schon mal was!<\/p>\n","protected":false},"excerpt":{"rendered":"<p>Warum der sympathische Schweizer dennoch frohlocken kann &#8230;:<\/p>\n","protected":false},"author":2,"featured_media":56099,"comment_status":"open","ping_status":"closed","sticky":false,"template":"","format":"standard","meta":{"_FSMCFIC_featured_image_caption":"","_FSMCFIC_featured_image_nocaption":"","_FSMCFIC_featured_image_hide":""},"categories":[29],"tags":[355],"acf":[],"_links":{"self":[{"href":"https:\/\/smago.de\/ws2\/wp-json\/wp\/v2\/posts\/119825"}],"collection":[{"href":"https:\/\/smago.de\/ws2\/wp-json\/wp\/v2\/posts"}],"about":[{"href":"https:\/\/smago.de\/ws2\/wp-json\/wp\/v2\/types\/post"}],"author":[{"embeddable":true,"href":"https:\/\/smago.de\/ws2\/wp-json\/wp\/v2\/users\/2"}],"replies":[{"embeddable":true,"href":"https:\/\/smago.de\/ws2\/wp-json\/wp\/v2\/comments?post=119825"}],"version-history":[{"count":1,"href":"https:\/\/smago.de\/ws2\/wp-json\/wp\/v2\/posts\/119825\/revisions"}],"predecessor-version":[{"id":119826,"href":"https:\/\/smago.de\/ws2\/wp-json\/wp\/v2\/posts\/119825\/revisions\/119826"}],"wp:featuredmedia":[{"embeddable":true,"href":"https:\/\/smago.de\/ws2\/wp-json\/wp\/v2\/media\/56099"}],"wp:attachment":[{"href":"https:\/\/smago.de\/ws2\/wp-json\/wp\/v2\/media?parent=119825"}],"wp:term":[{"taxonomy":"category","embeddable":true,"href":"https:\/\/smago.de\/ws2\/wp-json\/wp\/v2\/categories?post=119825"},{"taxonomy":"post_tag","embeddable":true,"href":"https:\/\/smago.de\/ws2\/wp-json\/wp\/v2\/tags?post=119825"}],"curies":[{"name":"wp","href":"https:\/\/api.w.org\/{rel}","templated":true}]}}