{"id":119534,"date":"2018-09-18T00:00:08","date_gmt":"2018-09-17T22:00:08","guid":{"rendered":"https:\/\/smago.de\/?p=119534"},"modified":"2018-09-17T20:35:31","modified_gmt":"2018-09-17T18:35:31","slug":"ben-zucker-goldauszeichnung-fuer-ben-zucker-in-oesterreich","status":"publish","type":"post","link":"https:\/\/smago.de\/ws2\/deutsch-rock\/ben-zucker-goldauszeichnung-fuer-ben-zucker-in-oesterreich\/","title":{"rendered":"BEN ZUCKER <br>Goldauszeichnung f\u00fcr Ben Zucker in \u00d6sterreich!"},"content":{"rendered":"<p style=\"text-align: justify;\">Die Verleihung erfolgte am 15.09.2018 im Rahmen der TV-Sendung &#8222;Starnacht aus der Wachau&#8220;!<br \/>\n<!--more--><\/p>\n<p>&nbsp;<\/p>\n<p>&nbsp;<\/p>\n<p>&nbsp;<\/p>\n<p>&nbsp;<\/p>\n<p style=\"text-align: justify;\">&#8222;Na und !?&#8220; &#8211; Mit der gleichnamigen Singleauskopplung eroberte er die Herzen seiner \u00f6sterreichischen Fans im Sturm. <a href=\"https:\/\/deref-gmx.net\/mail\/client\/diClWIRv17U\/dereferrer\/?redirectUrl=http%3A%2F%2Flink.umusicconnect.net%2Fr%2F%3Fid%3Dh2e31d9d0%2C57ca7b49%2C57ca499d\" target=\"_blank\" rel=\"noopener\"><strong>Das Video<\/strong><\/a> zum Nachfolgehit \u201e<strong>Was f\u00fcr eine geile Zeit<\/strong>\u201c drehte der charismatische Berliner sogar in \u00d6sterreich.<\/p>\n<p><strong>Sein Erfolg in \u00d6sterreich<\/strong> ist kein Wunder, sondern das Ergebnis seiner au\u00dfergew\u00f6hnlichen rau-warmen Stimme, seiner sympathischen Pers\u00f6nlichkeit und seiner Songs. Diese Lieder sind Geschichten, die mitten aus dem Leben stammen und dadurch so ehrlich und erfrischend sind und zugleich ber\u00fchren.<\/p>\n<p><strong>BEN ZUCKER<\/strong> sagt dazu: \u201e<em>Mit dem Album ist es wie mit Tattoos: Drauf kommt nur, was mich nicht mehr losl\u00e4sst.<\/em>\u201c Ob Ballade oder Up-Tempo-Song, es sind viele verschiedene Facetten, die <strong>Ben Zucker<\/strong> auf seinem Deb\u00fct-Album pr\u00e4sentiert und die die Menschen nicht mehr loslassen.<\/p>\n<p style=\"text-align: justify;\"><strong>Auch live<\/strong> konnte <strong>Ben Zucker<\/strong> die \u00d6sterreicher begeistern: als Support f\u00fcr niemand geringeren als <strong>Helene Fischer<\/strong> bei ihrem Stadionkonzert <strong>am 11. Juli in Wien<\/strong>.<\/p>\n<p style=\"text-align: justify;\"><strong>Im Oktober und November<\/strong> ist <strong>Ben Zucker<\/strong> in Deutschland live zu sehen. An \u00d6sterreich-Terminen f\u00fcr 2019 wird aktuell gearbeitet.<\/p>\n<p style=\"text-align: justify;\"><strong>Joe Chialo<\/strong>, Senior Vice President A&amp;R Universal Music Central Europe &amp; Africa: \u201e<em>Ben Zucker ist ein toller Mensch und ein K\u00fcnstler mit au\u00dfergew\u00f6hnlichen stimmlichen F\u00e4higkeiten; seine Musik ber\u00fchrt. Allen Partnern in \u00d6sterreich ein herzliches Dankesch\u00f6n f\u00fcr die gro\u00dfartige Unterst\u00fctzung.<\/em>\u201c<\/p>\n<p style=\"text-align: justify;\"><strong>Cornelius Ballin<\/strong>, General Manager Universal Music Austria: \u201e<em>Mit Ben Zucker bekommt ein \u00fcberaus sympathischer und talentierter K\u00fcnstler eine Gold-Auszeichnung, der erst vor gut einem Jahr seinen ersten \u00f6sterreichischen TV-Auftritt bei der \u201eStarnacht am W\u00f6rthersee\u201c hatte. Da ist es eine besondere Freude, dass wir ihn nun in der Wachau mit Gold ehren k\u00f6nnen. Wir sind uns sicher, dass noch viele Preise und Erfolge folgen werden.<\/em><\/p>\n<p>&nbsp;<\/p>\n<p>&nbsp;<\/p>\n<p>&nbsp;<\/p>\n<p><em>Textquelle: Universal Music Austria 2018\u00a0<\/em><\/p>\n","protected":false},"excerpt":{"rendered":"<p>Die Verleihung erfolgte am 15.09.2018 im Rahmen der TV-Sendung &#8222;Starnacht aus der Wachau&#8220;!<\/p>\n","protected":false},"author":2,"featured_media":119535,"comment_status":"open","ping_status":"closed","sticky":false,"template":"","format":"standard","meta":{"_FSMCFIC_featured_image_caption":"","_FSMCFIC_featured_image_nocaption":"","_FSMCFIC_featured_image_hide":""},"categories":[5,39],"tags":[45],"acf":[],"_links":{"self":[{"href":"https:\/\/smago.de\/ws2\/wp-json\/wp\/v2\/posts\/119534"}],"collection":[{"href":"https:\/\/smago.de\/ws2\/wp-json\/wp\/v2\/posts"}],"about":[{"href":"https:\/\/smago.de\/ws2\/wp-json\/wp\/v2\/types\/post"}],"author":[{"embeddable":true,"href":"https:\/\/smago.de\/ws2\/wp-json\/wp\/v2\/users\/2"}],"replies":[{"embeddable":true,"href":"https:\/\/smago.de\/ws2\/wp-json\/wp\/v2\/comments?post=119534"}],"version-history":[{"count":1,"href":"https:\/\/smago.de\/ws2\/wp-json\/wp\/v2\/posts\/119534\/revisions"}],"predecessor-version":[{"id":119536,"href":"https:\/\/smago.de\/ws2\/wp-json\/wp\/v2\/posts\/119534\/revisions\/119536"}],"wp:featuredmedia":[{"embeddable":true,"href":"https:\/\/smago.de\/ws2\/wp-json\/wp\/v2\/media\/119535"}],"wp:attachment":[{"href":"https:\/\/smago.de\/ws2\/wp-json\/wp\/v2\/media?parent=119534"}],"wp:term":[{"taxonomy":"category","embeddable":true,"href":"https:\/\/smago.de\/ws2\/wp-json\/wp\/v2\/categories?post=119534"},{"taxonomy":"post_tag","embeddable":true,"href":"https:\/\/smago.de\/ws2\/wp-json\/wp\/v2\/tags?post=119534"}],"curies":[{"name":"wp","href":"https:\/\/api.w.org\/{rel}","templated":true}]}}