{"id":118963,"date":"2009-09-05T18:41:00","date_gmt":"2009-09-05T18:41:00","guid":{"rendered":"https:\/\/smago.de\/ws\/?p=118963"},"modified":"-0001-11-30T00:00:00","modified_gmt":"-0001-11-29T22:00:00","slug":"GRAND-PRIX-DER-VOLKSMUSIK-NOCH-IMMER-WIC-118962","status":"publish","type":"post","link":"https:\/\/smago.de\/ws2\/schlager\/GRAND-PRIX-DER-VOLKSMUSIK-NOCH-IMMER-WIC-118962\/","title":{"rendered":"GRAND PRIX DER VOLKSMUSIK: NOCH IMMER WICHTIG, ODER NICHT?"},"content":{"rendered":"<p>Wijbrand van der Sande ist Radio- und Fernsehmoderator auf dem Gebiet der Schlager und Volksmusik. Er ist der Meinung das diese Musik in jeglichem Medium vertreten sein muss. Alle 2 Wochen schreibt der Mann hinter  &#8222;Spiel mir einer!&#8220; hier an dieser Stelle seine Kolumne. \u00a0 <!-more-><P>GRAND PRIX DER VOLKSMUSIK: NOCH IMMER WICHTIG, ODER NICHT?<\/P><br \/>\n<P>\u00a0<\/P><br \/>\n<P>Schon immer war es der wichtigste Wettbewerb in der Volksmusik. Die vielbegehrte Bergkristal vom &#8222;Grand Prix der Volksmusik\u201d war der Preis den jeder Artist einmal Gewinnen wollte. Und dieser Traum wurde nur wenige K\u00fcnstler zur Wahrheit. Ein Wettstreit, erfunden durch Anneliese Breitenberger aus S\u00fcd Tirol, und durch niemand anderen als Hans Beierlein in die Wirklichkeit transportiert wurde. Die 4 Alpenl\u00e4nder \u2013 Deutschland, \u00d6sterreich, Schweiz und S\u00fcd Tirol f\u00fchren vorher ihren eigenen Vorentscheid durch. In diesem Vorentscheid treten 15 Artisten gegeneinander an. Das Publikum entscheidet dann welche 4 Acts schlie\u00dflich f\u00fcr ihr Land im gro\u00dfen internationalen Finale antreten. Dort treten dann die 16 Gewinner des Vorentscheid gegeneinander an, und wie schon beim Vorentscheid w\u00e4hlt das Publikum dann den gro\u00dfen Sieger des Grand Prix!<\/P><br \/>\n<P><IMG style=\"WIDTH: 454px; HEIGHT: 296px\" height=429 hspace=8 src=\"https:\/\/smago.de\/img\/bildbox\/1252169188.jpg\" width=640 vspace=8 border=1><\/P><br \/>\n<P>Allerdings hat der Grand Prix in den letzten Jahren doch viel von seinem Glanz verloren. Aus der ehemals pr\u00e4chtigen Veranstaltung ist mittlerweile ein politisches Tauziehen der Plattenfirmen geworden. Diese wollen mit aller Macht sehen lassen wer den den gr\u00f6\u00dften Einfluss in der Volkst\u00fcmlichen Musikszene hat. So d\u00fcrfen z.B. die Plattenfirmen selbst entscheiden\u00a0\u00fcber einen\u00a0K\u00fcnstler dem sie ins rennen um den viel begehrten Bergkristall schicken. Warum eigentlich? Was ist so schlecht daran dass die Zuschauer dies entscheiden? Darum geht es doch eigentlich, oder? In meinen Augen ist dies der erste Schritt das Publikum, welches sich zuhause auf der Couch das Spektakel anschaut, l\u00e4cherlich zu machen. <\/P><br \/>\n<P>\u00a0<\/P><br \/>\n<P>Lassen wir doch mal die letzten Jahre Revue passieren. Da waren zum einen die, aus dem nichts empor schwebenden Psayrer mit Barbara. Kein Mensch kannte sie. Sie standen pl\u00f6tzlich im Finale und gewannen dieses auch noch. Schnell kamen Ger\u00fcchte einer Manipulation im Umlauf. Es sollen Telefonmaschienen, die durch die Plattennfirmen eingesetzt wurden, f\u00fcr das Ergebnis verantwortlich sein. Tausende von Stimmen sollen so per Artist zus\u00e4tzlich dazu gekommen sein. Schnell wurde es um diese These wieder ruhig und man h\u00f6rte gar nichts mehr davon. Allerdings hatte der Bergkristall seine ersten Kratzer bekommen. <\/P><br \/>\n<P>\u00a0<\/P><br \/>\n<P>Dann die Sache mit Monika Martin. In der Live Show lie\u00df der ORF die Punktevergabe auf den Bildschirmen sehen. Jeder Zuschauer merkte schnell, das da andere Punkte standen, als das sie verlesen wurden. Dadurch kam Monika Martin auf den dritten Platz. Ganz Europa schrie unterdessen zuhause: &#8222;Halt!,stop!, das stimmt nicht!&#8220;. Aber es ging sogar soweit das Monika Martin den dritten Preis \u00fcberreicht bekam. Am Ende wurde ihr dann unter bedauern mitgeteilt das da was schief gegangen war, und vor einem Milionen Publikum wurde ihr der Preis aus den H\u00e4nden gerissen und dem eigentlichen dritten \u00fcberreicht. Eine regelgerechte Schande! Jeder kann sich noch an die arme Monika Martin erinnern. Eigentlich f\u00fcr Monika eine gute sache:\u00a0Wer wei\u00df noch wer der dritt platzierte war? <\/P><br \/>\n<P>\u00a0<\/P><br \/>\n<P>In 2008 erreichte die absurdit\u00e4t ihren H\u00f6hepunkt. Zum ersten mal in der Geschichte des GP erreichten zwei Acts mit genau der selben Punktzahl Platz 1. Es ging hier um &#8222;Die Klostertaler&#8220; und &#8222;Vincent und Fernando&#8220;. Wenn die organisationen des GP der VM nun gerecht gewesen w\u00e4ren, h\u00e4tten sie beiden einen Bergkristall \u00fcberreicht und alle w\u00e4ren zufrieden gewesen. Nicht aber die Herren und Damen des GP! Eine Jury entschied pl\u00f6tzlich und letztendlich das die Klostertaler den Preis verdient hatten. Von dieser Jury wu\u00dfte vorher niemand etwas! Als Folge davon sah man das Vincent &#038; Fernando einfach beiseite geschoben wurden und im Rampenlicht standen nur noch die Klostertaler. Ehrlich gesagt mit einem schmutzigen Bergkristall! Da k\u00f6nnen sie stolz drauf sein. Schade, schade&#8230;&#8230;. 2008 hatte also der GP der VM eigentlich nur verlierer. <\/P><br \/>\n<P>\u00a0<\/P><br \/>\n<P>Lasst es uns also 2009 besser machen. Nehmen wir dann mal die Vorrunde in Deutschland. Wie um Himmels willen kann es m\u00f6glich sein, das ein S\u00e4nger wie Florian Fesl nur Platz 9 erreicht. 10 Wochen lang gewann er Woche f\u00fcr Woche den Wettstreit um den Sommerhit des Jahres in der Fernsehsendung &#8222;Immer wieder Sonntags&#8220; mit Stefan Mross. Er war dort der absolute Publikumsliebling. Und dann steht er in der Vorrunde zum GP der VM und ein jeder in Deutschland lehnt ihn ab? Da stimmt doch was nicht! Nein, man stimmt \u00fcberragend f\u00fcr die seid Jahren ausrangierten Judith &#038; Mel, die einzig und allein nur darum am GP der VM teilnehmen, um ihre eigentlich schon l\u00e4ngst ausgelaufende Karriere noch einmal Leben einzuhauchen. Die Abstimmung lie\u00df es deutlich erkennen: Im Norden sind sie beliebt, aber im rest der Republik&#8230;&#8230; Im Internationalen Finale erhielten sie dann auch gerade mal 6 Punkte und belegten damit v\u00f6llig zurecht den letzten Platz. Nun k\u00f6nnen sie aus 2 Optionen w\u00e4hlen: Entweder total aufh\u00f6ren, oder weiter in kleinen S\u00e4len im Norden Deutschlands auftreten. Es wird wohl beim letzteren bleiben. <\/P><br \/>\n<P>\u00a0<\/P><br \/>\n<P>Der Vorentscheid von \u00d6sterreich war nicht minder l\u00e4cherlich. Ein jeder staunte nicht schlecht \u00fcber den wahrhaftigen Pastor in seiner Arbeitskleidung. Er gewann diesen Vorentscheid mit einem Lied von dem gesagt werd das es geklaut ist! Ein schlauer Trick. Da die meisten Menschen in den Alpenl\u00e4ndern sehr gl\u00e4ubig sind ist es doch einfach sie an den Gef\u00fchlen zu packen. Das wird schon! Die Favorisierten Acts wie die Zellberg Buam und Die Jungen Zillertaler hatten das nachsehen. Sie konnten mit einer Illusion \u00e4rmer zur\u00fcck in ihr Zillertal. Unglaublich!!! Im Finale dieses Jahres lief Gott sei Dank alles besser. Endlich gewann 2009 auch wirklich das beste Lied. In diesem Lied dreht sich alles um den Engel von Marienberg, also auch ein Lied \u00fcber Glaube, Hoffnung und Liebe, allerdings ohne Kasperletheater von Pfarrer Franz Brei und sein Signum. (Nein, es handelte sich dabei nicht um gesponserte Werbung f\u00fcr den im Moment notleidenden Opelkonzern) Vincent &#038; Fernando haben nun endlich das Pr\u00e4dikat des ewigen zweiten beim GP der VM abgelegt. Nach der Idiotie und ungerechtigkeit des letzten Jahres siegte 2009 also endlich wieder die Gerechtigkeit. <\/P><br \/>\n<P>\u00a0<\/P><br \/>\n<P>Ach ja, ich wei\u00df das meine Aussagen scharf und bissig sind, aber ich fasse nur das in Worte, was meine meinung ist und was ich sehr viel um mich herum zuh\u00f6re. Alle erz\u00e4hlen es sich, aber keiner traut es sich laut auszusprechen. Na gut, dann bin ich halt der erste. F\u00fcr mich war der GP 2009 mal wieder ein Auf und Ab. Aber ehrlich, wenn auch in diesem Jahr bei der Endausscheidung wieder nur durch eine merkw\u00fcrdige Masche ein Sieger gefunden worden w\u00e4r, w\u00fcrde ich nie wieder im Radio \u00fcber den GP der VM berichten, geschweige den mir das im Fernsehen anschauen. Gl\u00fccklicherweise hat der GP der VM in diesem Jahr wieder etwas von seinem Glanz zur\u00fcckgewonnen. H\u00f6rt endlich mit diesem bl\u00f6den politischen Spielen auf und lasst endlich das Volk entscheiden! So wie es sich geh\u00f6rt. So wie es sich Anneliese Breitenberger und Hans Beierlein damals ausgedacht haben. Also, sitz ich auch 2010 wieder vorm TV&#8230;&#8230;. Aber ich bef\u00fcrchte jetzt schon das schlimmste&#8230;&#8230;&#8230;Der beste m\u00f6ge gewinnen! <\/P><br \/>\n<P>\u00a0<\/P><br \/>\n<P>Herzliche Gr\u00fc\u00dfe an Alle, bleiben Sie gesund. <\/P><br \/>\n<P>\u00a0<\/P><br \/>\n<P>Wijbrand.<\/P><br \/>\n<P>\u00a0<\/P><br \/>\n<P>Veranstaltungen und News auch auf: <A href=\"http:\/\/www.spiel.nl\/\" target=_blank>www.spiel.nl <\/A><\/P><\/p>\n<p>WvdS\/MK<\/p>\n<p><\/p>\n","protected":false},"excerpt":{"rendered":"<p>Wijbrand van der Sande ist Radio- und Fernsehmoderator auf dem Gebiet der Schlager und Volksmusik. Er ist der Meinung das<\/p>\n","protected":false},"author":2,"featured_media":118964,"comment_status":"open","ping_status":"open","sticky":false,"template":"","format":"standard","meta":{"_FSMCFIC_featured_image_caption":"","_FSMCFIC_featured_image_nocaption":"","_FSMCFIC_featured_image_hide":""},"categories":[29],"tags":[],"acf":[],"_links":{"self":[{"href":"https:\/\/smago.de\/ws2\/wp-json\/wp\/v2\/posts\/118963"}],"collection":[{"href":"https:\/\/smago.de\/ws2\/wp-json\/wp\/v2\/posts"}],"about":[{"href":"https:\/\/smago.de\/ws2\/wp-json\/wp\/v2\/types\/post"}],"author":[{"embeddable":true,"href":"https:\/\/smago.de\/ws2\/wp-json\/wp\/v2\/users\/2"}],"replies":[{"embeddable":true,"href":"https:\/\/smago.de\/ws2\/wp-json\/wp\/v2\/comments?post=118963"}],"version-history":[{"count":0,"href":"https:\/\/smago.de\/ws2\/wp-json\/wp\/v2\/posts\/118963\/revisions"}],"wp:featuredmedia":[{"embeddable":true,"href":"https:\/\/smago.de\/ws2\/wp-json\/wp\/v2\/media\/118964"}],"wp:attachment":[{"href":"https:\/\/smago.de\/ws2\/wp-json\/wp\/v2\/media?parent=118963"}],"wp:term":[{"taxonomy":"category","embeddable":true,"href":"https:\/\/smago.de\/ws2\/wp-json\/wp\/v2\/categories?post=118963"},{"taxonomy":"post_tag","embeddable":true,"href":"https:\/\/smago.de\/ws2\/wp-json\/wp\/v2\/tags?post=118963"}],"curies":[{"name":"wp","href":"https:\/\/api.w.org\/{rel}","templated":true}]}}