{"id":118957,"date":"2009-09-29T19:31:00","date_gmt":"2009-09-29T19:31:00","guid":{"rendered":"https:\/\/smago.de\/ws\/?p=118957"},"modified":"-0001-11-30T00:00:00","modified_gmt":"-0001-11-29T22:00:00","slug":"IST-ERFOLG-ALTERSORIENTIERT-NEIN-118956","status":"publish","type":"post","link":"https:\/\/smago.de\/ws2\/schlager\/IST-ERFOLG-ALTERSORIENTIERT-NEIN-118956\/","title":{"rendered":"IST ERFOLG ALTERSORIENTIERT? NEIN!!"},"content":{"rendered":"<p>Wijbrand van der Sande ist Radio- und Fernsehmoderator auf dem Gebiet der Schlager und Volksmusik. Er ist der Meinung das diese Musik in jeglichem Medium vertreten sein muss. Alle 2 Wochen schreibt der Mann hinter &#8222;Spiel mir einer!&#8220; hier an dieser Stelle seine Kolumne.\u00a0 <!-more-><P align=left><FONT face=\"Geneva, Arial, Helvetica, sans-serif\">Ich bin ein absoluter Fan der Volksmusik und des Schlagers. Das ist nichts neues, und allgemein bekannt. Was viele Menschen allerdings nicht von mir wissen ist, dass ich ein richtig fanatischer Fan der Formel Eins bin. Wann immer ich die M\u00f6glichkeit wahrnehmen kann das Renngeschehen Live vor dem Fernsehen mitzuerleben tu ich das auch. Meine direkte Umgebung sollte dann allerdings in Deckung gehen. Ich fluche, schreie, juche, spring auf und ab, dreh mit den Armen und nehme niemanden und nichts mehr um mich herum wahr. <\/FONT><\/P><br \/>\n<P align=left><FONT face=\"Geneva, Arial, Helvetica, sans-serif\">Tja\u2026 so hat ein jeder seine eigenartige Eigenschaft. Ich geb es zu, bei mir ist es schon sehr Eigenartig. Sozusagen eine besondere abnormale Menschliche Seite. Wann immer ich auch in Deutschland und \u00d6sterreich unterwegs bin, versuche ich immer meine Termine so zu legen, dass ich das Rennspektakel &#8222;Formel Eins\u201d vor dem Fernsehen mitzuerleben. <\/FONT><\/P><br \/>\n<P align=left><FONT face=\"Geneva, Arial, Helvetica, sans-serif\">Vor einigen Jahren brach f\u00fcr viele Formel Eins Fans eine Welt zusammen. Michael Schumacher k\u00fcndigte seinen R\u00fcckzug aus der Rennserie an. Er sei zu alt gab er als Grund an. <\/FONT><\/P><br \/>\n<P align=left><FONT face=\"Geneva, Arial, Helvetica, sans-serif\">Pardon? Zu alt? <\/FONT><\/P><br \/>\n<P align=left><FONT face=\"Geneva, Arial, Helvetica, sans-serif\">Der gute Mann war gerade 37! So alt wie ich jetzt bin! <\/FONT><\/P><br \/>\n<P align=left><FONT face=\"Geneva, Arial, Helvetica, sans-serif\">Okay, ich kann auch nicht mehr die N\u00e4chte so wie fr\u00fcher durchmachen. Aber deswegen mit 37 stoppen weil man zu alt ist? Eigentlich Idiotisch! <\/FONT><\/P><br \/>\n<P align=left><FONT face=\"Geneva, Arial, Helvetica, sans-serif\">Probieren Sie sich doch nur mal vorzustellen wie dann die Volksmusik- und Schlagerwelt aussehen w\u00fcrde: <\/FONT><\/P><br \/>\n<P align=left><FONT face=\"Geneva, Arial, Helvetica, sans-serif\">Hansi Hinterseer? Der ist nun 55. Von dem h\u00e4tte man schon lang nichts mehr geh\u00f6rt. <\/FONT><\/P><br \/>\n<P align=left><FONT face=\"Geneva, Arial, Helvetica, sans-serif\">Norbert Rier? 49 Jahre alt\u2026 gerade in Rente! <\/FONT><\/P><br \/>\n<P align=left><FONT face=\"Geneva, Arial, Helvetica, sans-serif\">Semino Rossi; 47 Jahr. Der kann doch besser aufh\u00f6re. <\/FONT><\/P><br \/>\n<P align=left><FONT face=\"Geneva, Arial, Helvetica, sans-serif\">Und dann, Claudia Jung. 45 Jahr. Die k\u00f6nnte ihren Namen besser in &#8222;Claudia zu alt\u201d um\u00e4ndern.<\/FONT><\/P><br \/>\n<P align=left><FONT face=\"Geneva, Arial, Helvetica, sans-serif\"><\/FONT>\u00a0<\/P><br \/>\n<P align=left><FONT face=\"Geneva, Arial, Helvetica, sans-serif\">Wenn man sich das mal vor Augen f\u00fchrt, merkt man erst wie l\u00e4cherlich das ganze doch ist. <\/FONT><\/P><br \/>\n<P align=left><FONT face=\"Geneva, Arial, Helvetica, sans-serif\">Schau, das Karl Moik mit 67 gestoppt ist und auch Heino sein Mikrofon aus den H\u00e4nden gelegt hat (er versucht es zumindest) finde ich v\u00f6llig normal. Das Udo J\u00fcrgens mit seinen 75 Jahren noch immer die gr\u00f6\u00dften Hallen f\u00fcllt ist Genial und Bewundernswert. <\/FONT><\/P><br \/>\n<P align=left><FONT face=\"Geneva, Arial, Helvetica, sans-serif\"><\/FONT>\u00a0<\/P><br \/>\n<P align=left><FONT face=\"Geneva, Arial, Helvetica, sans-serif\">Ja, ja, ich h\u00f6re jetzt schon alle sagen: Wijbrand was willst du denn jetzt eigentlich? Was willst du uns denn jetzt eigentlich sagen? Ich will nur damit sagen, dass die Schlager- und Volksmusikwelt so herrlich Zeitlos ist. Wir k\u00f6nnen von allen Lebzeiten genie\u00dfen. Zum Beispiel einem 9j\u00e4hrigen Nachwuchsk\u00fcnstler oder von z.B. den Amigos, die ihren Durchbruch erst dann schafften als andere Menschen aufh\u00f6ren zu arbeiten. <IMG height=285 hspace=8 src=\"https:\/\/smago.de\/img\/bildbox\/1254245723.jpg\" width=400 vspace=8 border=1> <\/FONT><\/P><br \/>\n<P align=left><FONT face=\"Geneva, Arial, Helvetica, sans-serif\">Am 26.September war ich, eingeladen durch Bernd und Karl-Heinz Ullrich, beim Amigos Fest. An diesem Tag hatte ich keine andere Verpflichtung und nahm die Einladung sehr gerne an. Also bin ich dorthin gefahren. <\/FONT><\/P><br \/>\n<P align=left><FONT face=\"Geneva, Arial, Helvetica, sans-serif\">Schlie\u00dflich sind wir inzwischen gute Freunde. <\/FONT><\/P><br \/>\n<P align=left><FONT face=\"Geneva, Arial, Helvetica, sans-serif\">Wir verstehen uns super und haben einfach den gleichen Humor. Wir k\u00f6nnen \u00fcber die gleichen Sachen lachen und allein das verbindet schon. Wenn ich z.B. herein komme h\u00f6re ich Bernd schon von weitem rufen: &#8222;Jetzt ist es mit der Geselligkeit vorbei, da kommt der verr\u00fcckte Holl\u00e4nder wieder\u201d! <\/FONT><\/P><br \/>\n<P align=left><FONT face=\"Geneva, Arial, Helvetica, sans-serif\">Typisch Bernd. <\/FONT><\/P><br \/>\n<P align=left><FONT face=\"Geneva, Arial, Helvetica, sans-serif\">Ich antworte dann immer so etwas wie: &#8222;He Bernd, du alter Mann! Ich hab mein Wohnwagen neben deinem Rollator geparkt, ist das ok\u201d? <\/FONT><\/P><br \/>\n<P align=left><FONT face=\"Geneva, Arial, Helvetica, sans-serif\">Ach ja\u2026 es ist einfach herrlich. Wir haben wirklich Respekt voreinander und in all den Jahren ist eine echte Freundschaft entstanden, die wir sehr zu sch\u00e4tzen wissen. Ich kann mich noch sehr gut daran erinnern wie ich die beiden Br\u00fcder kennen gelernt habe. Sie hatten gerade den Deal mit ihrer neuen Plattenfirma &#8222;MCP\u201d abgeschlossen. Die Plattenfirma die ohne jegliche Vorurteile an den Erfolg der beiden glaubte, und bei der Karl-Heinz und Bernd so unglaublich Erfolgreich wurden. <\/FONT><\/P><br \/>\n<P align=left><FONT face=\"Geneva, Arial, Helvetica, sans-serif\">Ich muss ehrlich zugeben, dass die Art der Musik die Karl Heinz und Bernd machen, nicht gerade &#8222;meine\u201d Musik ist. Na ja, 4 oder 5 Lieder nach hinander vielleicht. <\/FONT><\/P><br \/>\n<P align=left><FONT face=\"Geneva, Arial, Helvetica, sans-serif\">Aber was mich immer wieder so masslos verwundert, ist diese Massenhysterie die entsteht wenn die beiden die B\u00fchne betreten. Nach meiner ersten Live-Erfahrung mit den Amigos fragten sie mich, was ich denn von ihrem Auftritt fand. <\/FONT><\/P><br \/>\n<P align=left><FONT face=\"Geneva, Arial, Helvetica, sans-serif\">Ich muss sagen, ich war schockiert. <\/FONT><\/P><br \/>\n<P align=left><FONT face=\"Geneva, Arial, Helvetica, sans-serif\">Ich frug sie, wie es um Himmels willen m\u00f6glich ist, dass wenn zwei \u00e4ltere M\u00e4nner nur einfach so auf der B\u00fchne stehen, und nichts anderes tun als nur ihre Lieder zu singen ohne zu bewegen, das Publikum so enthosiastisch mitgehen kann. Eigentlich wusste ich die Antwort schon, und die gab ich gleich hinterher. <\/FONT><\/P><br \/>\n<P align=left><FONT face=\"Geneva, Arial, Helvetica, sans-serif\"><\/FONT>\u00a0<\/P><br \/>\n<P align=left><FONT face=\"Geneva, Arial, Helvetica, sans-serif\">Das Geheimnis der Amigos ist, das sie einfach Echt sind. <\/FONT><\/P><br \/>\n<P align=left><FONT face=\"Geneva, Arial, Helvetica, sans-serif\">Da stehen keine k\u00fcnstlichen Artisten auf der B\u00fchne. Nein!, diese M\u00e4nner kommen geradewegs von der Stra\u00dfe, aus dem normalen Leben. Sie kennen es hart f\u00fcr wenig Geld Arbeiten zu m\u00fcssen. Das haben sie viele Jahre lang getan, und sie sind ihrem eigenen Musikstil treu geblieben. All die Jahre wollte kein Redakteur im Radio ihre Lieder spielen. Das sie nun in so kurzer Zeit zum erfolgreichstem Schlagerduo, mit Milionen verkauften Alben, empor gestiegen sind, hat sie nicht ver\u00e4ndert. <\/FONT><\/P><br \/>\n<P align=left><FONT face=\"Geneva, Arial, Helvetica, sans-serif\">Im Gegenteil. <\/FONT><\/P><br \/>\n<P align=left><FONT face=\"Geneva, Arial, Helvetica, sans-serif\">Sie sind immer noch so, wie sie fr\u00fcher einmal waren. Sie geben nichts um das viele Geld, das mit gro\u00dfen Schubkarren heran gefahren wird. F\u00fcr sie ist es einzig und allein wichtig, dass sie endlich ihre Lieder dem Publikum pr\u00e4sentieren k\u00f6nnen, und das sie den Menschen f\u00fcr eine kurze Zeit ihre Sorgen nehmen k\u00f6nnen. Und das genie\u00dfen sie auch. Sie nehmen sich nach den Konzerten f\u00fcr jeden Besucher Zeit, so lang es auch dauert. <\/FONT><\/P><br \/>\n<P align=left><FONT face=\"Geneva, Arial, Helvetica, sans-serif\"><\/FONT>\u00a0<\/P><br \/>\n<P align=left><FONT face=\"Geneva, Arial, Helvetica, sans-serif\">Das find ich Super! <\/FONT><\/P><br \/>\n<P align=left><FONT face=\"Geneva, Arial, Helvetica, sans-serif\">Warum? Weil sie doch eigentlich den absoluten Starstatus erreicht haben. \u00dcberall wo sie sind, kommen Scharen von Menschen auf sie zu. Und damit gehen sie auf eine Fantstische Art und Weise mit um. <\/FONT><\/P><br \/>\n<P align=left><FONT face=\"Geneva, Arial, Helvetica, sans-serif\"><\/FONT>\u00a0<\/P><br \/>\n<P align=left><FONT face=\"Geneva, Arial, Helvetica, sans-serif\">Ich weiss das sie ein besonderes Alter erreicht habe, und ich kenne auch ihre Pl\u00e4ne f\u00fcr die Zukunft, aber ich bin nicht die Person die das hier breittreten m\u00f6chte. Ich hoffe und w\u00fcnsche mir das sie es genauso schaffen, wie sie es sich vorgenommen haben. Das wird sie dann echt unsterblich machen. <\/FONT><\/P><br \/>\n<P align=left><FONT face=\"Geneva, Arial, Helvetica, sans-serif\"><\/FONT>\u00a0<\/P><br \/>\n<P align=left><FONT face=\"Geneva, Arial, Helvetica, sans-serif\">Was ich mit dieser Kolumne sagen m\u00f6chte ist, das in dieser Musikbranche absolut niemand zu alt ist, und das macht die Volksmusik und den Schlager so besonders. <\/FONT><\/P><br \/>\n<P align=left><FONT face=\"Geneva, Arial, Helvetica, sans-serif\"><\/FONT>\u00a0<\/P><br \/>\n<P align=left><FONT face=\"Geneva, Arial, Helvetica, sans-serif\">Ich bin wirklich gespannt wann die erste Jodel-CD von Michael Schumacher auf dem Markt kommt. Er kann vielleicht in der Formel Eins nicht mehr fahren, aber in der Volksmusik kann er noch gute 50 Jahre seine Runden drehen! <\/FONT><\/P><br \/>\n<P align=left><FONT face=\"Geneva, Arial, Helvetica, sans-serif\"><\/FONT>\u00a0<\/P><br \/>\n<P align=left><FONT face=\"Geneva, Arial, Helvetica, sans-serif\">Ich hoffe auch das ich noch lange Jahre in dieser Branche Arbeiten darf, und auch davon geniessen darf. Es ist n\u00e4mlich etwas ganz besonderes jeden Tag auf neue mit dieser herrlichsten Musik der Welt besch\u00e4ftigt sein zu d\u00fcrfen, und daf\u00fcr sorgen zu k\u00f6nnen, das diese Musik die Aufmerksamkeit bekommt, die sie Verdient! <\/FONT><\/P><br \/>\n<P align=left><FONT face=\"Geneva, Arial, Helvetica, sans-serif\"><\/FONT>\u00a0<\/P><br \/>\n<P align=left><FONT face=\"Geneva, Arial, Helvetica, sans-serif\">Bleiben Sie Gesund! <\/FONT><\/P><br \/>\n<P align=left><FONT face=\"Geneva, Arial, Helvetica, sans-serif\">Ihr Wijbrand.<\/FONT> <\/P><\/p>\n<p>WvS<\/p>\n<p><\/p>\n","protected":false},"excerpt":{"rendered":"<p>Wijbrand van der Sande ist Radio- und Fernsehmoderator auf dem Gebiet der Schlager und Volksmusik. Er ist der Meinung das<\/p>\n","protected":false},"author":2,"featured_media":118958,"comment_status":"open","ping_status":"open","sticky":false,"template":"","format":"standard","meta":{"_FSMCFIC_featured_image_caption":"","_FSMCFIC_featured_image_nocaption":"","_FSMCFIC_featured_image_hide":""},"categories":[29],"tags":[],"acf":[],"_links":{"self":[{"href":"https:\/\/smago.de\/ws2\/wp-json\/wp\/v2\/posts\/118957"}],"collection":[{"href":"https:\/\/smago.de\/ws2\/wp-json\/wp\/v2\/posts"}],"about":[{"href":"https:\/\/smago.de\/ws2\/wp-json\/wp\/v2\/types\/post"}],"author":[{"embeddable":true,"href":"https:\/\/smago.de\/ws2\/wp-json\/wp\/v2\/users\/2"}],"replies":[{"embeddable":true,"href":"https:\/\/smago.de\/ws2\/wp-json\/wp\/v2\/comments?post=118957"}],"version-history":[{"count":0,"href":"https:\/\/smago.de\/ws2\/wp-json\/wp\/v2\/posts\/118957\/revisions"}],"wp:featuredmedia":[{"embeddable":true,"href":"https:\/\/smago.de\/ws2\/wp-json\/wp\/v2\/media\/118958"}],"wp:attachment":[{"href":"https:\/\/smago.de\/ws2\/wp-json\/wp\/v2\/media?parent=118957"}],"wp:term":[{"taxonomy":"category","embeddable":true,"href":"https:\/\/smago.de\/ws2\/wp-json\/wp\/v2\/categories?post=118957"},{"taxonomy":"post_tag","embeddable":true,"href":"https:\/\/smago.de\/ws2\/wp-json\/wp\/v2\/tags?post=118957"}],"curies":[{"name":"wp","href":"https:\/\/api.w.org\/{rel}","templated":true}]}}