{"id":118951,"date":"2009-10-14T00:00:00","date_gmt":"2009-10-14T00:00:00","guid":{"rendered":"https:\/\/smago.de\/ws\/?p=118951"},"modified":"-0001-11-30T00:00:00","modified_gmt":"-0001-11-29T22:00:00","slug":"ANDRE-RIEU%3Cbr%3E-Heute-14102009-im-ZDF-118950","status":"publish","type":"post","link":"https:\/\/smago.de\/ws2\/instrumental\/ANDRE-RIEU%3Cbr%3E-Heute-14102009-im-ZDF-118950\/","title":{"rendered":"ANDRE RIEU<br> Heute (14.10.2009) im ZDF: &#8222;Andr\u00e9 Rieu &#8211; Ich hab\u00b4 mein Herz in Heidelberg verloren&#8220;!"},"content":{"rendered":"<p>20.15 Uhr &#8211; 21.45 Uhr! HIER gibt\u00b4s schon einmal ein kleines Appetit-H\u00e4ppchen&#8230;:\u00a0 <!-more-><P align=justify>Weltstar ANDRE RIEU, der laut der amerikanischen Fachzeitschrift &#8222;Billboard&#8220; mit 550.000 Tickets im Jahr 2009 bestverkaufende m\u00e4nnliche K\u00fcnstler der Welt, kommt auch in diesem Herbst wieder nach Deutschland. F\u00fcr sein neues Special im ZDF hat er diesmal das romantische Heidelberg ausgew\u00e4hlt.Auf dem wundersch\u00f6nen Kornmarkt mit Blick auf das weltbekannte Heidelberger Schloss spielt der Maestro mit seinem &#8222;Johann Strau\u00df Orchester&#8220; ber\u00fchmte und beliebte Melodien unter dem Motto &#8222;Ich hab\u00b4 mein Herz in Heidelberg verloren&#8220;. Die Zuschauer erwartet ein unterhaltsamer musikalischer Abend vor einer wahren Traumkulisse.<\/P><br \/>\n<P align=justify><BR>\u00a0<\/P><br \/>\n<P align=justify><STRONG>Weltbekannte Melodien<\/STRONG><BR><BR><BR><BR>Auf dem Programm stehen nat\u00fcrlich auch Lieder aus dem ber\u00fchmten Heidelberger Musikfilm &#8222;Der Studentenprinz&#8220;, unter anderem das &#8222;Trinklied&#8220; und &#8222;Summertime in Heidelberg&#8220;. Des Weiteren bekannte Melodien wie &#8222;La Danza&#8220;, &#8222;Wolgalied&#8220;, die &#8222;Mondscheinsonate&#8220;, &#8222;Sah\u00b4 ein Knab\u00b4 ein R\u00f6slein stehen&#8220;, &#8222;Vor meinem Vaterhaus steht eine Linde&#8220;, &#8222;Con t\u00e9 partir\u00f3&#8220; und die &#8222;Elisabeth-Serenade&#8220;.<BR><BR><BR><BR><BR><STRONG>Die Mitwirkenden<BR><BR><BR><\/STRONG>Andr\u00e9 Rieu mit Chor und Orchester <BR>Mirusia Louwerse<BR>Carla Maffioletti<BR>The Platin Tenors<BR>Die neuen Comedian Harmonists<BR><STRONG><BR><BR><BR><BR>Mit f\u00fcnf Jahren die erste Geige<\/STRONG><BR><BR><BR>Musik war immer um Andr\u00e9 Rieu. 1949 als Sohn eines Dirigenten in Masstricht\/Niederlande geboren, war die Klassische Musik sein st\u00e4ndiger Begleiter. Mit f\u00fcnf Jahren bekam Rieu den ersten Geigenunterricht &#8211; und lie\u00df das Instrument nicht mehr los. Er studierte Geige am Konservatorium in Br\u00fcssel und in den Niederlanden und schloss mit Auszeichnung ab. Bei seiner Arbeit im Maastricher Salonorchester entdeckte er die Faszination des Walzers und vertiefte sich in die Werke von Johann Strauss und Franz Leh\u00e1r.\u00a0<BR>\u00a0 <BR>Mit seinem ersten Orchester, das er 1987 gr\u00fcndete, ging Rieu mit vielen Walzer- und Polkamelodien erstmals auf Tournee. Innerhalb weniger Jahre wurde der Frauenschwarm mit den langen Haaren und sein wachsendes Orchester zum Star auf den B\u00fchnen der internationalen Konzerts\u00e4le. Rieu begeisterte vor allem mit \u00fcppigen romantischen Kost\u00fcmen und Dekorationen das Publikum. Auch die humorvollen Kommentare oder das Scherzen mit den Musikern lassen den enormen Erfolg beim Publikum erkl\u00e4ren. <BR><BR><BR><BR><A href=\"http:\/\/www.zdf.de\/ZDFmediathek\/content\/862090?inPopup=true\" target=_blank><STRONG>HIER<\/STRONG><\/A> gibt\u00b4s schon mal ein kleines Appetit-H\u00e4ppchen!<\/P><\/p>\n<p>ZDF<\/p>\n<p><\/p>\n","protected":false},"excerpt":{"rendered":"<p>20.15 Uhr &#8211; 21.45 Uhr! HIER gibt\u00b4s schon einmal ein kleines Appetit-H\u00e4ppchen&#8230;:\u00a0 Weltstar ANDRE RIEU, der laut der amerikanischen Fachzeitschrift<\/p>\n","protected":false},"author":2,"featured_media":118952,"comment_status":"open","ping_status":"open","sticky":false,"template":"","format":"standard","meta":{"_FSMCFIC_featured_image_caption":"","_FSMCFIC_featured_image_nocaption":"","_FSMCFIC_featured_image_hide":""},"categories":[38],"tags":[],"acf":[],"_links":{"self":[{"href":"https:\/\/smago.de\/ws2\/wp-json\/wp\/v2\/posts\/118951"}],"collection":[{"href":"https:\/\/smago.de\/ws2\/wp-json\/wp\/v2\/posts"}],"about":[{"href":"https:\/\/smago.de\/ws2\/wp-json\/wp\/v2\/types\/post"}],"author":[{"embeddable":true,"href":"https:\/\/smago.de\/ws2\/wp-json\/wp\/v2\/users\/2"}],"replies":[{"embeddable":true,"href":"https:\/\/smago.de\/ws2\/wp-json\/wp\/v2\/comments?post=118951"}],"version-history":[{"count":0,"href":"https:\/\/smago.de\/ws2\/wp-json\/wp\/v2\/posts\/118951\/revisions"}],"wp:featuredmedia":[{"embeddable":true,"href":"https:\/\/smago.de\/ws2\/wp-json\/wp\/v2\/media\/118952"}],"wp:attachment":[{"href":"https:\/\/smago.de\/ws2\/wp-json\/wp\/v2\/media?parent=118951"}],"wp:term":[{"taxonomy":"category","embeddable":true,"href":"https:\/\/smago.de\/ws2\/wp-json\/wp\/v2\/categories?post=118951"},{"taxonomy":"post_tag","embeddable":true,"href":"https:\/\/smago.de\/ws2\/wp-json\/wp\/v2\/tags?post=118951"}],"curies":[{"name":"wp","href":"https:\/\/api.w.org\/{rel}","templated":true}]}}