{"id":118948,"date":"2009-10-14T08:59:00","date_gmt":"2009-10-14T08:59:00","guid":{"rendered":"https:\/\/smago.de\/ws\/?p=118948"},"modified":"-0001-11-30T00:00:00","modified_gmt":"-0001-11-29T22:00:00","slug":"REDAKTEURE-DIE-EIN-WENIG-DURCHEINANDERGE-118947","status":"publish","type":"post","link":"https:\/\/smago.de\/ws2\/deutsch-rock\/REDAKTEURE-DIE-EIN-WENIG-DURCHEINANDERGE-118947\/","title":{"rendered":"REDAKTEURE DIE EIN WENIG DURCHEINANDERGERATEN\u2026"},"content":{"rendered":"<p>Wijbrand van der Sande ist Radio- und Fernsehmoderator auf dem Gebiet der Schlager und Volksmusik. Er ist der Meinung das diese Musik in jeglichem Medium vertreten sein muss. Alle 2 Wochen schreibt der Mann hinter &#8222;Spiel mir einer!&#8220; hier an dieser Stelle seine Kolumne.\u00a0 <!-more-><P>\u00a0<\/P><br \/>\n<P>\u00a0<\/P><br \/>\n<P>\u00a0<\/P><br \/>\n<P>\u00a0<\/P><br \/>\n<P><FONT face=\"Arial, Helvetica, sans-serif\" size=4><STRONG>REDAKTEURE DIE EIN WENIG DURCHEINANDERGERATEN\u2026<\/STRONG><\/FONT><\/P><br \/>\n<P><FONT face=\"Arial, Helvetica, sans-serif\" size=2><\/FONT>\u00a0<\/P><br \/>\n<P><FONT face=\"Arial, Helvetica, sans-serif\" size=2>M<\/FONT><FONT face=\"Arial, Helvetica, sans-serif\" size=2>anchmal mach ich mir doch ein wenig Sorgen\u2026 <\/FONT><\/P><br \/>\n<P><FONT face=\"Arial, Helvetica, sans-serif\" size=2>Sorgen \u00fcber das fortbestehen der Fernsehprogramme die wir doch so sehr lieben, die Schlager- und Volksmusikshows. Da sind nat\u00fcrlich noch einige, aber die Anzahl der Sendungen ist in den letzten Jahren sehr stark zur\u00fcck gegangen. <\/FONT><\/P><br \/>\n<P><FONT face=\"Arial, Helvetica, sans-serif\" size=2><\/FONT>\u00a0<\/P><br \/>\n<P><FONT face=\"Arial, Helvetica, sans-serif\" size=2>Da gab es z.B. Einen Mann der seit 1989 super Erfolgreiche TV Produktionen pr\u00e4sentierte. Sein Name: Achim Mentzel. Er Moderierte bis zum Fall der Mauer seine Shows beim DFF, und nach der Wiedervereinigung beim MDR. Unvergessen ist seine &#8222;Achims Hitparade\u201d. Eine gro\u00dfartige Produktion, in der vor allem junge und neue Talente immer wieder die Chance bekamen sich einem breitem Publikum zu Pr\u00e4sentieren. Da waren zum Beispiel die Amigos. Sie wurden Musikantenk\u00f6nig und so begann ihr wahnsinniger Durchbruch in der Musiklandschaft. <\/FONT><\/P><br \/>\n<P><FONT face=\"Arial, Helvetica, sans-serif\" size=2><IMG style=\"WIDTH: 434px; HEIGHT: 244px\" height=280 hspace=8 src=\"https:\/\/smago.de\/img\/bildbox\/1255338602.jpg\" width=480 vspace=8 border=1><\/FONT><\/P><br \/>\n<P><FONT face=\"Arial, Helvetica, sans-serif\" size=2>Achim Mentzel ist wahrlich kein Mister Universum. Aber das Aussehen war nicht das wichtige. <\/FONT><\/P><br \/>\n<P><FONT face=\"Arial, Helvetica, sans-serif\" size=2>Seine Ausstrahlung und sein k\u00f6nnen allein waren schon Grund genug das das Publikum des MDR ihn auf H\u00e4nden trugen. Bei jeder seiner Ausgaben sa\u00df ich vor dem Fernseher und geno\u00df von dieser wunderbaren Show. Leider durfte ich Achim noch nie pers\u00f6hnlich treffen. Aber ein Interview mit ihm ist immer noch fest eingeplant. 2006 fiel f\u00fcr alle sehr \u00fcberraschend pl\u00f6tzlich der letzte Vorhang f\u00fcr Achims Hitparade. <\/FONT><\/P><br \/>\n<P><FONT face=\"Arial, Helvetica, sans-serif\" size=2>&#8222;Eine Schande!\u201d, riefen seine viele Fans. <\/FONT><\/P><br \/>\n<P><FONT face=\"Arial, Helvetica, sans-serif\" size=2>&#8222;Endlich\u201d, riefen diejenigen, die gegen Schlager und Volksmusik sind. <\/FONT><\/P><br \/>\n<P><FONT face=\"Arial, Helvetica, sans-serif\" size=2>Das Argument des MDR zur Absetzung der Show war, dass die Sendung nur von der \u00e4lteren Generation angesehen wurde, und das man Sparen musste. Ich finde die Absetzung Achims Hitparade immer noch schade. <\/FONT><\/P><br \/>\n<P><FONT face=\"Arial, Helvetica, sans-serif\" size=2><\/FONT>\u00a0<\/P><br \/>\n<P><FONT face=\"Arial, Helvetica, sans-serif\" size=2><IMG style=\"WIDTH: 467px; HEIGHT: 183px\" height=208 hspace=8 src=\"https:\/\/smago.de\/img\/bildbox\/1255339107.jpg\" width=517 vspace=8 border=1><\/FONT><\/P><br \/>\n<P><FONT face=\"Arial, Helvetica, sans-serif\" size=2>Ein paar Jahre fr\u00fcher, im Jahre 2003 fiel eine andere TV Show dem Irrsinn zum Opfer. Die &#8222;Musikantenscheune\u201d, mit Petra Kusch-L\u00fcck. Ein TV Programm, welches von 1995 an, aus den Scheunen von Schloss Diedersdorf gesendet wurde, und in der ARD zu sehen war. Auch hier war ich bei jeder Sendung am TV dabei und war echt\u00a0entauscht als die Sendung vom Bildschirm verschwand. <\/FONT><\/P><br \/>\n<P><FONT face=\"Arial, Helvetica, sans-serif\" size=2><\/FONT>\u00a0<\/P><br \/>\n<P><FONT face=\"Arial, Helvetica, sans-serif\" size=2><IMG height=274 hspace=8 src=\"https:\/\/smago.de\/img\/bildbox\/1255339136.jpg\" width=410 vspace=8 border=1><\/FONT><\/P><br \/>\n<P><FONT face=\"Arial, Helvetica, sans-serif\" size=2>Und noch eine Show: Die lustigen Musikanten mit Marianne &#038; Michael. <\/FONT><\/P><br \/>\n<P><FONT face=\"Arial, Helvetica, sans-serif\" size=2>Ich frag mich noch immer, warum wurde dieser \u00fcber beliebte Kultshow, die seit 1971 im ZDF lief, so einfach der Hahn zugedreht wurde. <\/FONT><\/P><br \/>\n<P><FONT face=\"Arial, Helvetica, sans-serif\" size=2><\/FONT>\u00a0<\/P><br \/>\n<P><FONT face=\"Arial, Helvetica, sans-serif\" size=2>Wenn ich \u00fcber dies alles nachdenke werde ich sehr traurig. Warum um Himmels willen wollen die TV Sender immer &#8222;j\u00fcnger\u201d werden. Die heutigen Redakteure finden, dass in der heutigen Zeit alles Hip, laut und rasant sein muss. <\/FONT><\/P><br \/>\n<P><FONT face=\"Arial, Helvetica, sans-serif\" size=2>Ich finde, dass diese Redakteure doch eigentlich gar nicht wissen was sie da tun. <\/FONT><\/P><br \/>\n<P><FONT face=Arial size=2>Von solche Leute kriege ich oft einen spontanen Durchfall&#8230;<\/FONT><\/P><br \/>\n<P><FONT face=\"Arial, Helvetica, sans-serif\" size=2><\/FONT>\u00a0<\/P><br \/>\n<P><FONT face=\"Arial, Helvetica, sans-serif\" size=2>Aber nat\u00fcrlich! Ich weiss auch dass die meisten Schlager und Volksmusikfans der h\u00f6heren Altersgruppe angeh\u00f6ren, aber sind sie deswegen auch nicht mehr ganz richtig im Oberst\u00fcbchen? M\u00fcssen die Liebhaber dieser Musikrichtung in Zukunft heimlich, still und leise in geheimen, illegalen Kan\u00e4len ihre Musik geniessen? Und was ist mit den j\u00fcngeren Leuten die die Liebe zu dieser Musik entdecken? M\u00fcssen die mit ihrer Begabung solang auf dem Dachboden \u00fcben bis sie \u00e4lter geworden sind? Wie sollen dann noch junge Stars entstehen? Die Plattformen werden stets kleiner. J\u00fcngere Artisten k\u00f6nnen nun nicht mehr bei Achim Mentzel ihr k\u00f6nnen unter Beweis stellen. Aber wo dann? <\/FONT><\/P><br \/>\n<P><FONT face=\"Arial, Helvetica, sans-serif\" size=2>Gl\u00fccklicherweise hat dem Musikantenstadl einen Wettstreit der Talente ins Leben gerufen. <\/FONT><\/P><br \/>\n<P><FONT face=\"Arial, Helvetica, sans-serif\" size=2>Bravo! Eine tolle Initiatieve die beweisst das du nicht nur gro\u00dfe Stars n\u00f6tig hast um eine gro\u00dfe Anzahl Zuschauer vor dem Bildschirm zu locken. <\/FONT><\/P><br \/>\n<P><FONT face=\"Arial, Helvetica, sans-serif\" size=2><\/FONT>\u00a0<\/P><br \/>\n<P><FONT face=\"Arial, Helvetica, sans-serif\" size=2>Weiter k\u00f6nnes es die jungen Artisten von heute es eigentlich vergessen. Ja, ok, sie k\u00f6nnen auf einem kleinen TV Sender ihr Talent unter Beweiss stellen, aber das sind dann Sender, die keiner kennt und die nicht richtig wahr genommen werden. Aber was bleibt ihnen anderes \u00fcbrig? <\/FONT><\/P><br \/>\n<P><FONT face=\"Arial, Helvetica, sans-serif\" size=2>Traurig oder? Lasst uns nicht vergessen, diese armen Talente m\u00fcssten doch eigentlich die Nachfolger der heutigen Stars sein, oder werden. <\/FONT><\/P><br \/>\n<P><FONT face=\"Arial, Helvetica, sans-serif\" size=2>Mir, die Macher der Radio und Fersehsendungen m\u00fcssen diese Artisten unterst\u00fctzen. Sonst haben die Herren und Damen Redakteure einen weiteren Grund gefunden die Sendungen ganz abzuschaffen: Es sind ja keine K\u00fcnstler mehr da!!!! <\/FONT><\/P><br \/>\n<P><FONT face=\"Arial, Helvetica, sans-serif\" size=2>Das ich in meinen Radio und TV Produktionen (welche in den Niederlanden auf 6 verschieden TV Sendern und 23 Radio Sendern gesendet werden, und sich Gott sei Dank mit \u00fcberw\u00e4ltigenden Zuschauerzahlen schm\u00fccken darf) neben den gro\u00dfen Stars immer wieder die jungen unbekannten Talenten eine Chance gebe ist f\u00fcr mich eine Selbstverst\u00e4ndlichkeit. In Holland ist eigentlich genau das selbe. Es z\u00e4hlen nur die gro\u00dfen , bekannten Stars, die man aus den gro\u00dfen TV Shows von ARD und ZDF her kennt. Das tut mir leit. <\/FONT><\/P><br \/>\n<P><FONT face=\"Arial, Helvetica, sans-serif\" size=2>Na klar gibt es zwischen den vielen junge &#038;\u00a0neue Talenten auch solche dabei, die besser gleich aufh\u00f6ren sollten, aber dabei sind auch viele Diamanten die es verdient haben, auf hochglanz poliert und geschliffen zu werden. Es w\u00fcrde eine Tods\u00fcnde diese jungen Menschen einfach zu vergessen&#8230;&#8230;.. <\/FONT><\/P><br \/>\n<P><FONT face=\"Arial, Helvetica, sans-serif\" size=2><\/FONT>\u00a0<\/P><br \/>\n<P><FONT face=\"Arial, Helvetica, sans-serif\" size=2>Bleiben Sie Gesund. <\/FONT><\/P><br \/>\n<P><FONT face=\"Arial, Helvetica, sans-serif\" size=2>Ihr Wijbrand.<\/FONT> <\/P><br \/>\n<P>\u00a0<\/P><br \/>\n<P align=center><A href=\"http:\/\/www.spiel.nl\/\"><FONT face=\"Arial, Helvetica, sans-serif\" size=2>www.spiel.nl<\/FONT><\/A> <\/P><\/p>\n<p>WvS<\/p>\n<p><\/p>\n","protected":false},"excerpt":{"rendered":"<p>Wijbrand van der Sande ist Radio- und Fernsehmoderator auf dem Gebiet der Schlager und Volksmusik. Er ist der Meinung das<\/p>\n","protected":false},"author":2,"featured_media":118949,"comment_status":"open","ping_status":"open","sticky":false,"template":"","format":"standard","meta":{"_FSMCFIC_featured_image_caption":"","_FSMCFIC_featured_image_nocaption":"","_FSMCFIC_featured_image_hide":""},"categories":[5],"tags":[],"acf":[],"_links":{"self":[{"href":"https:\/\/smago.de\/ws2\/wp-json\/wp\/v2\/posts\/118948"}],"collection":[{"href":"https:\/\/smago.de\/ws2\/wp-json\/wp\/v2\/posts"}],"about":[{"href":"https:\/\/smago.de\/ws2\/wp-json\/wp\/v2\/types\/post"}],"author":[{"embeddable":true,"href":"https:\/\/smago.de\/ws2\/wp-json\/wp\/v2\/users\/2"}],"replies":[{"embeddable":true,"href":"https:\/\/smago.de\/ws2\/wp-json\/wp\/v2\/comments?post=118948"}],"version-history":[{"count":0,"href":"https:\/\/smago.de\/ws2\/wp-json\/wp\/v2\/posts\/118948\/revisions"}],"wp:featuredmedia":[{"embeddable":true,"href":"https:\/\/smago.de\/ws2\/wp-json\/wp\/v2\/media\/118949"}],"wp:attachment":[{"href":"https:\/\/smago.de\/ws2\/wp-json\/wp\/v2\/media?parent=118948"}],"wp:term":[{"taxonomy":"category","embeddable":true,"href":"https:\/\/smago.de\/ws2\/wp-json\/wp\/v2\/categories?post=118948"},{"taxonomy":"post_tag","embeddable":true,"href":"https:\/\/smago.de\/ws2\/wp-json\/wp\/v2\/tags?post=118948"}],"curies":[{"name":"wp","href":"https:\/\/api.w.org\/{rel}","templated":true}]}}