{"id":118942,"date":"2010-03-27T00:00:00","date_gmt":"2010-03-27T00:00:00","guid":{"rendered":"https:\/\/smago.de\/ws\/?p=118942"},"modified":"-0001-11-30T00:00:00","modified_gmt":"-0001-11-29T22:00:00","slug":"DAGMAR-KOLLER-ROLF-ANUSCHKA-ZUCKOWSKI-u-118941","status":"publish","type":"post","link":"https:\/\/smago.de\/ws2\/smago-informiert\/DAGMAR-KOLLER-ROLF-ANUSCHKA-ZUCKOWSKI-u-118941\/","title":{"rendered":"DAGMAR KOLLER, ROLF &#038; ANUSCHKA ZUCKOWSKI u.a.<br> Heute (27.03.2010) in der Talk-Show &#8222;Menschen der Woche&#8220; zu Gast!"},"content":{"rendered":"<p>S\u00fcdwest Fernsehen, 22.15 Uhr &#8211; 23.30 Uhr! Mod.: Frank Elstner!\u00a0 <!-more-><P align=justify><STRONG><BR><BR><BR><BR><BR><BR><BR>Dagmar Koller<BR><\/P><\/STRONG><br \/>\n<DIV class=bildbox-rechts align=justify><br \/>\n<DIV style=\"WIDTH: 7.5em\" class=menschen-der-woche><br \/>\n<P><STRONG><IMG style=\"WIDTH: 7.5em; HEIGHT: 10em\" title=\"(Quelle: picture-alliance \/ dpa)\" alt=\"Dagmar Koller\" src=\"http:\/\/1.2.3.13\/bmi\/www.swr.de\/-\/id=6172498\/property=detail\/width=120\/height=160\/pubVersion=1\/ibkv3j\/index.jpg\"><\/STRONG><\/P><\/DIV><\/DIV><br \/>\n<DIV style=\"DISPLAY: none\" class=bildbox-minuszoom-rechts align=justify><STRONG><\/STRONG><\/DIV><br \/>\n<DIV style=\"DISPLAY: none\" class=clearing align=justify><STRONG><\/STRONG><\/DIV><br \/>\n<DIV style=\"DISPLAY: none\" class=tracking align=justify><STRONG><\/STRONG><\/DIV><br \/>\n<P align=justify>Sie feierte vor allem als Operetten- und Musicaldarstellerin gro\u00dfe Erfolge, machte international Karriere als S\u00e4ngerin, T\u00e4nzerin und Schauspielerin. Im Oktober 2008 starb ihr Mann, Wiens Ex-B\u00fcrgermeister Dr. Helmut Zilk. Die Trauer dar\u00fcber war so stark, dass Dagmar Koller zeitweilig ihre Stimme verlor. Inzwischen hat sie wieder ins Leben zur\u00fcckgefunden, auch wenn sie sagt, dass sie den Tod bis heute nicht verkraftet hat.<\/P><br \/>\n<P align=justify><BR><B>Lisa Martinek<\/B><BR><\/P><br \/>\n<DIV class=bildbox-links align=justify><br \/>\n<DIV style=\"WIDTH: 7.5em\" class=menschen-der-woche><br \/>\n<P><IMG style=\"WIDTH: 7.5em; HEIGHT: 10em\" title=\"(Quelle: picture-alliance \/ dpa)\" alt=\"Lisa Martinek\" src=\"http:\/\/1.2.3.9\/bmi\/www.swr.de\/-\/id=6172548\/property=detail\/width=120\/height=160\/pubVersion=1\/1m86wu4\/index.jpg\"><\/P><\/DIV><\/DIV><br \/>\n<DIV style=\"DISPLAY: none\" class=bildbox-minuszoom-links align=justify><\/DIV><br \/>\n<DIV style=\"DISPLAY: none\" class=clearing align=justify><\/DIV><br \/>\n<DIV style=\"DISPLAY: none\" class=tracking align=justify><\/DIV><br \/>\n<P align=justify>Im Monat April ist die beliebte Schauspielrein auf allen Kan\u00e4len zu sehen. Ob Drama Krimi oder Kom\u00f6die \u2013 Lisa Martinek f\u00fchlt sich in jedem Genre zuhause. Im aktuellen &#8222;Tatort&#8220; aus Stuttgart (Ausstrahlung am 25. April im Ersten) wird man ihre urspr\u00fcngliche Heimat sogar h\u00f6ren: Lisa Martinek ist in Stuttgart geboren und in Schwaben aufgewachsen. &#8222;Schw\u00e4beln&#8220; ist f\u00fcr die Wahlm\u00fcnchnerin kein Problem.<\/P><br \/>\n<P align=justify><BR>\u00a0<\/P><br \/>\n<P align=justify><B>Rolf und Anuschka Zuckowski<\/B><BR><\/P><br \/>\n<DIV class=bildbox-links align=justify><br \/>\n<DIV style=\"WIDTH: 10em\" class=menschen-der-woche><br \/>\n<P><IMG style=\"WIDTH: 10em; HEIGHT: 7.5em\" title=\"(Quelle: picture-alliance \/ dpa)\" alt=\"Rolf &#038; Anuschka Zuckowski\" src=\"http:\/\/1.2.3.13\/bmi\/www.swr.de\/-\/id=6172576\/property=detail\/width=160\/height=120\/pubVersion=1\/1y92iqq\/index.jpg\"><\/P><\/DIV><\/DIV><br \/>\n<DIV style=\"DISPLAY: none\" class=bildbox-minuszoom-links align=justify><\/DIV><br \/>\n<DIV style=\"DISPLAY: none\" class=clearing align=justify><\/DIV><br \/>\n<DIV style=\"DISPLAY: none\" class=tracking align=justify><\/DIV><br \/>\n<P align=justify>Er ist Deutschlands bekanntester Kinderliedermacher und hat 15 Millionen Platten verkauft. Ohne seine Tochter, Anuschka, h\u00e4tte es vielleicht einen Gro\u00dfteil seiner fr\u00f6hlichen Kinderlieder nicht gegeben. Als Kind sorgte sie f\u00fcr jede Menge Inspiration, neue Textzeilen und Tonfolgen und war von Anfang an bei Rolf und seinen Freunden dabei. Jetzt sind beide gemeinsam auf Tournee.<\/P><br \/>\n<P align=justify><BR><B>Prof. Michael Madeja<\/B><BR><BR>Der Neurowissenschaftler Michael Madeja ist Experte f\u00fcr Hirnerkrankungen wie Alzheimer, Demenz, Epilepsie und Schlaganfall. In seinem neuen Buch &#8222;Das kleine Buch vom Gehirn&#8220; geht es jedoch nicht um Krankheiten, sondern um das Gehirn und seine Funktionen, um das Wunderwerk in unserem Kopf. Madeja erz\u00e4hlt anschaulich von den Bausteinen, aus denen das Gehirn besteht, wie es sich entwickelt und zu welchen H\u00f6chstleistungen es f\u00e4hig ist.<\/P><br \/>\n<P align=justify><BR>\u00a0<\/P><br \/>\n<P align=justify><B>Alexandra Lang<\/B><BR><\/P><br \/>\n<DIV class=bildbox-rechts align=justify><br \/>\n<DIV style=\"WIDTH: 7.5em\" class=menschen-der-woche><br \/>\n<P><IMG style=\"WIDTH: 7.5em; HEIGHT: 10em\" title=\"(Quelle: picture-alliance \/ dpa)\" alt=\"Alexandra Lang\" src=\"http:\/\/1.2.3.13\/bmi\/www.swr.de\/-\/id=6172588\/property=detail\/width=120\/height=160\/pubVersion=1\/nm4tnn\/index.jpg\"><\/P><\/DIV><\/DIV><br \/>\n<DIV style=\"DISPLAY: none\" class=bildbox-minuszoom-rechts align=justify><\/DIV><br \/>\n<DIV style=\"DISPLAY: none\" class=clearing align=justify><\/DIV><br \/>\n<DIV style=\"DISPLAY: none\" class=tracking align=justify><\/DIV><br \/>\n<P align=justify>Ihre s\u00fc\u00dfen Kreationen verz\u00fccken Dessert-Fans. Alexandra Lang ist gerade mal 25 Jahre alt und erhielt als erste Frau die Auszeichnung &#8222;Patissier des Jahres&#8220;. Ihr Handwerk hat die Meersburgerin von der Pike auf gelernt. Sie absolvierte eine Konditorlehre, arbeitete in einigen der besten Gourmet-Restaurants und perfektionierte ihr K\u00f6nnen bei Sternekoch Harald Wohlfahrt. Ihre eigenen Desserts und Pralinen isst Alexandra Lang \u00fcbrigens selten, ein herzhaftes Steak ist ihr lieber als Schokolade.<\/P><\/p>\n<p>SWR<\/p>\n<p><\/p>\n","protected":false},"excerpt":{"rendered":"<p>S\u00fcdwest Fernsehen, 22.15 Uhr &#8211; 23.30 Uhr! Mod.: Frank Elstner!\u00a0 Dagmar Koller Sie feierte vor allem als Operetten- und Musicaldarstellerin<\/p>\n","protected":false},"author":2,"featured_media":118943,"comment_status":"open","ping_status":"open","sticky":false,"template":"","format":"standard","meta":{"_FSMCFIC_featured_image_caption":"","_FSMCFIC_featured_image_nocaption":"","_FSMCFIC_featured_image_hide":""},"categories":[33],"tags":[],"acf":[],"_links":{"self":[{"href":"https:\/\/smago.de\/ws2\/wp-json\/wp\/v2\/posts\/118942"}],"collection":[{"href":"https:\/\/smago.de\/ws2\/wp-json\/wp\/v2\/posts"}],"about":[{"href":"https:\/\/smago.de\/ws2\/wp-json\/wp\/v2\/types\/post"}],"author":[{"embeddable":true,"href":"https:\/\/smago.de\/ws2\/wp-json\/wp\/v2\/users\/2"}],"replies":[{"embeddable":true,"href":"https:\/\/smago.de\/ws2\/wp-json\/wp\/v2\/comments?post=118942"}],"version-history":[{"count":0,"href":"https:\/\/smago.de\/ws2\/wp-json\/wp\/v2\/posts\/118942\/revisions"}],"wp:featuredmedia":[{"embeddable":true,"href":"https:\/\/smago.de\/ws2\/wp-json\/wp\/v2\/media\/118943"}],"wp:attachment":[{"href":"https:\/\/smago.de\/ws2\/wp-json\/wp\/v2\/media?parent=118942"}],"wp:term":[{"taxonomy":"category","embeddable":true,"href":"https:\/\/smago.de\/ws2\/wp-json\/wp\/v2\/categories?post=118942"},{"taxonomy":"post_tag","embeddable":true,"href":"https:\/\/smago.de\/ws2\/wp-json\/wp\/v2\/tags?post=118942"}],"curies":[{"name":"wp","href":"https:\/\/api.w.org\/{rel}","templated":true}]}}