{"id":118918,"date":"2011-09-01T15:30:00","date_gmt":"2011-09-01T15:30:00","guid":{"rendered":"https:\/\/smago.de\/ws\/?p=118918"},"modified":"-0001-11-30T00:00:00","modified_gmt":"-0001-11-29T22:00:00","slug":"UNIVERSAL-MUSIC%3Cbr%3E-Beste-Aussichten-118917","status":"publish","type":"post","link":"https:\/\/smago.de\/ws2\/pop\/UNIVERSAL-MUSIC%3Cbr%3E-Beste-Aussichten-118917\/","title":{"rendered":"UNIVERSAL MUSIC<br> Beste Aussichten f\u00fcr den Herbst!"},"content":{"rendered":"<p>Soeben k\u00fcndigte Frank Briegmann den fulminanten Start-Act der Tagung, Tori Amos an! (Informationen \u00fcber weitere Stars und Pr\u00e4sentationen folgen!)\u00a0 <!-more-><B><br \/>\n<P align=justify>Berlin, 01.09.2011<\/B> \/ UNIVERSAL MUSIC h\u00e4lt zur Stunde in Berlin seine j\u00e4hrliche Jahrestagung ab und stellt die Highlights der kommenden Saison vor. Die UNIVERSAL INSIDE genannte Veranstaltung liefert auch vielen Medien- und Vertriebspartnern einen Vorgeschmack auf das wichtige vierte Quartal. Die Tagung enth\u00e4lt in diesem Jahr noch mehr Live-Auftritte und \u00f6ffnet sich zum Nachmittag erstmals einem im Vergleich zu den Vorjahren erweiterten Kreis von Partnern. Die einzelnen Units pr\u00e4sentieren sich und ihre K\u00fcnstler im geschichtstr\u00e4chtigen Berliner Admiralspalast. Traditionell endet der Tag heute Abend mit einer gro\u00dfen Party und noch mehr Live-Acts.<BR><BR><B>Frank Briegmann<\/B> (President UNIVERSAL MUSIC Deutschland, \u00d6sterreich, Schweiz und Deutsche Grammophon) konnte in seiner Begr\u00fc\u00dfung auch in diesem Jahr wieder feststellen, dass das Unternehmen mit 25,4 % Marktanteil YTD nach wie vor die unangefochtene Nummer 1 auf dem Musikmarkt ist. Insgesamt konnten wieder sieben neue Acts die Goldmarke knacken. Die erfolgreichen K\u00fcnstler sind <B>Aloe Blacc, Caro Emerald, Max Raabe, Pietro Lombardi, Sarah Engels, Sascha Grammel<\/B> und <B>Volbeat<\/B>. Auch bei den Chartanteilen ist das Unternehmen mit 33,8 % (YTD Longplay) und 44,1 % (YTD Singles) wieder mit Abstand f\u00fchrend. Nahezu jeder zweite Charttitel kommt auch in diesem Jahr aus unserem Haus. Das zeigen ebenfalls die insgesamt 45 Gold- und Platin-Auszeichnungen sowie der Erfolg, bei den letzten ECHO Verleihungen die <I>&#8222;absolute Mehrheit&#8220;<\/I> aller an jenem Abend verliehenen Preise erreicht zu haben. <B>Frank Briegmann<\/B> hob die Herausforderungen eines nach wie vor r\u00fcckl\u00e4ufigen Gesamtmarkts und unsicherer Wirtschaftsaussichten hervor. Er forderte die Anwesenden auf, neu zu denken, innovative Strategien zu entwickeln und vor allem Routinen zu durchbrechen. Die Schaffung von Synergien innerhalb des Unternehmens aber auch weit dar\u00fcber hinaus werde entscheidend sein f\u00fcr zuk\u00fcnftige Erfolge. Zu den entsprechenden Ma\u00dfnahmen geh\u00f6rt auch die R\u00fcckkehr der <B>Deutschen Grammophon <\/B>nach Berlin. Das Traditionslabel vereint damit wieder Produktion und Marketing an einem Standort. <B>Frank Briegmann<\/B> mahnte erneut auch eine L\u00f6sung im Konflikt zwischen GEMA und YouTube an und bem\u00e4ngelte den Stillstand im Bereich des Urheberrechts. Zum Schluss gab <B>Frank Briegmann<\/B> einen Vorgeschmack auf den Herbst und die zahlreichen H\u00f6hepunkte unter den anstehenden UNIVERSAL MUSIC Ver\u00f6ffentlichungen.<BR><BR>Soeben k\u00fcndigte <B>Frank Briegmann<\/B> den fulminanten Start-Act der Tagung, <B>Tori Amos<\/B> an. Informationen \u00fcber weitere Stars und Pr\u00e4sentationen folgen.<BR><BR><B>Frank Briegmann<\/B>, President UNIVERSAL MUSIC Deutschland, \u00d6sterreich, Schweiz und Deutsche Grammophon: <I>&#8222;Nach einem fulminanten Jahr 2010 belegen wir erneut die Spitzenposition im deutschen Musikmarkt, und zwar wieder mit gro\u00dfem Abstand. Es ist uns gelungen, sowohl viele neue Acts zu etablieren und damit den zuk\u00fcnftigen Erfolg zu sichern als auch etablierte K\u00fcnstler hervorragend zu positionieren. Wir haben insbesondere im nationalen Bereich einen gro\u00dfartigen Release-Schedule f\u00fcr die Saison. Ich sehe daher dem Herbst voller Optimismus entgegen und freue mich mit den Kollegen, Medien- und Vertriebspartnern auf ein erfolgreiches Jahresendgesch\u00e4ft.&#8220;<BR><BR><BR><\/I><BR><BR><I>Bildunterschrift: (v.l.n.r.) Christian Kellersmann, Managing Director Universal Music Classics &#038; Jazz, Tori Amos, Frank Briegmann, President Universal Music Deutschland, \u00d6sterreich, Schweiz und Deutsche Grammophon<\/I><\/P><\/p>\n<p>Universal<\/p>\n<p><\/p>\n","protected":false},"excerpt":{"rendered":"<p>Soeben k\u00fcndigte Frank Briegmann den fulminanten Start-Act der Tagung, Tori Amos an! (Informationen \u00fcber weitere Stars und Pr\u00e4sentationen folgen!)\u00a0 Berlin,<\/p>\n","protected":false},"author":2,"featured_media":118919,"comment_status":"open","ping_status":"open","sticky":false,"template":"","format":"standard","meta":{"_FSMCFIC_featured_image_caption":"","_FSMCFIC_featured_image_nocaption":"","_FSMCFIC_featured_image_hide":""},"categories":[27],"tags":[],"acf":[],"_links":{"self":[{"href":"https:\/\/smago.de\/ws2\/wp-json\/wp\/v2\/posts\/118918"}],"collection":[{"href":"https:\/\/smago.de\/ws2\/wp-json\/wp\/v2\/posts"}],"about":[{"href":"https:\/\/smago.de\/ws2\/wp-json\/wp\/v2\/types\/post"}],"author":[{"embeddable":true,"href":"https:\/\/smago.de\/ws2\/wp-json\/wp\/v2\/users\/2"}],"replies":[{"embeddable":true,"href":"https:\/\/smago.de\/ws2\/wp-json\/wp\/v2\/comments?post=118918"}],"version-history":[{"count":0,"href":"https:\/\/smago.de\/ws2\/wp-json\/wp\/v2\/posts\/118918\/revisions"}],"wp:featuredmedia":[{"embeddable":true,"href":"https:\/\/smago.de\/ws2\/wp-json\/wp\/v2\/media\/118919"}],"wp:attachment":[{"href":"https:\/\/smago.de\/ws2\/wp-json\/wp\/v2\/media?parent=118918"}],"wp:term":[{"taxonomy":"category","embeddable":true,"href":"https:\/\/smago.de\/ws2\/wp-json\/wp\/v2\/categories?post=118918"},{"taxonomy":"post_tag","embeddable":true,"href":"https:\/\/smago.de\/ws2\/wp-json\/wp\/v2\/tags?post=118918"}],"curies":[{"name":"wp","href":"https:\/\/api.w.org\/{rel}","templated":true}]}}