{"id":118897,"date":"2013-02-05T00:00:00","date_gmt":"2013-02-05T00:00:00","guid":{"rendered":"https:\/\/smago.de\/ws\/?p=118897"},"modified":"-0001-11-30T00:00:00","modified_gmt":"-0001-11-29T22:00:00","slug":"GG-ANDERSON-Die-CD-quotSan-Val-118896","status":"publish","type":"post","link":"https:\/\/smago.de\/ws2\/schlager\/GG-ANDERSON-Die-CD-quotSan-Val-118896\/","title":{"rendered":"G.G. ANDERSON <br \/> Die CD &#8222;San Valentino&#8220; bleibt &#8211; noch &#8211; etwas hinter den Verkaufserwartungen zur\u00fcck!"},"content":{"rendered":"<p>Warum es dennoch Anlass zur Freude gibt&#8230;:\u00a0 <!-more->TELAMO-Neuzugang G.G. ANDERSON hat es mit seiner neuen CD &#8222;San Valentino&#8220; auf Platz 34 der deutschen Album-Charts geschafft. Das ist nun wahrlich kein Ergebnis, f\u00fcr das man sich jetzt sch\u00e4men m\u00fcsste. Und zudem: Sieht man von seinem 2010-er Album &#8222;Besser geht nicht&#8220; einmal ab, ist es sogar sein in den Top 100-Charts erfolgreichstes seit 1986 (mit der LP &#8222;Ich glaube an die Z\u00e4rtlichkeit&#8220;).<\/p>\n<p>Allerdings hatte G.G. im exklusiven smago! Interview mit einer Top 30-Notierung gelieb\u00e4ugelt: &#8222;Ich w\u00e4re mit Top 30 zufrieden&#8220;, hatte er zu Protokoll gegeben. Und weiter ausgef\u00fchrt: &#8222;Die Plattenfirma setzt etwas h\u00f6her an ((Top 10, die Redaktion)). Bei meinen ersten Tests, die ich gemacht habe, sieht es wirklich so aus, dass die neuen Songs extrem gut ankommen. Vielleicht geht ja mehr als Top 30. Vielleicht geht Top 20. Wenn wir ein unheimliches Schwein haben, vielleicht Top 10. Damit w\u00fcrde nat\u00fcrlich ein Traum in Erf\u00fcllung gehen. Aber wie gesagt: Ich w\u00e4re mit Top 30 sehr zufrieden. Ich bin ja auch bis April auf Tournee, im Rahmen derer ich den einen oder anderen Titel austesten werde. Wir lassen uns einfach mal \u00fcberraschen.&#8220;<\/p>\n<p>Zumindest in \u00d6sterreich hat es mit der von G.G. Anderson gew\u00fcnschten Top 30-Platzierung geklappt (Position 22).<\/p>\n<p>Und: In den Radio-Charts &#8222;Deutschland Konservativ&#8220; l\u00e4uft es auch nicht schlecht f\u00fcr den Titelsong&#8230;<\/p>\n<p>Andy Tichler, Chefredakteur www.smago.de<\/p>\n<p><\/p>\n","protected":false},"excerpt":{"rendered":"<p>Warum es dennoch Anlass zur Freude gibt&#8230;:\u00a0 TELAMO-Neuzugang G.G. ANDERSON hat es mit seiner neuen CD &#8222;San Valentino&#8220; auf Platz<\/p>\n","protected":false},"author":2,"featured_media":118898,"comment_status":"open","ping_status":"open","sticky":false,"template":"","format":"standard","meta":{"_FSMCFIC_featured_image_caption":"","_FSMCFIC_featured_image_nocaption":"","_FSMCFIC_featured_image_hide":""},"categories":[29],"tags":[],"acf":[],"_links":{"self":[{"href":"https:\/\/smago.de\/ws2\/wp-json\/wp\/v2\/posts\/118897"}],"collection":[{"href":"https:\/\/smago.de\/ws2\/wp-json\/wp\/v2\/posts"}],"about":[{"href":"https:\/\/smago.de\/ws2\/wp-json\/wp\/v2\/types\/post"}],"author":[{"embeddable":true,"href":"https:\/\/smago.de\/ws2\/wp-json\/wp\/v2\/users\/2"}],"replies":[{"embeddable":true,"href":"https:\/\/smago.de\/ws2\/wp-json\/wp\/v2\/comments?post=118897"}],"version-history":[{"count":0,"href":"https:\/\/smago.de\/ws2\/wp-json\/wp\/v2\/posts\/118897\/revisions"}],"wp:featuredmedia":[{"embeddable":true,"href":"https:\/\/smago.de\/ws2\/wp-json\/wp\/v2\/media\/118898"}],"wp:attachment":[{"href":"https:\/\/smago.de\/ws2\/wp-json\/wp\/v2\/media?parent=118897"}],"wp:term":[{"taxonomy":"category","embeddable":true,"href":"https:\/\/smago.de\/ws2\/wp-json\/wp\/v2\/categories?post=118897"},{"taxonomy":"post_tag","embeddable":true,"href":"https:\/\/smago.de\/ws2\/wp-json\/wp\/v2\/tags?post=118897"}],"curies":[{"name":"wp","href":"https:\/\/api.w.org\/{rel}","templated":true}]}}